{"id":90,"date":"2006-11-05T21:04:32","date_gmt":"2006-11-05T19:04:32","guid":{"rendered":"http:\/\/www.meinweinkeller.ch\/weinclub\/uncategorized\/do-degustation-vom-9-november-2006-viva-italia\/"},"modified":"2006-11-05T21:04:32","modified_gmt":"2006-11-05T19:04:32","slug":"do-degustation-vom-9-november-2006-viva-italia","status":"publish","type":"post","link":"https:\/\/www.meinweinkeller.ch\/weinclub\/donnerstag-degustationen\/do-degustation-vom-9-november-2006-viva-italia\/","title":{"rendered":"Do-Degustation vom 9. November 2006: Viva Italia!"},"content":{"rendered":"<p>Ein genussreicher Abend im kleinen Kreis mit vier herrlichen Weinen:<br \/>\n&#8211; Lis Negris, Friaul, Pinot Grigio, 3 Meinweinkellergl\u00e4ser<br \/>\n&#8211; Barolo Prunotto 1999, 4 Gl\u00e4ser<br \/>\n&#8211; 5-Stelle, Sfurzat, Nino Negri, Veltlin 1999, 3-4 Gl\u00e4ser<br \/>\n&#8211; Amarone, 3-4 Gl\u00e4ser<br \/>\n<!--more--><br \/>\n&#8211; Lis Negris, Friaul, Pinot Grigio:<br \/>\nkr\u00e4ftiger Abgang, f\u00fcr einige w\u00e4ssrig, Mandeln, Marzipan, sch\u00f6ne Frucht<br \/>\n&#8211; Barolo Prunotto 1999<br \/>\nLeder, Kaffee, dunkle Beeren, \u00f6lig, lang, aristokratisch, leichte Altersnoten<br \/>\n&#8211; 5-Stelle, Sfurzat, Nino Negri, Veltlin 1999<br \/>\nverwelktes Laub, Tee, leicht schweflig, modern, seftig, feurig, breit, pr\u00e4gnante S\u00e4ure, lang<br \/>\n&#8211; Amarone<br \/>\nFeurige Frucht, Pflaumen, wie leichter Port, cremig, lang<\/p>\n","protected":false},"excerpt":{"rendered":"<p>Ein genussreicher Abend im kleinen Kreis mit vier herrlichen Weinen: &#8211; Lis Negris, Friaul, Pinot Grigio, 3 Meinweinkellergl\u00e4ser &#8211; Barolo Prunotto 1999, 4 Gl\u00e4ser &#8211; 5-Stelle, Sfurzat, Nino Negri, Veltlin 1999, 3-4 Gl\u00e4ser &#8211; Amarone, 3-4 Gl\u00e4ser<\/p>\n","protected":false},"author":1,"featured_media":0,"comment_status":"open","ping_status":"open","sticky":false,"template":"","format":"standard","meta":{"footnotes":""},"categories":[4],"tags":[19,62],"class_list":["post-90","post","type-post","status-publish","format-standard","hentry","category-donnerstag-degustationen","tag-degustation","tag-wein"],"_links":{"self":[{"href":"https:\/\/www.meinweinkeller.ch\/weinclub\/wp-json\/wp\/v2\/posts\/90","targetHints":{"allow":["GET"]}}],"collection":[{"href":"https:\/\/www.meinweinkeller.ch\/weinclub\/wp-json\/wp\/v2\/posts"}],"about":[{"href":"https:\/\/www.meinweinkeller.ch\/weinclub\/wp-json\/wp\/v2\/types\/post"}],"author":[{"embeddable":true,"href":"https:\/\/www.meinweinkeller.ch\/weinclub\/wp-json\/wp\/v2\/users\/1"}],"replies":[{"embeddable":true,"href":"https:\/\/www.meinweinkeller.ch\/weinclub\/wp-json\/wp\/v2\/comments?post=90"}],"version-history":[{"count":0,"href":"https:\/\/www.meinweinkeller.ch\/weinclub\/wp-json\/wp\/v2\/posts\/90\/revisions"}],"wp:attachment":[{"href":"https:\/\/www.meinweinkeller.ch\/weinclub\/wp-json\/wp\/v2\/media?parent=90"}],"wp:term":[{"taxonomy":"category","embeddable":true,"href":"https:\/\/www.meinweinkeller.ch\/weinclub\/wp-json\/wp\/v2\/categories?post=90"},{"taxonomy":"post_tag","embeddable":true,"href":"https:\/\/www.meinweinkeller.ch\/weinclub\/wp-json\/wp\/v2\/tags?post=90"}],"curies":[{"name":"wp","href":"https:\/\/api.w.org\/{rel}","templated":true}]}}