{"id":85,"date":"2006-10-09T19:34:15","date_gmt":"2006-10-09T17:34:15","guid":{"rendered":"http:\/\/www.meinweinkeller.ch\/weinclub\/uncategorized\/donnerstag-12-oktober-2006-piemont\/"},"modified":"2006-10-09T19:34:15","modified_gmt":"2006-10-09T17:34:15","slug":"donnerstag-12-oktober-2006-piemont","status":"publish","type":"post","link":"https:\/\/www.meinweinkeller.ch\/weinclub\/donnerstag-degustationen\/donnerstag-12-oktober-2006-piemont\/","title":{"rendered":"Donnerstag, 12. Oktober 2006: Piemont"},"content":{"rendered":"<p>Ein Abend im Piemont!<br \/>\nDie G\u00e4ste haben aus dem Weinkeller gew\u00e4hlt:<br \/>\nWeisswein, Spezial &#8211; wo ist Osimo?! &#8211; zu gewinnen eine Flasche Wein, wer \u00fcber die Weingeschichte von Osimo etwas weiss &#8211; Johnson weiss es jedenfalls nicht.<br \/>\n&#8211; Arte 1994<br \/>\n&#8211; Prunotto, Barbera d&#8217;Asti 1990<\/p>\n","protected":false},"excerpt":{"rendered":"<p>Ein Abend im Piemont! Die G\u00e4ste haben aus dem Weinkeller gew\u00e4hlt: Weisswein, Spezial &#8211; wo ist Osimo?! &#8211; zu gewinnen eine Flasche Wein, wer \u00fcber die Weingeschichte von Osimo etwas weiss &#8211; Johnson weiss es jedenfalls nicht. &#8211; Arte 1994 &hellip; <a href=\"https:\/\/www.meinweinkeller.ch\/weinclub\/donnerstag-degustationen\/donnerstag-12-oktober-2006-piemont\/\">Weiterlesen <span class=\"meta-nav\">&rarr;<\/span><\/a><\/p>\n","protected":false},"author":1,"featured_media":0,"comment_status":"open","ping_status":"open","sticky":false,"template":"","format":"standard","meta":{"footnotes":""},"categories":[4],"tags":[19,33,62,64],"class_list":["post-85","post","type-post","status-publish","format-standard","hentry","category-donnerstag-degustationen","tag-degustation","tag-meinweinkeller","tag-wein","tag-winterthur"],"_links":{"self":[{"href":"https:\/\/www.meinweinkeller.ch\/weinclub\/wp-json\/wp\/v2\/posts\/85","targetHints":{"allow":["GET"]}}],"collection":[{"href":"https:\/\/www.meinweinkeller.ch\/weinclub\/wp-json\/wp\/v2\/posts"}],"about":[{"href":"https:\/\/www.meinweinkeller.ch\/weinclub\/wp-json\/wp\/v2\/types\/post"}],"author":[{"embeddable":true,"href":"https:\/\/www.meinweinkeller.ch\/weinclub\/wp-json\/wp\/v2\/users\/1"}],"replies":[{"embeddable":true,"href":"https:\/\/www.meinweinkeller.ch\/weinclub\/wp-json\/wp\/v2\/comments?post=85"}],"version-history":[{"count":0,"href":"https:\/\/www.meinweinkeller.ch\/weinclub\/wp-json\/wp\/v2\/posts\/85\/revisions"}],"wp:attachment":[{"href":"https:\/\/www.meinweinkeller.ch\/weinclub\/wp-json\/wp\/v2\/media?parent=85"}],"wp:term":[{"taxonomy":"category","embeddable":true,"href":"https:\/\/www.meinweinkeller.ch\/weinclub\/wp-json\/wp\/v2\/categories?post=85"},{"taxonomy":"post_tag","embeddable":true,"href":"https:\/\/www.meinweinkeller.ch\/weinclub\/wp-json\/wp\/v2\/tags?post=85"}],"curies":[{"name":"wp","href":"https:\/\/api.w.org\/{rel}","templated":true}]}}