{"id":81,"date":"2006-09-15T07:32:09","date_gmt":"2006-09-15T05:32:09","guid":{"rendered":"http:\/\/www.meinweinkeller.ch\/weinclub\/uncategorized\/do-degustation-vom-21-september-2006-toskana\/"},"modified":"2006-09-15T07:32:09","modified_gmt":"2006-09-15T05:32:09","slug":"do-degustation-vom-21-september-2006-toskana","status":"publish","type":"post","link":"https:\/\/www.meinweinkeller.ch\/weinclub\/donnerstag-degustationen\/do-degustation-vom-21-september-2006-toskana\/","title":{"rendered":"Do-Degustation vom 21. September 2006: Toskana!"},"content":{"rendered":"<p>Wir haben den Bordeaux-Donnerstag f\u00fcr einmal vorgezogen und nehmen uns daf\u00fcr an diesem Donnerstag feine toskanische Weine vor. <br \/>Concerto, Castello di Fonterutoli, 1988<br \/>Castello di Fonterutoli, Chianti Riserva, 1994<br \/>I Capitelli 1994<\/p>\n<p><!--more--><br \/>\nConcerto, Castello di Fonterutoli, 1988:<br \/>\nKeine Spur von M\u00fcde oder Altersnoten &#8211; eine richtige \u00dcberraschung. Glutige Frucht, rote Fr\u00fcchte, edel und lang. Diesen Wein gibt es ja nicht merh und wurde wieder durch den Original Chianti ersetzt:<\/p>\n<p>Castello di Fonterutoli, Chianti Riserva, 1994<br \/>\nWas ist mit diesem Wein los. Ich war schon v\u00f6llig begeistert davon. Dieser wirkt m\u00fcde und mit einem Hauch von Altersnoten mit reifen Zwetschgen. Schade &#8211; muss man wirklich diese 94er schon austrinken?<\/p>\n<p>I Capitelli 1994<br \/>\nMein Lieblinss\u00fcsswein mit viel \u00fcppigen S\u00fcdfr\u00fcchten. Herrliche reife Aprikosen. cremig und sehr lang.<\/p>\n","protected":false},"excerpt":{"rendered":"<p>Wir haben den Bordeaux-Donnerstag f\u00fcr einmal vorgezogen und nehmen uns daf\u00fcr an diesem Donnerstag feine toskanische Weine vor. Concerto, Castello di Fonterutoli, 1988Castello di Fonterutoli, Chianti Riserva, 1994I Capitelli 1994<\/p>\n","protected":false},"author":1,"featured_media":0,"comment_status":"open","ping_status":"open","sticky":false,"template":"","format":"standard","meta":{"footnotes":""},"categories":[4],"tags":[],"class_list":["post-81","post","type-post","status-publish","format-standard","hentry","category-donnerstag-degustationen"],"_links":{"self":[{"href":"https:\/\/www.meinweinkeller.ch\/weinclub\/wp-json\/wp\/v2\/posts\/81","targetHints":{"allow":["GET"]}}],"collection":[{"href":"https:\/\/www.meinweinkeller.ch\/weinclub\/wp-json\/wp\/v2\/posts"}],"about":[{"href":"https:\/\/www.meinweinkeller.ch\/weinclub\/wp-json\/wp\/v2\/types\/post"}],"author":[{"embeddable":true,"href":"https:\/\/www.meinweinkeller.ch\/weinclub\/wp-json\/wp\/v2\/users\/1"}],"replies":[{"embeddable":true,"href":"https:\/\/www.meinweinkeller.ch\/weinclub\/wp-json\/wp\/v2\/comments?post=81"}],"version-history":[{"count":0,"href":"https:\/\/www.meinweinkeller.ch\/weinclub\/wp-json\/wp\/v2\/posts\/81\/revisions"}],"wp:attachment":[{"href":"https:\/\/www.meinweinkeller.ch\/weinclub\/wp-json\/wp\/v2\/media?parent=81"}],"wp:term":[{"taxonomy":"category","embeddable":true,"href":"https:\/\/www.meinweinkeller.ch\/weinclub\/wp-json\/wp\/v2\/categories?post=81"},{"taxonomy":"post_tag","embeddable":true,"href":"https:\/\/www.meinweinkeller.ch\/weinclub\/wp-json\/wp\/v2\/tags?post=81"}],"curies":[{"name":"wp","href":"https:\/\/api.w.org\/{rel}","templated":true}]}}