{"id":7800,"date":"2025-02-21T20:29:40","date_gmt":"2025-02-21T20:29:40","guid":{"rendered":"http:\/\/www.meinweinkeller.ch\/weinclub\/?p=7800"},"modified":"2025-03-01T17:02:47","modified_gmt":"2025-03-01T17:02:47","slug":"donnerstag-27-februar-2025-noerdliche-rhone","status":"publish","type":"post","link":"https:\/\/www.meinweinkeller.ch\/weinclub\/donnerstag-degustationen\/donnerstag-27-februar-2025-noerdliche-rhone\/","title":{"rendered":"Donnerstag, 27. Februar 2025: n\u00f6rdliche Rh\u00f4ne"},"content":{"rendered":"\n<p>Getrunkene Weine:<\/p>\n\n\n\n<p><strong>2021 Condrieu La Petite C\u00f4te, Yves Cuilleron:<\/strong> S\u00fcsse Aprikosen, Pfirsich, Birnen, salzige Mineralit\u00e4t, weisse Bl\u00fcten. Mittelkr\u00e4ftig, frisch, lebendig.<\/p>\n\n\n\n<p><strong>2018 Condrieu Lieu-Dit Verlieu, Yves Cuilleron:<\/strong><a> <\/a>Pfirsich und Birnen, Honig, zerlaufende Butter. \u00d6lig, honig-w\u00fcrzig, wirkt schwer und schon recht fortgeschritten.<\/p>\n\n\n\n<p><strong>2008 Hermitage blanc, Tardieu-Laurent:<\/strong> Berauschend duftend, Vanille, etwas Karamell, Toast, Grapefruith\u00e4utchen, Apfel, Honig, samtig &#8211; sinnbet\u00f6rend wie ein Moment, in dem die Welt f\u00fcr einen Augenblick stillsteht und man sich einfach nur in den Aromen verliert.<\/p>\n\n\n\n<p><strong>2019 Saint-Joseph La Dardouille, Emmanuel Darnaud:<\/strong> Frisch gemahlener Pfeffer, lakritzig, schwarze Schokolade, s\u00fcsse Pflaumen und Cassis, dekadent \u00fcppig und vollmundig, aber schwer, ihm zu wiederstehen.<\/p>\n\n\n\n<p><strong>2020 Saint-Joseph Lieu-Dit, E. Guigal:<\/strong> Brombeerd\u00fcfte umgarnen die Nase, Teer, Lakritz und schwarzer Pfeffer sto\u00dfen dazu, und feink\u00f6rnige Tannine schmiegen sich so elegant an den Gaumen, dass selbst Samt neidisch wird!<\/p>\n\n\n\n<p><strong>2016 Saint-Joseph Vignes de l&#8217;Hospice, E. Guigal:<\/strong> Noch stark vom Holz gepr\u00e4gt, schwarze Schokolade, Vanille, Brombeeren. Enorm w\u00fcrzig, muskul\u00f6s, noch im jugendlichen Alter \u2013 warten!<\/p>\n\n\n\n<p><strong>2015 Hermitage Farconnet, J. L. Chave S\u00e9lection:<\/strong> Nach mehreren Stunden Luft hat sich der <strong>Farconnet 2015 <\/strong>von seinen Stallnoten verabschiedet und kommt jetzt im feinen Zwirn daher \u2013 saftige dunkle Beeren, Veilchen, Pfeffer und schwarze Oliven. Die Brett-Noten? Weggaloppiert! &nbsp;<\/p>\n\n\n\n<p><strong>2010 C\u00f4te-R\u00f4tie La Germine, Duclaux:<\/strong> Diese Flasche ist leider ein trauriges Drama aus fl\u00fcchtigen S\u00e4uren und chemischen Noten \u2013 mehr Nagellackentferner als gro\u00dfe Rh\u00f4ne-Romantik. Schade!<\/p>\n\n\n\n<p><strong>1998 C\u00f4te-R\u00f4tie, Ren\u00e9 Rostaing:<\/strong> Charismatisch, mit einer rauchigen W\u00fcrze, die an gegrillten Speck mit einer ordentlichen Portion Pfeffer erinnert. Am Gaumen schwebt er zwischen Kraft und Finesse, mit einem solchen Charme, dass du kurz \u00fcberlegst, ihm einen Heiratsantrag zu machen.<\/p>\n\n\n\n<p><strong>2018 C\u00f4tes-du-Rh\u00f4ne, Ch\u00e2teau des Tours:<\/strong> Ein rotes Beeren-Festival schleicht sich grazi\u00f6s in den Ballsaal der Weine, wo Aromen von Himbeeren, Kirschen und Erdbeeren wie elegante T\u00e4nzer durch den Raum gleiten \u2013 und dabei weht eindeutig mehr als nur ein Hauch von Rayas her\u00fcber\u2026<\/p>\n\n\n\n<p><\/p>\n\n\n\n<figure class=\"wp-block-image size-large\"><a href=\"https:\/\/www.meinweinkeller.ch\/weinclub\/wp-content\/uploads\/2025\/03\/IMG_1322-scaled.jpeg\"><img loading=\"lazy\" decoding=\"async\" width=\"1024\" height=\"768\" src=\"https:\/\/www.meinweinkeller.ch\/weinclub\/wp-content\/uploads\/2025\/03\/IMG_1322-1024x768.jpeg\" alt=\"\" class=\"wp-image-7809\" srcset=\"https:\/\/www.meinweinkeller.ch\/weinclub\/wp-content\/uploads\/2025\/03\/IMG_1322-1024x768.jpeg 1024w, https:\/\/www.meinweinkeller.ch\/weinclub\/wp-content\/uploads\/2025\/03\/IMG_1322-300x225.jpeg 300w, https:\/\/www.meinweinkeller.ch\/weinclub\/wp-content\/uploads\/2025\/03\/IMG_1322-768x576.jpeg 768w, https:\/\/www.meinweinkeller.ch\/weinclub\/wp-content\/uploads\/2025\/03\/IMG_1322-1536x1152.jpeg 1536w, https:\/\/www.meinweinkeller.ch\/weinclub\/wp-content\/uploads\/2025\/03\/IMG_1322-2048x1536.jpeg 2048w, https:\/\/www.meinweinkeller.ch\/weinclub\/wp-content\/uploads\/2025\/03\/IMG_1322-400x300.jpeg 400w\" sizes=\"auto, (max-width: 1024px) 100vw, 1024px\" \/><\/a><\/figure>\n\n\n\n<p> <\/p>\n\n\n\n<a href=\"https:\/\/www.picktime.com\/f4a1d1e2-e78e-4954-a8fc-d71e935d91c1\" class=\"ptbkbtn\" target=\"_blank\" style=\"float:none;\" rel=\"noopener\"><img decoding=\"async\" border=\"none\" src=\"https:\/\/www.picktime.com\/img\/widgetButtons\/BookingPage\/picktime-book-online-red.png\" alt=\"Book an appointment with MeinWeinkeller\"\/><\/a>\n\n\n\n<p><\/p>\n","protected":false},"excerpt":{"rendered":"<p>Getrunkene Weine: 2021 Condrieu La Petite C\u00f4te, Yves Cuilleron: S\u00fcsse Aprikosen, Pfirsich, Birnen, salzige Mineralit\u00e4t, weisse Bl\u00fcten. Mittelkr\u00e4ftig, frisch, lebendig. 2018 Condrieu Lieu-Dit Verlieu, Yves Cuilleron: Pfirsich und Birnen, Honig, zerlaufende Butter. \u00d6lig, honig-w\u00fcrzig, wirkt schwer und schon recht fortgeschritten. &hellip; <a href=\"https:\/\/www.meinweinkeller.ch\/weinclub\/donnerstag-degustationen\/donnerstag-27-februar-2025-noerdliche-rhone\/\">Weiterlesen <span class=\"meta-nav\">&rarr;<\/span><\/a><\/p>\n","protected":false},"author":1,"featured_media":6943,"comment_status":"closed","ping_status":"closed","sticky":false,"template":"","format":"standard","meta":{"footnotes":""},"categories":[4],"tags":[],"class_list":["post-7800","post","type-post","status-publish","format-standard","has-post-thumbnail","hentry","category-donnerstag-degustationen"],"_links":{"self":[{"href":"https:\/\/www.meinweinkeller.ch\/weinclub\/wp-json\/wp\/v2\/posts\/7800","targetHints":{"allow":["GET"]}}],"collection":[{"href":"https:\/\/www.meinweinkeller.ch\/weinclub\/wp-json\/wp\/v2\/posts"}],"about":[{"href":"https:\/\/www.meinweinkeller.ch\/weinclub\/wp-json\/wp\/v2\/types\/post"}],"author":[{"embeddable":true,"href":"https:\/\/www.meinweinkeller.ch\/weinclub\/wp-json\/wp\/v2\/users\/1"}],"replies":[{"embeddable":true,"href":"https:\/\/www.meinweinkeller.ch\/weinclub\/wp-json\/wp\/v2\/comments?post=7800"}],"version-history":[{"count":4,"href":"https:\/\/www.meinweinkeller.ch\/weinclub\/wp-json\/wp\/v2\/posts\/7800\/revisions"}],"predecessor-version":[{"id":7814,"href":"https:\/\/www.meinweinkeller.ch\/weinclub\/wp-json\/wp\/v2\/posts\/7800\/revisions\/7814"}],"wp:featuredmedia":[{"embeddable":true,"href":"https:\/\/www.meinweinkeller.ch\/weinclub\/wp-json\/wp\/v2\/media\/6943"}],"wp:attachment":[{"href":"https:\/\/www.meinweinkeller.ch\/weinclub\/wp-json\/wp\/v2\/media?parent=7800"}],"wp:term":[{"taxonomy":"category","embeddable":true,"href":"https:\/\/www.meinweinkeller.ch\/weinclub\/wp-json\/wp\/v2\/categories?post=7800"},{"taxonomy":"post_tag","embeddable":true,"href":"https:\/\/www.meinweinkeller.ch\/weinclub\/wp-json\/wp\/v2\/tags?post=7800"}],"curies":[{"name":"wp","href":"https:\/\/api.w.org\/{rel}","templated":true}]}}