{"id":7667,"date":"2024-11-30T19:12:38","date_gmt":"2024-11-30T19:12:38","guid":{"rendered":"http:\/\/www.meinweinkeller.ch\/weinclub\/?p=7667"},"modified":"2024-12-14T17:55:04","modified_gmt":"2024-12-14T17:55:04","slug":"donnerstag-5-dezember-2024-priorat-monsant-trouvaillen","status":"publish","type":"post","link":"https:\/\/www.meinweinkeller.ch\/weinclub\/donnerstag-degustationen\/donnerstag-5-dezember-2024-priorat-monsant-trouvaillen\/","title":{"rendered":"Donnerstag, 5. Dezember 2024: Priorat &#038; Montsant Trouvaillen"},"content":{"rendered":"\n<p> Getrunkene Weine:<\/p>\n\n\n\n<p><strong>2018 Blanc de Noirs, Scala Dei:<\/strong> Akazienhonig, blumig, Wachs, ordentlich S\u00fcsse im leicht bitteren Finale.<\/p>\n\n\n\n<p><strong>2019 Selma, Nin-Ortiz:<\/strong> Estragon, Kr\u00e4utermischung, blumig, rauchig, am Gaumen mit guter S\u00e4ure, vollmundig, sinnlich.<\/p>\n\n\n\n<p><strong>2015 Pedra de Guix, Terroir al L\u00edmit:<\/strong> Honig, Orangenschale, Petrol, Feuerstein, knochentrocken, langer Abgang.<\/p>\n\n\n\n<p><strong>2021 Rocall\u00f3s, Mas Alta:<\/strong> Fruchtintensiv, dezent Stall, Graphit, etwas Schiesspulver. \u00dcppig, vollmundig, s\u00fcssliches, recht langes Finale.<\/p>\n\n\n\n<p><strong>2016 Clos Font\u00e0, Mas d&#8217;En Gil:<\/strong> Schwarze Fr\u00fcchte, Zimt, Zwetschgen, schwarzer Schiefer, Graphit, Macchia. Kr\u00e4ftig, ausgewogen, mit lebendiger S\u00e4ure und einem sehr langen, druckvollen Finale.<\/p>\n\n\n\n<p><strong>2018 Nit de Nin La Coma d&#8217;En Romeu, Nin-Ortiz:<\/strong> Tiefe, Ausdruck, Authentizit\u00e4t \u2013 kurz, ein majest\u00e4tisches Meisterwerk, das mit seiner faszinierenden Komplexit\u00e4t jeden Schluck zu einem unvergesslichen Erlebnis macht!<\/p>\n\n\n\n<p><strong>2015 Dits del Terra, Terroir al L\u00edmit:<\/strong> 100% Cari\u00f1ena. Ein Hauch von Animalik, Harz, viel Mineralit\u00e4t, Blumen, w\u00fcrzig. Am Gaumen vollmundig, echte Struktur, grossartige L\u00e4nge.<\/p>\n\n\n\n<p><strong>2015 Clos Mogador, Isabelle I Ren\u00e9 Barbier:<\/strong> Kirschen, eigenartige Lacknote, die sich leider nicht verfl\u00fcchtigt, blumige, w\u00fcrzige Noten, laktisch, Zimt. Am Gaumen ist der hohe Alkohol sp\u00fcrbar, rund, f\u00fcllig, langes Finale.<\/p>\n\n\n\n<p><strong>2005 Abellars Finca Mas De L&#8217;Abella, Noguerals:<\/strong> Zimt, Zwetschgen, Cola, Macchia, Schiefer, Rauchspeck. \u00dcppig, wirkt unerwartet jung.<\/p>\n\n\n\n<p><strong>2003 Vall Llach, Vall Llach:<\/strong> Wuchtiges Kraftpaket, das mit seiner beeindruckenden Tiefe und opulenten Intensit\u00e4t die Sinne \u00fcberw\u00e4ltigt. &nbsp;<\/p>\n\n\n\n<p><strong>2003 Tirant, Rotllan Torra:<\/strong> Faszinierende Kombination aus intensiven Tomatenmark- und Rosinennoten. Die dekadente, einem Barossa-Shiraz nicht un\u00e4hnliche S\u00fcsse rundet das Ganze ab und l\u00e4sst einen in einem sinnlichen Genusserlebnis schwelgen!<\/p>\n\n\n\n<figure class=\"wp-block-image size-large\"><a href=\"https:\/\/www.meinweinkeller.ch\/weinclub\/wp-content\/uploads\/2024\/12\/c13169f8-cf45-4271-9489-df8c995b3ce4.jpg\"><img loading=\"lazy\" decoding=\"async\" width=\"1024\" height=\"414\" src=\"https:\/\/www.meinweinkeller.ch\/weinclub\/wp-content\/uploads\/2024\/12\/c13169f8-cf45-4271-9489-df8c995b3ce4-1024x414.jpg\" alt=\"\" class=\"wp-image-7683\" srcset=\"https:\/\/www.meinweinkeller.ch\/weinclub\/wp-content\/uploads\/2024\/12\/c13169f8-cf45-4271-9489-df8c995b3ce4-1024x414.jpg 1024w, https:\/\/www.meinweinkeller.ch\/weinclub\/wp-content\/uploads\/2024\/12\/c13169f8-cf45-4271-9489-df8c995b3ce4-300x121.jpg 300w, https:\/\/www.meinweinkeller.ch\/weinclub\/wp-content\/uploads\/2024\/12\/c13169f8-cf45-4271-9489-df8c995b3ce4-768x310.jpg 768w, https:\/\/www.meinweinkeller.ch\/weinclub\/wp-content\/uploads\/2024\/12\/c13169f8-cf45-4271-9489-df8c995b3ce4-1536x620.jpg 1536w, https:\/\/www.meinweinkeller.ch\/weinclub\/wp-content\/uploads\/2024\/12\/c13169f8-cf45-4271-9489-df8c995b3ce4-500x202.jpg 500w, https:\/\/www.meinweinkeller.ch\/weinclub\/wp-content\/uploads\/2024\/12\/c13169f8-cf45-4271-9489-df8c995b3ce4.jpg 2040w\" sizes=\"auto, (max-width: 1024px) 100vw, 1024px\" \/><\/a><\/figure>\n","protected":false},"excerpt":{"rendered":"<p>Getrunkene Weine: 2018 Blanc de Noirs, Scala Dei: Akazienhonig, blumig, Wachs, ordentlich S\u00fcsse im leicht bitteren Finale. 2019 Selma, Nin-Ortiz: Estragon, Kr\u00e4utermischung, blumig, rauchig, am Gaumen mit guter S\u00e4ure, vollmundig, sinnlich. 2015 Pedra de Guix, Terroir al L\u00edmit: Honig, Orangenschale, &hellip; <a href=\"https:\/\/www.meinweinkeller.ch\/weinclub\/donnerstag-degustationen\/donnerstag-5-dezember-2024-priorat-monsant-trouvaillen\/\">Weiterlesen <span class=\"meta-nav\">&rarr;<\/span><\/a><\/p>\n","protected":false},"author":1,"featured_media":7009,"comment_status":"closed","ping_status":"closed","sticky":false,"template":"","format":"standard","meta":{"footnotes":""},"categories":[4],"tags":[],"class_list":["post-7667","post","type-post","status-publish","format-standard","has-post-thumbnail","hentry","category-donnerstag-degustationen"],"_links":{"self":[{"href":"https:\/\/www.meinweinkeller.ch\/weinclub\/wp-json\/wp\/v2\/posts\/7667","targetHints":{"allow":["GET"]}}],"collection":[{"href":"https:\/\/www.meinweinkeller.ch\/weinclub\/wp-json\/wp\/v2\/posts"}],"about":[{"href":"https:\/\/www.meinweinkeller.ch\/weinclub\/wp-json\/wp\/v2\/types\/post"}],"author":[{"embeddable":true,"href":"https:\/\/www.meinweinkeller.ch\/weinclub\/wp-json\/wp\/v2\/users\/1"}],"replies":[{"embeddable":true,"href":"https:\/\/www.meinweinkeller.ch\/weinclub\/wp-json\/wp\/v2\/comments?post=7667"}],"version-history":[{"count":7,"href":"https:\/\/www.meinweinkeller.ch\/weinclub\/wp-json\/wp\/v2\/posts\/7667\/revisions"}],"predecessor-version":[{"id":7694,"href":"https:\/\/www.meinweinkeller.ch\/weinclub\/wp-json\/wp\/v2\/posts\/7667\/revisions\/7694"}],"wp:featuredmedia":[{"embeddable":true,"href":"https:\/\/www.meinweinkeller.ch\/weinclub\/wp-json\/wp\/v2\/media\/7009"}],"wp:attachment":[{"href":"https:\/\/www.meinweinkeller.ch\/weinclub\/wp-json\/wp\/v2\/media?parent=7667"}],"wp:term":[{"taxonomy":"category","embeddable":true,"href":"https:\/\/www.meinweinkeller.ch\/weinclub\/wp-json\/wp\/v2\/categories?post=7667"},{"taxonomy":"post_tag","embeddable":true,"href":"https:\/\/www.meinweinkeller.ch\/weinclub\/wp-json\/wp\/v2\/tags?post=7667"}],"curies":[{"name":"wp","href":"https:\/\/api.w.org\/{rel}","templated":true}]}}