{"id":7533,"date":"2024-09-14T13:57:54","date_gmt":"2024-09-14T13:57:54","guid":{"rendered":"http:\/\/www.meinweinkeller.ch\/weinclub\/?p=7533"},"modified":"2024-09-21T19:17:20","modified_gmt":"2024-09-21T19:17:20","slug":"donnerstag-19-september-2024-malbec-argentinien-vs-best-of-the-world","status":"publish","type":"post","link":"https:\/\/www.meinweinkeller.ch\/weinclub\/donnerstag-degustationen\/donnerstag-19-september-2024-malbec-argentinien-vs-best-of-the-world\/","title":{"rendered":"Donnerstag, 19. September 2024: Malbec &#8211; Argentinien vs best of the world"},"content":{"rendered":"\n<p>Getrunkene Weine:<\/p>\n\n\n\n<p><strong>2007 Riesling Cuv\u00e9e Fr\u00e9d\u00e9ric Emile, Trimbach (Elsass):<\/strong> Kumquats, Grapefruit, ein Hauch von Plastik, Tannenharz, Honig, trocken und mit einer S\u00e4ure in Hochform, feinbitteres, langes Finale.<\/p>\n\n\n\n<p><strong>2019 Malbec Mendoza, La Mascota (Argentinien):<\/strong> Laktisch und \u00fcppig, schokoladig, Kaffee, s\u00fcssfruchtig, rund, mit m\u00e4ssiger S\u00e4ure, der Abgang ist mittellang und leicht bitter.<\/p>\n\n\n\n<p><strong>2017 Malbec Mendoza, La Mascota (Argentinien):<\/strong> K\u00fchler als der 2019er, kr\u00e4utrig, schwarze Beeren, am Gaumen f\u00fcllig, aber mit guter S\u00e4ure, recht druckvolles Finale.<\/p>\n\n\n\n<p><strong>2021 Malbec Barrique Nauer Prestige, Nauer Weine (Schweiz):<\/strong> Zuviel Karamell und S\u00fcsse, welche die unreifen Noten zu kaschieren versuchen. Wir sind uns einig: das macht keinen Spass!<\/p>\n\n\n\n<p><strong>2015 Cahors La Marguerite, Cosse Maisonneuve (Frankreich):<\/strong> Sehr dunkle Farbe. Kirschen, Brombeeren, von heisser Sonne beschienene Macchia, Orangen, Kr\u00e4uter. Fleischig und voller Charakter, mineralisches, sehr langes Finale.<\/p>\n\n\n\n<p><strong>2017 Malbec Lote Especial El Arenal, Colom\u00e9 (Argentinien):<\/strong> Unglaublich dunkle Farbe. Schwarze Fr\u00fcchte, Kakao, Erdn\u00fcsse, dezent Blutorange, schwarze Johannisbeeren, das Ganze unterlegt mit Kr\u00e4uterw\u00fcrze. Kr\u00e4ftig, saftig, komplex, langes druckvolles Finale.<\/p>\n\n\n\n<p><strong>2008 Malbec Vi\u00f1a Federico Villafa\u00f1e, Trapiche (Argentinien):<\/strong> Nicht ganz sauber, Anflug von fl\u00fcchtiger S\u00e4ure. Schwarze Fr\u00fcchte, Cola, kr\u00e4utrig und dunkelbeerige Frucht, am Gaumen dezent Maggi, Alterst\u00f6ne.<\/p>\n\n\n\n<p><strong>2007 Malbec Adrianna Vineyard, Catena Zapata (Argentinien):<\/strong> Nobles Holz, Kaffee, Erdn\u00fcsse, Rauch, schwarze Kirschen. Seidig, vollmundig, perfekt reife Tannine, sehr langes Finale. Wow!<\/p>\n\n\n\n<p><strong>2006 Malbec Argentino, Catena Zapata (Argentinien):<\/strong> Hocharomatisch, tief, sehr reife dunkle Beeren, Weihrauch, Kaffee, trotz der \u00fcppigen Struktur tiefgr\u00fcndig und subtil. \u00c4usserst langer Abgang. Nochmals wow!<\/p>\n\n\n\n<p><strong>2008 Malbec Vi\u00f1a Federico Villafa\u00f1e, Trapiche (Argentinien):<\/strong> Kommt viel j\u00fcnger daher als die Flasche davor. S\u00fcssliche W\u00fcrze, Schokolade, Karamell, modern, rund, hat aber viel Druck und der Abgang ist recht lang.<\/p>\n\n\n\n<p><strong>2019 Cahors Cuv\u00e9e Dame Honneur du Ch\u00e2teau Lagr\u00e9zette, Ch\u00e2teau Lagr\u00e9zette (Frankreich):<\/strong> Sehr w\u00fcrzig, Lakritz, Zimt, dunkle Beeren, enorm saftig und griffig, noch einiges zu jung, langes, druckvolles Finale.<\/p>\n\n\n\n<p><strong>2018 Malbec Appellation Gualtallary, Altos las Hormigas (Argentinien):<\/strong> Sehr dunkle Farbe. Dunkle Beeren, Graphit, Rauch, sehr finessenreich, saftig, frisch, elegantes, langes Finale.<\/p>\n\n\n\n<p><strong>2009 Riesling Sp\u00e4tlese Brauneberger Juffer Sonnenuhr, Fritz Haag (Deutschland):<\/strong> Aprikosen, Pfirsich, etwas Karamell, Honig, herrlich w\u00fcrzig, mit guter S\u00e4ure, langes Finale.<\/p>\n\n\n\n<p><\/p>\n\n\n\n<p><\/p>\n\n\n\n<figure class=\"wp-block-image size-large\"><a href=\"https:\/\/www.meinweinkeller.ch\/weinclub\/wp-content\/uploads\/2024\/09\/IMG_7949-scaled.jpeg\"><img loading=\"lazy\" decoding=\"async\" width=\"1024\" height=\"511\" src=\"https:\/\/www.meinweinkeller.ch\/weinclub\/wp-content\/uploads\/2024\/09\/IMG_7949-1024x511.jpeg\" alt=\"\" class=\"wp-image-7539\" srcset=\"https:\/\/www.meinweinkeller.ch\/weinclub\/wp-content\/uploads\/2024\/09\/IMG_7949-1024x511.jpeg 1024w, https:\/\/www.meinweinkeller.ch\/weinclub\/wp-content\/uploads\/2024\/09\/IMG_7949-300x150.jpeg 300w, https:\/\/www.meinweinkeller.ch\/weinclub\/wp-content\/uploads\/2024\/09\/IMG_7949-768x383.jpeg 768w, https:\/\/www.meinweinkeller.ch\/weinclub\/wp-content\/uploads\/2024\/09\/IMG_7949-1536x766.jpeg 1536w, https:\/\/www.meinweinkeller.ch\/weinclub\/wp-content\/uploads\/2024\/09\/IMG_7949-2048x1022.jpeg 2048w, https:\/\/www.meinweinkeller.ch\/weinclub\/wp-content\/uploads\/2024\/09\/IMG_7949-500x250.jpeg 500w\" sizes=\"auto, (max-width: 1024px) 100vw, 1024px\" \/><\/a><\/figure>\n","protected":false},"excerpt":{"rendered":"<p>Getrunkene Weine: 2007 Riesling Cuv\u00e9e Fr\u00e9d\u00e9ric Emile, Trimbach (Elsass): Kumquats, Grapefruit, ein Hauch von Plastik, Tannenharz, Honig, trocken und mit einer S\u00e4ure in Hochform, feinbitteres, langes Finale. 2019 Malbec Mendoza, La Mascota (Argentinien): Laktisch und \u00fcppig, schokoladig, Kaffee, s\u00fcssfruchtig, rund, &hellip; <a href=\"https:\/\/www.meinweinkeller.ch\/weinclub\/donnerstag-degustationen\/donnerstag-19-september-2024-malbec-argentinien-vs-best-of-the-world\/\">Weiterlesen <span class=\"meta-nav\">&rarr;<\/span><\/a><\/p>\n","protected":false},"author":1,"featured_media":3766,"comment_status":"closed","ping_status":"closed","sticky":false,"template":"","format":"standard","meta":{"footnotes":""},"categories":[4],"tags":[],"class_list":["post-7533","post","type-post","status-publish","format-standard","has-post-thumbnail","hentry","category-donnerstag-degustationen"],"_links":{"self":[{"href":"https:\/\/www.meinweinkeller.ch\/weinclub\/wp-json\/wp\/v2\/posts\/7533","targetHints":{"allow":["GET"]}}],"collection":[{"href":"https:\/\/www.meinweinkeller.ch\/weinclub\/wp-json\/wp\/v2\/posts"}],"about":[{"href":"https:\/\/www.meinweinkeller.ch\/weinclub\/wp-json\/wp\/v2\/types\/post"}],"author":[{"embeddable":true,"href":"https:\/\/www.meinweinkeller.ch\/weinclub\/wp-json\/wp\/v2\/users\/1"}],"replies":[{"embeddable":true,"href":"https:\/\/www.meinweinkeller.ch\/weinclub\/wp-json\/wp\/v2\/comments?post=7533"}],"version-history":[{"count":7,"href":"https:\/\/www.meinweinkeller.ch\/weinclub\/wp-json\/wp\/v2\/posts\/7533\/revisions"}],"predecessor-version":[{"id":7554,"href":"https:\/\/www.meinweinkeller.ch\/weinclub\/wp-json\/wp\/v2\/posts\/7533\/revisions\/7554"}],"wp:featuredmedia":[{"embeddable":true,"href":"https:\/\/www.meinweinkeller.ch\/weinclub\/wp-json\/wp\/v2\/media\/3766"}],"wp:attachment":[{"href":"https:\/\/www.meinweinkeller.ch\/weinclub\/wp-json\/wp\/v2\/media?parent=7533"}],"wp:term":[{"taxonomy":"category","embeddable":true,"href":"https:\/\/www.meinweinkeller.ch\/weinclub\/wp-json\/wp\/v2\/categories?post=7533"},{"taxonomy":"post_tag","embeddable":true,"href":"https:\/\/www.meinweinkeller.ch\/weinclub\/wp-json\/wp\/v2\/tags?post=7533"}],"curies":[{"name":"wp","href":"https:\/\/api.w.org\/{rel}","templated":true}]}}