{"id":7399,"date":"2024-06-24T14:01:01","date_gmt":"2024-06-24T14:01:01","guid":{"rendered":"http:\/\/www.meinweinkeller.ch\/weinclub\/?p=7399"},"modified":"2024-06-29T12:58:26","modified_gmt":"2024-06-29T12:58:26","slug":"donnerstag-27-juni-2024-das-grosse-rebsortenraetseln-nebbiolo-pinot-nero-vernatsch-lagrein-elegante-sommerweine","status":"publish","type":"post","link":"https:\/\/www.meinweinkeller.ch\/weinclub\/donnerstag-degustationen\/donnerstag-27-juni-2024-das-grosse-rebsortenraetseln-nebbiolo-pinot-nero-vernatsch-lagrein-elegante-sommerweine\/","title":{"rendered":"Donnerstag, 27. Juni 2024: Das grosse Rebsortenr\u00e4tseln: Nebbiolo, Pinot Nero, Vernatsch, Lagrein &#8211; elegante Sommerweine?"},"content":{"rendered":"\n<p>Getrunkene Weine:<\/p>\n\n\n\n<p><strong>2015 Riesling Kiedricher trocken, Robert Weil (Rheingau, Deutschland):<\/strong> Zitrusfr\u00fcchte, Grapefruit, kr\u00e4utrig und mineralisch, saftig und vollmundig, fast schon cremiges, langes Finale.<\/p>\n\n\n\n<p><strong>Riesling brut, Emrich-Sch\u00f6nleber (Nahe, Deutschland):<\/strong> Dezent hefig, Brioche, \u00c4pfel, Zitrusfr\u00fcchte, aber auch Himbeeren. Kr\u00e4utrig und mit belebender Perlage, mittellanges Finale.<\/p>\n\n\n\n<p><strong>2020 Langhe Nebbiolo, Castello di Perno (Piemont):<\/strong> Sehr frische, fruchtige Nase mit feinem Himbeeraroma. Leicht w\u00fcrzig, recht saftig, nicht schwer \u2013 ein toller Sommerwein!<\/p>\n\n\n\n<p><strong>2019 Barbaresco, Vinchio Vaglio (Piemont):<\/strong> Schwarze und rote Kirschen, floral, \u00e4therisch, am Gaumen recht streng, herbes, mittellanges Finale.<\/p>\n\n\n\n<p><strong>2020 Barbaresco Faset, Piercarlo-Culasso (Piemont):<\/strong> Eichenholzw\u00fcrze, rote Beeren, Rosen und Veilchen, Salbei. Am Gaumen zug\u00e4nglich, den einen zu viel S\u00fcsse im Abgang, f\u00fcr die andern genau die richtige Dosis.<\/p>\n\n\n\n<p><strong>2021 Langhe Nebbiolo Clar\u00e9 J.C., G.D. Vajra (Piemont): <\/strong>Fast wie ein Ros\u00e9, sehr viel rote Beerenfrucht, kompromisslos auf leichten Sommerwein getrimmt, inklusive ein geh\u00f6riges Mass an Kohlens\u00e4ure. Muss gek\u00fchlt getrunken werden.<\/p>\n\n\n\n<p><strong>2020 Lagrein, J. Hofst\u00e4tter (S\u00fcdtirol):<\/strong> Auch dem einzigen Lagrein in dieser Serie tut K\u00fchlung sehr gut. Zwetschgenkompott, Kirschen, Kaffee, auch ein Hauch von Blumen und Kr\u00e4utern, am Gaumen saftig, fast schon bissig, mittellanges Finale.<\/p>\n\n\n\n<p><strong>2008 Barbaresco Riserva Pora, Produttori del Barbaresco (Piemont):<\/strong> Vielschichtig, massiv, von s\u00fcssen Geb\u00e4cken bis zu reifen feinen Beeren, etwas Leder, mineralisch, auch am Gaumen konzentriert, mit adstringierenden Tanninen und einem sehr langen Abgang.<\/p>\n\n\n\n<p><strong>2018 Barolo, Marchesi di Barolo (Piemont):<\/strong> Zitrusabrieb, Blutorangen, rote Beeren, Zimt. Zug\u00e4nglich, aber ungemein ausdrucksstark, lang anhaltendes Finale.<\/p>\n\n\n\n<p><strong>2010 Barolo Cannubi, Marchesi di Barolo (Piemont):<\/strong> D\u00f6rrfruchtaromen zeigen, dass dieser Lagen-Barolo ausgereift ist. Lakritz, Karamell, Zitrusabrieb, hat Grip, Volumen, bleibt aber auf der gez\u00e4hmten Seite und fliesst seidig und mit W\u00e4rme den Gaumen runter.<\/p>\n\n\n\n<p>Fazit: Lagrein: wurde sofort erkannt. Bei den Nebbiolos wurde zum Teil mit Inbrunst auf Pinot Nero getippt. Vernatsch: gab&#8217;s keinen, m\u00fcssen wir mal nachholen &#8211; ich bin dann in den Ferien&#8230;<\/p>\n\n\n\n<p><\/p>\n\n\n\n<p><\/p>\n\n\n\n<p><\/p>\n\n\n\n<p><\/p>\n\n\n\n<figure class=\"wp-block-image size-large\"><a href=\"https:\/\/www.meinweinkeller.ch\/weinclub\/wp-content\/uploads\/2024\/06\/IMG_5732-scaled.jpeg\"><img loading=\"lazy\" decoding=\"async\" width=\"1024\" height=\"660\" src=\"https:\/\/www.meinweinkeller.ch\/weinclub\/wp-content\/uploads\/2024\/06\/IMG_5732-1024x660.jpeg\" alt=\"\" class=\"wp-image-7406\" srcset=\"https:\/\/www.meinweinkeller.ch\/weinclub\/wp-content\/uploads\/2024\/06\/IMG_5732-1024x660.jpeg 1024w, https:\/\/www.meinweinkeller.ch\/weinclub\/wp-content\/uploads\/2024\/06\/IMG_5732-300x193.jpeg 300w, https:\/\/www.meinweinkeller.ch\/weinclub\/wp-content\/uploads\/2024\/06\/IMG_5732-768x495.jpeg 768w, https:\/\/www.meinweinkeller.ch\/weinclub\/wp-content\/uploads\/2024\/06\/IMG_5732-1536x990.jpeg 1536w, https:\/\/www.meinweinkeller.ch\/weinclub\/wp-content\/uploads\/2024\/06\/IMG_5732-2048x1320.jpeg 2048w, https:\/\/www.meinweinkeller.ch\/weinclub\/wp-content\/uploads\/2024\/06\/IMG_5732-465x300.jpeg 465w\" sizes=\"auto, (max-width: 1024px) 100vw, 1024px\" \/><\/a><\/figure>\n\n\n\n<a href=\"https:\/\/www.picktime.com\/f4a1d1e2-e78e-4954-a8fc-d71e935d91c1\" class=\"ptbkbtn\" target=\"_blank\" style=\"float:none;\" rel=\"noopener\"><img decoding=\"async\" src=\"https:\/\/www.picktime.com\/img\/widgetButtons\/BookingPage\/picktime-book-online-gray.png\" alt=\"Book an appointment with MeinWeinkeller\" border=\"none\"\/><\/a>\n\n\n\n<figure class=\"wp-block-image size-large\"><a href=\"http:\/\/www.meinweinkeller.ch\/weinclub\/wp-content\/uploads\/2020\/09\/dezaley-jorge-scaled.jpg\"><img loading=\"lazy\" decoding=\"async\" width=\"1024\" height=\"474\" src=\"http:\/\/www.meinweinkeller.ch\/weinclub\/wp-content\/uploads\/2020\/09\/dezaley-jorge-1024x474.jpg\" alt=\"\" class=\"wp-image-4975\" srcset=\"https:\/\/www.meinweinkeller.ch\/weinclub\/wp-content\/uploads\/2020\/09\/dezaley-jorge-1024x474.jpg 1024w, https:\/\/www.meinweinkeller.ch\/weinclub\/wp-content\/uploads\/2020\/09\/dezaley-jorge-300x139.jpg 300w, https:\/\/www.meinweinkeller.ch\/weinclub\/wp-content\/uploads\/2020\/09\/dezaley-jorge-768x355.jpg 768w, https:\/\/www.meinweinkeller.ch\/weinclub\/wp-content\/uploads\/2020\/09\/dezaley-jorge-1536x710.jpg 1536w, https:\/\/www.meinweinkeller.ch\/weinclub\/wp-content\/uploads\/2020\/09\/dezaley-jorge-2048x947.jpg 2048w, https:\/\/www.meinweinkeller.ch\/weinclub\/wp-content\/uploads\/2020\/09\/dezaley-jorge-500x231.jpg 500w\" sizes=\"auto, (max-width: 1024px) 100vw, 1024px\" \/><\/a><\/figure>\n","protected":false},"excerpt":{"rendered":"<p>Getrunkene Weine: 2015 Riesling Kiedricher trocken, Robert Weil (Rheingau, Deutschland): Zitrusfr\u00fcchte, Grapefruit, kr\u00e4utrig und mineralisch, saftig und vollmundig, fast schon cremiges, langes Finale. Riesling brut, Emrich-Sch\u00f6nleber (Nahe, Deutschland): Dezent hefig, Brioche, \u00c4pfel, Zitrusfr\u00fcchte, aber auch Himbeeren. Kr\u00e4utrig und mit belebender &hellip; <a href=\"https:\/\/www.meinweinkeller.ch\/weinclub\/donnerstag-degustationen\/donnerstag-27-juni-2024-das-grosse-rebsortenraetseln-nebbiolo-pinot-nero-vernatsch-lagrein-elegante-sommerweine\/\">Weiterlesen <span class=\"meta-nav\">&rarr;<\/span><\/a><\/p>\n","protected":false},"author":1,"featured_media":1960,"comment_status":"closed","ping_status":"closed","sticky":false,"template":"","format":"standard","meta":{"footnotes":""},"categories":[4],"tags":[],"class_list":["post-7399","post","type-post","status-publish","format-standard","has-post-thumbnail","hentry","category-donnerstag-degustationen"],"_links":{"self":[{"href":"https:\/\/www.meinweinkeller.ch\/weinclub\/wp-json\/wp\/v2\/posts\/7399","targetHints":{"allow":["GET"]}}],"collection":[{"href":"https:\/\/www.meinweinkeller.ch\/weinclub\/wp-json\/wp\/v2\/posts"}],"about":[{"href":"https:\/\/www.meinweinkeller.ch\/weinclub\/wp-json\/wp\/v2\/types\/post"}],"author":[{"embeddable":true,"href":"https:\/\/www.meinweinkeller.ch\/weinclub\/wp-json\/wp\/v2\/users\/1"}],"replies":[{"embeddable":true,"href":"https:\/\/www.meinweinkeller.ch\/weinclub\/wp-json\/wp\/v2\/comments?post=7399"}],"version-history":[{"count":6,"href":"https:\/\/www.meinweinkeller.ch\/weinclub\/wp-json\/wp\/v2\/posts\/7399\/revisions"}],"predecessor-version":[{"id":7421,"href":"https:\/\/www.meinweinkeller.ch\/weinclub\/wp-json\/wp\/v2\/posts\/7399\/revisions\/7421"}],"wp:featuredmedia":[{"embeddable":true,"href":"https:\/\/www.meinweinkeller.ch\/weinclub\/wp-json\/wp\/v2\/media\/1960"}],"wp:attachment":[{"href":"https:\/\/www.meinweinkeller.ch\/weinclub\/wp-json\/wp\/v2\/media?parent=7399"}],"wp:term":[{"taxonomy":"category","embeddable":true,"href":"https:\/\/www.meinweinkeller.ch\/weinclub\/wp-json\/wp\/v2\/categories?post=7399"},{"taxonomy":"post_tag","embeddable":true,"href":"https:\/\/www.meinweinkeller.ch\/weinclub\/wp-json\/wp\/v2\/tags?post=7399"}],"curies":[{"name":"wp","href":"https:\/\/api.w.org\/{rel}","templated":true}]}}