{"id":6810,"date":"2023-09-16T13:59:01","date_gmt":"2023-09-16T13:59:01","guid":{"rendered":"http:\/\/www.meinweinkeller.ch\/weinclub\/?p=6810"},"modified":"2023-09-24T05:47:39","modified_gmt":"2023-09-24T05:47:39","slug":"donnerstag-21-september-2023-argentinien-best-of","status":"publish","type":"post","link":"https:\/\/www.meinweinkeller.ch\/weinclub\/donnerstag-degustationen\/donnerstag-21-september-2023-argentinien-best-of\/","title":{"rendered":"Donnerstag, 21. September 2023: Argentinien &#8211; best of"},"content":{"rendered":"\n<p>Getrunkene Weine:<\/p>\n\n\n\n<p><strong>2016 Torront\u00e9s Barrel Fermented Signature, Susana Balbo:<\/strong> Riecht eher nach Sauvignon Blanc aus Neuseeland! Pink Grapefruit, Katzenpipi, Gr\u00fcnschnitt, eingebettet in eine quicklebendige S\u00e4ure. Spannend und etwas gew\u00f6hnungsbed\u00fcrftig. <\/p>\n\n\n\n<p><strong>2017 Malbec\/Cabernet Sauvignon Reserva, Amancaya:<\/strong> Schokolade, Vanille, Banane, Karamell. Rund und s\u00fcsslich &#8211; den meisten zu schw\u00fclstig.<\/p>\n\n\n\n<p><strong>2017 Petit Verdot Remolinos Vineyard Mini Ediciones, Decero:<\/strong> Feiner Duft nach dunklen, aber auch roten Fr\u00fcchten, balsamisch, Unterholz, sehr w\u00fcrzig, saftig, ein wunderbarer Petit Verdot!<\/p>\n\n\n\n<p><strong>2017 Petit Caro Malbec\/Cabernet Sauvignon, Nicolas Catena\/Barons de Rothschild:<\/strong> Zwei Drittel Malbec, ein Drittel Cabernet Sauvignon. Reife schwarze und rote Beeren, Graphit, Lakritz, saftig, mit sch\u00f6nem Trinkfluss.<\/p>\n\n\n\n<p><strong>2019 Caro, Nicolas Catena\/Barons de Rothschild<\/strong>: Braucht viel Luft, um ein H\u00e4uchlein Nagellack wegzufiltern. Dunkle Beeren, gut integriertes Holz, Graphit, Lakritz, Erde. Fleischig und rund, mundf\u00fcllend, sehr langes, leicht salziges Finale.<\/p>\n\n\n\n<p><strong>2016 Nicol\u00e1s Catena Zapata, Catena Zapata:<\/strong> Ein (noch) strenger Bursche &#8211; El Ni\u00f1o l\u00e4sst gr\u00fcssen, 2016 war der k\u00e4lteste Jahrgang seit dreissig Jahren! Schwarze Johannisbeeren, Zedernholz, Mineralit\u00e4t. Kr\u00e4ftig, adstringierend, langes Finale. Die spannende Frage lautet: wie rund wird er mit den Jahren?<\/p>\n\n\n\n<p><\/p>\n\n\n\n<figure class=\"wp-block-image size-large\"><a href=\"https:\/\/www.meinweinkeller.ch\/weinclub\/wp-content\/uploads\/2023\/09\/Argentinien-scaled.jpg\"><img loading=\"lazy\" decoding=\"async\" width=\"1024\" height=\"472\" src=\"https:\/\/www.meinweinkeller.ch\/weinclub\/wp-content\/uploads\/2023\/09\/Argentinien-1024x472.jpg\" alt=\"\" class=\"wp-image-6833\" srcset=\"https:\/\/www.meinweinkeller.ch\/weinclub\/wp-content\/uploads\/2023\/09\/Argentinien-1024x472.jpg 1024w, https:\/\/www.meinweinkeller.ch\/weinclub\/wp-content\/uploads\/2023\/09\/Argentinien-300x138.jpg 300w, https:\/\/www.meinweinkeller.ch\/weinclub\/wp-content\/uploads\/2023\/09\/Argentinien-768x354.jpg 768w, https:\/\/www.meinweinkeller.ch\/weinclub\/wp-content\/uploads\/2023\/09\/Argentinien-1536x707.jpg 1536w, https:\/\/www.meinweinkeller.ch\/weinclub\/wp-content\/uploads\/2023\/09\/Argentinien-2048x943.jpg 2048w, https:\/\/www.meinweinkeller.ch\/weinclub\/wp-content\/uploads\/2023\/09\/Argentinien-500x230.jpg 500w\" sizes=\"auto, (max-width: 1024px) 100vw, 1024px\" \/><\/a><\/figure>\n","protected":false},"excerpt":{"rendered":"<p>Getrunkene Weine: 2016 Torront\u00e9s Barrel Fermented Signature, Susana Balbo: Riecht eher nach Sauvignon Blanc aus Neuseeland! Pink Grapefruit, Katzenpipi, Gr\u00fcnschnitt, eingebettet in eine quicklebendige S\u00e4ure. Spannend und etwas gew\u00f6hnungsbed\u00fcrftig. 2017 Malbec\/Cabernet Sauvignon Reserva, Amancaya: Schokolade, Vanille, Banane, Karamell. Rund und &hellip; <a href=\"https:\/\/www.meinweinkeller.ch\/weinclub\/donnerstag-degustationen\/donnerstag-21-september-2023-argentinien-best-of\/\">Weiterlesen <span class=\"meta-nav\">&rarr;<\/span><\/a><\/p>\n","protected":false},"author":1,"featured_media":5684,"comment_status":"closed","ping_status":"closed","sticky":false,"template":"","format":"standard","meta":{"footnotes":""},"categories":[4],"tags":[],"class_list":["post-6810","post","type-post","status-publish","format-standard","has-post-thumbnail","hentry","category-donnerstag-degustationen"],"_links":{"self":[{"href":"https:\/\/www.meinweinkeller.ch\/weinclub\/wp-json\/wp\/v2\/posts\/6810","targetHints":{"allow":["GET"]}}],"collection":[{"href":"https:\/\/www.meinweinkeller.ch\/weinclub\/wp-json\/wp\/v2\/posts"}],"about":[{"href":"https:\/\/www.meinweinkeller.ch\/weinclub\/wp-json\/wp\/v2\/types\/post"}],"author":[{"embeddable":true,"href":"https:\/\/www.meinweinkeller.ch\/weinclub\/wp-json\/wp\/v2\/users\/1"}],"replies":[{"embeddable":true,"href":"https:\/\/www.meinweinkeller.ch\/weinclub\/wp-json\/wp\/v2\/comments?post=6810"}],"version-history":[{"count":7,"href":"https:\/\/www.meinweinkeller.ch\/weinclub\/wp-json\/wp\/v2\/posts\/6810\/revisions"}],"predecessor-version":[{"id":6841,"href":"https:\/\/www.meinweinkeller.ch\/weinclub\/wp-json\/wp\/v2\/posts\/6810\/revisions\/6841"}],"wp:featuredmedia":[{"embeddable":true,"href":"https:\/\/www.meinweinkeller.ch\/weinclub\/wp-json\/wp\/v2\/media\/5684"}],"wp:attachment":[{"href":"https:\/\/www.meinweinkeller.ch\/weinclub\/wp-json\/wp\/v2\/media?parent=6810"}],"wp:term":[{"taxonomy":"category","embeddable":true,"href":"https:\/\/www.meinweinkeller.ch\/weinclub\/wp-json\/wp\/v2\/categories?post=6810"},{"taxonomy":"post_tag","embeddable":true,"href":"https:\/\/www.meinweinkeller.ch\/weinclub\/wp-json\/wp\/v2\/tags?post=6810"}],"curies":[{"name":"wp","href":"https:\/\/api.w.org\/{rel}","templated":true}]}}