{"id":65,"date":"2006-05-16T17:10:43","date_gmt":"2006-05-16T15:10:43","guid":{"rendered":"http:\/\/www.meinweinkeller.ch\/weinclub\/uncategorized\/donnerstag-18-mai-2006-spanien\/"},"modified":"2006-05-16T17:10:43","modified_gmt":"2006-05-16T15:10:43","slug":"donnerstag-18-mai-2006-spanien","status":"publish","type":"post","link":"https:\/\/www.meinweinkeller.ch\/weinclub\/donnerstag-degustationen\/donnerstag-18-mai-2006-spanien\/","title":{"rendered":"Donnerstag, 18. Mai 2006: Spanien"},"content":{"rendered":"<p>Degustierte Weine:<br \/>\n&#8211; Absum Somontano, 2004, Bodegas Irius<br \/>\n&#8211; Rioja Gran Reserva Vina Monty 1989, Montecillo<br \/>\n&#8211; Marques de Murrieta, Rioja Ygay Reserva, 1988<br \/>\n<!--more--><br \/>\nDer Absum zeigte sich wie erwartet als sehr modern vinifizierter, durchaus guter Wein ohne Ecken und Kanten. 2.5 &#8211; 3 MeinWeinkeller-Gl\u00e4ser.<br \/>\nDer Rioja Gran Reserva Vina Monty 1989 dagegen bezauberte mit seinen klassischen Noten von Tabak, Leder und anderen sch\u00f6nen D\u00fcften und entlockte nicht zuletzt dank einem sehr langen Abgang 3.5 Gl\u00e4ser.<br \/>\nLeider bahnte sich beim Beschnuppern des Korkens (Essiggurke!) des Marques de Murrieta bereits an, was uns erwartete: in den ersten 20 Sekunden noch etwas, was man als Wein bezeichnen konnte, danach aber, na ja, Schwamm dr\u00fcber, aber immerhin um eine Kork-Essiggurke-Erfahrung reicher.<\/p>\n","protected":false},"excerpt":{"rendered":"<p>Degustierte Weine: &#8211; Absum Somontano, 2004, Bodegas Irius &#8211; Rioja Gran Reserva Vina Monty 1989, Montecillo &#8211; Marques de Murrieta, Rioja Ygay Reserva, 1988<\/p>\n","protected":false},"author":1,"featured_media":0,"comment_status":"open","ping_status":"open","sticky":false,"template":"","format":"standard","meta":{"footnotes":""},"categories":[4],"tags":[19,33,47,62,64],"class_list":["post-65","post","type-post","status-publish","format-standard","hentry","category-donnerstag-degustationen","tag-degustation","tag-meinweinkeller","tag-spanien","tag-wein","tag-winterthur"],"_links":{"self":[{"href":"https:\/\/www.meinweinkeller.ch\/weinclub\/wp-json\/wp\/v2\/posts\/65","targetHints":{"allow":["GET"]}}],"collection":[{"href":"https:\/\/www.meinweinkeller.ch\/weinclub\/wp-json\/wp\/v2\/posts"}],"about":[{"href":"https:\/\/www.meinweinkeller.ch\/weinclub\/wp-json\/wp\/v2\/types\/post"}],"author":[{"embeddable":true,"href":"https:\/\/www.meinweinkeller.ch\/weinclub\/wp-json\/wp\/v2\/users\/1"}],"replies":[{"embeddable":true,"href":"https:\/\/www.meinweinkeller.ch\/weinclub\/wp-json\/wp\/v2\/comments?post=65"}],"version-history":[{"count":0,"href":"https:\/\/www.meinweinkeller.ch\/weinclub\/wp-json\/wp\/v2\/posts\/65\/revisions"}],"wp:attachment":[{"href":"https:\/\/www.meinweinkeller.ch\/weinclub\/wp-json\/wp\/v2\/media?parent=65"}],"wp:term":[{"taxonomy":"category","embeddable":true,"href":"https:\/\/www.meinweinkeller.ch\/weinclub\/wp-json\/wp\/v2\/categories?post=65"},{"taxonomy":"post_tag","embeddable":true,"href":"https:\/\/www.meinweinkeller.ch\/weinclub\/wp-json\/wp\/v2\/tags?post=65"}],"curies":[{"name":"wp","href":"https:\/\/api.w.org\/{rel}","templated":true}]}}