{"id":6266,"date":"2022-10-15T14:41:58","date_gmt":"2022-10-15T14:41:58","guid":{"rendered":"http:\/\/www.meinweinkeller.ch\/weinclub\/?p=6266"},"modified":"2022-10-15T14:42:00","modified_gmt":"2022-10-15T14:42:00","slug":"donnerstag-20-oktober-2022-geschlossen","status":"publish","type":"post","link":"https:\/\/www.meinweinkeller.ch\/weinclub\/donnerstag-degustationen\/donnerstag-20-oktober-2022-geschlossen\/","title":{"rendered":"Donnerstag, 20. Oktober 2022: geschlossen"},"content":{"rendered":"\n<p>Die Gruppe Jura ist auf Weinreise und will den Vin Jaune entdecken!<\/p>\n\n\n\n<p>Die Weindegustation im Weinclub f\u00e4llt aus! Wir w\u00fcnschen allen eine gute Flasche Wein und erbarmen mit uns, dass wir die oxidierten Elixiere \u00fcberleben \ud83d\ude09 Ihr k\u00f6nnt ja eure tolle Flasche am Donnerstag auf whatsap posten &#8230;<\/p>\n\n\n\n<figure class=\"wp-block-image size-large\"><a href=\"http:\/\/www.meinweinkeller.ch\/weinclub\/wp-content\/uploads\/2021\/05\/Skype-20210520-203412.jpeg\"><img loading=\"lazy\" decoding=\"async\" width=\"1024\" height=\"640\" src=\"http:\/\/www.meinweinkeller.ch\/weinclub\/wp-content\/uploads\/2021\/05\/Skype-20210520-203412-1024x640.jpeg\" alt=\"\" class=\"wp-image-5442\" srcset=\"https:\/\/www.meinweinkeller.ch\/weinclub\/wp-content\/uploads\/2021\/05\/Skype-20210520-203412-1024x640.jpeg 1024w, https:\/\/www.meinweinkeller.ch\/weinclub\/wp-content\/uploads\/2021\/05\/Skype-20210520-203412-300x188.jpeg 300w, https:\/\/www.meinweinkeller.ch\/weinclub\/wp-content\/uploads\/2021\/05\/Skype-20210520-203412-768x480.jpeg 768w, https:\/\/www.meinweinkeller.ch\/weinclub\/wp-content\/uploads\/2021\/05\/Skype-20210520-203412-1536x960.jpeg 1536w, https:\/\/www.meinweinkeller.ch\/weinclub\/wp-content\/uploads\/2021\/05\/Skype-20210520-203412-480x300.jpeg 480w, https:\/\/www.meinweinkeller.ch\/weinclub\/wp-content\/uploads\/2021\/05\/Skype-20210520-203412.jpeg 1680w\" sizes=\"auto, (max-width: 1024px) 100vw, 1024px\" \/><\/a><\/figure>\n","protected":false},"excerpt":{"rendered":"<p>Die Gruppe Jura ist auf Weinreise und will den Vin Jaune entdecken! Die Weindegustation im Weinclub f\u00e4llt aus! Wir w\u00fcnschen allen eine gute Flasche Wein und erbarmen mit uns, dass wir die oxidierten Elixiere \u00fcberleben \ud83d\ude09 Ihr k\u00f6nnt ja eure &hellip; <a href=\"https:\/\/www.meinweinkeller.ch\/weinclub\/donnerstag-degustationen\/donnerstag-20-oktober-2022-geschlossen\/\">Weiterlesen <span class=\"meta-nav\">&rarr;<\/span><\/a><\/p>\n","protected":false},"author":1,"featured_media":5334,"comment_status":"closed","ping_status":"closed","sticky":false,"template":"","format":"standard","meta":{"footnotes":""},"categories":[4],"tags":[],"class_list":["post-6266","post","type-post","status-publish","format-standard","has-post-thumbnail","hentry","category-donnerstag-degustationen"],"_links":{"self":[{"href":"https:\/\/www.meinweinkeller.ch\/weinclub\/wp-json\/wp\/v2\/posts\/6266","targetHints":{"allow":["GET"]}}],"collection":[{"href":"https:\/\/www.meinweinkeller.ch\/weinclub\/wp-json\/wp\/v2\/posts"}],"about":[{"href":"https:\/\/www.meinweinkeller.ch\/weinclub\/wp-json\/wp\/v2\/types\/post"}],"author":[{"embeddable":true,"href":"https:\/\/www.meinweinkeller.ch\/weinclub\/wp-json\/wp\/v2\/users\/1"}],"replies":[{"embeddable":true,"href":"https:\/\/www.meinweinkeller.ch\/weinclub\/wp-json\/wp\/v2\/comments?post=6266"}],"version-history":[{"count":1,"href":"https:\/\/www.meinweinkeller.ch\/weinclub\/wp-json\/wp\/v2\/posts\/6266\/revisions"}],"predecessor-version":[{"id":6267,"href":"https:\/\/www.meinweinkeller.ch\/weinclub\/wp-json\/wp\/v2\/posts\/6266\/revisions\/6267"}],"wp:featuredmedia":[{"embeddable":true,"href":"https:\/\/www.meinweinkeller.ch\/weinclub\/wp-json\/wp\/v2\/media\/5334"}],"wp:attachment":[{"href":"https:\/\/www.meinweinkeller.ch\/weinclub\/wp-json\/wp\/v2\/media?parent=6266"}],"wp:term":[{"taxonomy":"category","embeddable":true,"href":"https:\/\/www.meinweinkeller.ch\/weinclub\/wp-json\/wp\/v2\/categories?post=6266"},{"taxonomy":"post_tag","embeddable":true,"href":"https:\/\/www.meinweinkeller.ch\/weinclub\/wp-json\/wp\/v2\/tags?post=6266"}],"curies":[{"name":"wp","href":"https:\/\/api.w.org\/{rel}","templated":true}]}}