{"id":6210,"date":"2022-09-17T18:31:11","date_gmt":"2022-09-17T18:31:11","guid":{"rendered":"http:\/\/www.meinweinkeller.ch\/weinclub\/?p=6210"},"modified":"2022-10-01T14:06:22","modified_gmt":"2022-10-01T14:06:22","slug":"donnerstag-22-september-2022-franken","status":"publish","type":"post","link":"https:\/\/www.meinweinkeller.ch\/weinclub\/donnerstag-degustationen\/donnerstag-22-september-2022-franken\/","title":{"rendered":"Donnerstag, 22. September 2022: Franken"},"content":{"rendered":"\n<p>Vor zwei Jahren haben wir Jorges Bus auf unserer Frankenreise mit Wein gef\u00fcllt, Marcel unz\u00e4hlige Pakete an der Grenze abgeholt, Markus Wein gelagert und eine Pallette importiert.<\/p>\n\n\n\n<p>Hans Wirsching Iph\u00f6fer Julius-Echter-Berg Riesling EL 2019: Gef\u00e4llt und brilliert mit gewisser \u00dcppigkeit, Quitten, Mirabellen, Lindenbl\u00fcten, reife Fr\u00fcchte, s\u00fcsse Zitronen<\/p>\n\n\n\n<p>Max M\u00fcller, Eschendorfer Lump Riesling 2014: freische gr\u00fcne Reflexe, An der Nase gr\u00fcne Bananen und Zitrone. Am Gaumen frischer Peterli, Bananen, Zitronen und sch\u00f6ne Bittekeit der Grapefruit &#8211; harmonisch<\/p>\n\n\n\n<p>B\u00fcrgerspital W\u00fcrzburger Abtsleite Riesling 2018: hellgelb mit leicht gr\u00fcnem Schimmer; tolle Nase mit Rosenbl\u00fcten, Jasmin und Williamsbirne; am Gaumen leicht gr\u00fcne Zitrone, weisse Grapefruit, leicht salzig &#8211; sch\u00f6n!<\/p>\n\n\n\n<p>B\u00fcrgerspital W\u00fcrzburger Steinharve GG Riesling 2015: Kr\u00e4ftige Nase, Mango und Zitronengras; am Gaumen \u00f6lig, s\u00e4mig, Honig, Birne, Tanin evt. vom Holz, toller Wein<\/p>\n\n\n\n<p>Juliusspital W\u00fcrzburger Stein VDP. Erste Lage Silvaner Trocken 2018: In der Nase Gravensteiner und verschiedene Apfelsorten, Birnen und Lichy; am Gaumen feingliedrig mit Lichy, weissem Pfirsich, gr\u00fcne Frucht, mineralisch, weisser Pfeffer, salzig, feine Eleganz<\/p>\n\n\n\n<p>Zehnthof Luckert Silvaner Maustal 2020: riecht \u00fcppig, cremig, Zitronencreme und Lindenbl\u00fcten, ganz fein Schweflig meinen die einen; am Gaumen gr\u00fcne Aromen, Grapefruit, Zitrone, gr\u00fcne Mango, salzig, k\u00fchle Mineralik, geradlienig, leichte vanille-Holznote<\/p>\n\n\n\n<p>Horst Sauer &#8218;Es ist wie es ist&#8216; 2016: wow, Quitten, Harz, Honig, schwarze Bananen, Jasmin; am Gaumen tolle \u00fcppige Fr\u00fcchte, Honig, Edelh\u00f6lzer, unvergesslicher Wein!<\/p>\n\n\n\n<p>Benedikt Baltes Klingenberg R, alte Reben 2015: In der Nase s\u00fcsse Kirschen, Zwetschgen, Brombeeren und Amaretti; am Gaumen Kaffee, Moccajoghurt, Amarenenkirschen, Schwarzw\u00e4ldertorte, leicht und voll in der Frucht, eher einfachere Struktur, straffe S\u00e4ure<\/p>\n\n\n\n<p>Benedikt Baltes Steintal B\u00fcrgerstadter Berg EL 2018: Sch\u00f6ne Pinotfrucht an der Nase, feine R\u00f6staromen, Kirschen; am Gaumen viel Druck, R\u00f6staromen, feine Pinotw\u00fcrze, sch\u00f6ner Wein.<\/p>\n\n\n\n<p>Meyer N\u00e4kel Dernauer Pfarrwingert GG 2016, Ahr: An der Nase dunkle Fr\u00fcchte, Kaffe, Nelken, Zwetschgen; am Gaumen wieder die Nelken und Zwetschgen, Holz gepr\u00e4gt, jung, Druck, schwarze Schoggi, Tanin, Tanin<\/p>\n\n\n\n<p>Friedrich Becker Sankt Paul 2016; Pfalz: Nobler eleganter Duft, schwarze Kirschen; am Gaumen Harz, schwarze Kirschen, Orangenschale, nobel, noch vernagelt &#8211; warten<\/p>\n\n\n\n<p>Horst Sauer Escherndorfer Lump Silvaner Auslese 2019: \u00dcppige Nase mit Ananas, Bienenwachs, Lindenbl\u00fcten, Sweetcorn; am Gaumen harmonischm Ananassaft, sch\u00f6ne S\u00fcsse-S\u00e4ure, Himbeeren<\/p>\n\n\n\n<figure class=\"wp-block-image size-large\"><a href=\"https:\/\/www.meinweinkeller.ch\/weinclub\/wp-content\/uploads\/2022\/10\/franken-9.22-scaled.jpg\"><img loading=\"lazy\" decoding=\"async\" width=\"1024\" height=\"366\" src=\"https:\/\/www.meinweinkeller.ch\/weinclub\/wp-content\/uploads\/2022\/10\/franken-9.22-1024x366.jpg\" alt=\"\" class=\"wp-image-6228\" srcset=\"https:\/\/www.meinweinkeller.ch\/weinclub\/wp-content\/uploads\/2022\/10\/franken-9.22-1024x366.jpg 1024w, https:\/\/www.meinweinkeller.ch\/weinclub\/wp-content\/uploads\/2022\/10\/franken-9.22-300x107.jpg 300w, https:\/\/www.meinweinkeller.ch\/weinclub\/wp-content\/uploads\/2022\/10\/franken-9.22-768x274.jpg 768w, https:\/\/www.meinweinkeller.ch\/weinclub\/wp-content\/uploads\/2022\/10\/franken-9.22-1536x548.jpg 1536w, https:\/\/www.meinweinkeller.ch\/weinclub\/wp-content\/uploads\/2022\/10\/franken-9.22-2048x731.jpg 2048w, https:\/\/www.meinweinkeller.ch\/weinclub\/wp-content\/uploads\/2022\/10\/franken-9.22-500x179.jpg 500w\" sizes=\"auto, (max-width: 1024px) 100vw, 1024px\" \/><\/a><\/figure>\n\n\n\n<figure class=\"wp-block-image size-large\"><a href=\"http:\/\/www.meinweinkeller.ch\/weinclub\/wp-content\/uploads\/2021\/07\/IMG_20201016_090113-scaled.jpg\"><img loading=\"lazy\" decoding=\"async\" width=\"1024\" height=\"472\" src=\"http:\/\/www.meinweinkeller.ch\/weinclub\/wp-content\/uploads\/2021\/07\/IMG_20201016_090113-1024x472.jpg\" alt=\"\" class=\"wp-image-5538\" srcset=\"https:\/\/www.meinweinkeller.ch\/weinclub\/wp-content\/uploads\/2021\/07\/IMG_20201016_090113-1024x472.jpg 1024w, https:\/\/www.meinweinkeller.ch\/weinclub\/wp-content\/uploads\/2021\/07\/IMG_20201016_090113-300x138.jpg 300w, https:\/\/www.meinweinkeller.ch\/weinclub\/wp-content\/uploads\/2021\/07\/IMG_20201016_090113-768x354.jpg 768w, https:\/\/www.meinweinkeller.ch\/weinclub\/wp-content\/uploads\/2021\/07\/IMG_20201016_090113-1536x707.jpg 1536w, https:\/\/www.meinweinkeller.ch\/weinclub\/wp-content\/uploads\/2021\/07\/IMG_20201016_090113-2048x943.jpg 2048w, https:\/\/www.meinweinkeller.ch\/weinclub\/wp-content\/uploads\/2021\/07\/IMG_20201016_090113-500x230.jpg 500w\" sizes=\"auto, (max-width: 1024px) 100vw, 1024px\" \/><\/a><\/figure>\n","protected":false},"excerpt":{"rendered":"<p>Vor zwei Jahren haben wir Jorges Bus auf unserer Frankenreise mit Wein gef\u00fcllt, Marcel unz\u00e4hlige Pakete an der Grenze abgeholt, Markus Wein gelagert und eine Pallette importiert. Hans Wirsching Iph\u00f6fer Julius-Echter-Berg Riesling EL 2019: Gef\u00e4llt und brilliert mit gewisser \u00dcppigkeit, &hellip; <a href=\"https:\/\/www.meinweinkeller.ch\/weinclub\/donnerstag-degustationen\/donnerstag-22-september-2022-franken\/\">Weiterlesen <span class=\"meta-nav\">&rarr;<\/span><\/a><\/p>\n","protected":false},"author":1,"featured_media":5372,"comment_status":"closed","ping_status":"closed","sticky":false,"template":"","format":"standard","meta":{"footnotes":""},"categories":[4],"tags":[],"class_list":["post-6210","post","type-post","status-publish","format-standard","has-post-thumbnail","hentry","category-donnerstag-degustationen"],"_links":{"self":[{"href":"https:\/\/www.meinweinkeller.ch\/weinclub\/wp-json\/wp\/v2\/posts\/6210","targetHints":{"allow":["GET"]}}],"collection":[{"href":"https:\/\/www.meinweinkeller.ch\/weinclub\/wp-json\/wp\/v2\/posts"}],"about":[{"href":"https:\/\/www.meinweinkeller.ch\/weinclub\/wp-json\/wp\/v2\/types\/post"}],"author":[{"embeddable":true,"href":"https:\/\/www.meinweinkeller.ch\/weinclub\/wp-json\/wp\/v2\/users\/1"}],"replies":[{"embeddable":true,"href":"https:\/\/www.meinweinkeller.ch\/weinclub\/wp-json\/wp\/v2\/comments?post=6210"}],"version-history":[{"count":8,"href":"https:\/\/www.meinweinkeller.ch\/weinclub\/wp-json\/wp\/v2\/posts\/6210\/revisions"}],"predecessor-version":[{"id":6238,"href":"https:\/\/www.meinweinkeller.ch\/weinclub\/wp-json\/wp\/v2\/posts\/6210\/revisions\/6238"}],"wp:featuredmedia":[{"embeddable":true,"href":"https:\/\/www.meinweinkeller.ch\/weinclub\/wp-json\/wp\/v2\/media\/5372"}],"wp:attachment":[{"href":"https:\/\/www.meinweinkeller.ch\/weinclub\/wp-json\/wp\/v2\/media?parent=6210"}],"wp:term":[{"taxonomy":"category","embeddable":true,"href":"https:\/\/www.meinweinkeller.ch\/weinclub\/wp-json\/wp\/v2\/categories?post=6210"},{"taxonomy":"post_tag","embeddable":true,"href":"https:\/\/www.meinweinkeller.ch\/weinclub\/wp-json\/wp\/v2\/tags?post=6210"}],"curies":[{"name":"wp","href":"https:\/\/api.w.org\/{rel}","templated":true}]}}