{"id":5999,"date":"2022-05-20T17:16:40","date_gmt":"2022-05-20T17:16:40","guid":{"rendered":"http:\/\/www.meinweinkeller.ch\/weinclub\/?p=5999"},"modified":"2022-05-20T17:22:03","modified_gmt":"2022-05-20T17:22:03","slug":"donnerstag-26-mai-2022-auffahrt-keine-degustation","status":"publish","type":"post","link":"https:\/\/www.meinweinkeller.ch\/weinclub\/donnerstag-degustationen\/donnerstag-26-mai-2022-auffahrt-keine-degustation\/","title":{"rendered":"Donnerstag, 26. Mai 2022: Auffahrt &#8211; keine Degustation"},"content":{"rendered":"\n<p>An Auffahrt bleibt der Weinkeller geschlossen. Wer Lust hat auf ein privates Trinkvergn\u00fcgen, der buche den Privattermin und Otti wird die Interessierten zusammenf\u00fchren.<\/p>\n\n\n\n<a href=\"https:\/\/www.picktime.com\/f4a1d1e2-e78e-4954-a8fc-d71e935d91c1\" class=\"ptbkbtn\" target=\"_blank\" style=\"float:none;\" rel=\"noopener\"><img decoding=\"async\" border=\"none\" src=\"https:\/\/www.picktime.com\/img\/widgetButtons\/BookingPage\/picktime-book-online-gray.png\" alt=\"Book an appointment with MeinWeinkeller\"\/><\/a>\n\n\n\n<p>Vorschau Donnerstag, 2. Juni vor Pfingsten: Portugal (weiss und rot &#8211; ohne Port)<\/p>\n\n\n\n<p>Marc und Otti w\u00fcnschen allen eine trinkfreudige Auffahrt!<\/p>\n\n\n\n<figure class=\"wp-block-image size-large\"><a href=\"http:\/\/www.meinweinkeller.ch\/weinclub\/wp-content\/uploads\/2016\/05\/restalmansa.jpg\"><img loading=\"lazy\" decoding=\"async\" width=\"1024\" height=\"768\" src=\"http:\/\/www.meinweinkeller.ch\/weinclub\/wp-content\/uploads\/2016\/05\/restalmansa-1024x768.jpg\" alt=\"\" class=\"wp-image-2961\" srcset=\"https:\/\/www.meinweinkeller.ch\/weinclub\/wp-content\/uploads\/2016\/05\/restalmansa-1024x768.jpg 1024w, https:\/\/www.meinweinkeller.ch\/weinclub\/wp-content\/uploads\/2016\/05\/restalmansa-300x225.jpg 300w, https:\/\/www.meinweinkeller.ch\/weinclub\/wp-content\/uploads\/2016\/05\/restalmansa-768x576.jpg 768w, https:\/\/www.meinweinkeller.ch\/weinclub\/wp-content\/uploads\/2016\/05\/restalmansa-400x300.jpg 400w, https:\/\/www.meinweinkeller.ch\/weinclub\/wp-content\/uploads\/2016\/05\/restalmansa.jpg 1632w\" sizes=\"auto, (max-width: 1024px) 100vw, 1024px\" \/><\/a><\/figure>\n","protected":false},"excerpt":{"rendered":"<p>An Auffahrt bleibt der Weinkeller geschlossen. Wer Lust hat auf ein privates Trinkvergn\u00fcgen, der buche den Privattermin und Otti wird die Interessierten zusammenf\u00fchren. Vorschau Donnerstag, 2. Juni vor Pfingsten: Portugal (weiss und rot &#8211; ohne Port) Marc und Otti w\u00fcnschen &hellip; <a href=\"https:\/\/www.meinweinkeller.ch\/weinclub\/donnerstag-degustationen\/donnerstag-26-mai-2022-auffahrt-keine-degustation\/\">Weiterlesen <span class=\"meta-nav\">&rarr;<\/span><\/a><\/p>\n","protected":false},"author":1,"featured_media":5540,"comment_status":"closed","ping_status":"closed","sticky":false,"template":"","format":"standard","meta":{"footnotes":""},"categories":[4],"tags":[],"class_list":["post-5999","post","type-post","status-publish","format-standard","has-post-thumbnail","hentry","category-donnerstag-degustationen"],"_links":{"self":[{"href":"https:\/\/www.meinweinkeller.ch\/weinclub\/wp-json\/wp\/v2\/posts\/5999","targetHints":{"allow":["GET"]}}],"collection":[{"href":"https:\/\/www.meinweinkeller.ch\/weinclub\/wp-json\/wp\/v2\/posts"}],"about":[{"href":"https:\/\/www.meinweinkeller.ch\/weinclub\/wp-json\/wp\/v2\/types\/post"}],"author":[{"embeddable":true,"href":"https:\/\/www.meinweinkeller.ch\/weinclub\/wp-json\/wp\/v2\/users\/1"}],"replies":[{"embeddable":true,"href":"https:\/\/www.meinweinkeller.ch\/weinclub\/wp-json\/wp\/v2\/comments?post=5999"}],"version-history":[{"count":4,"href":"https:\/\/www.meinweinkeller.ch\/weinclub\/wp-json\/wp\/v2\/posts\/5999\/revisions"}],"predecessor-version":[{"id":6005,"href":"https:\/\/www.meinweinkeller.ch\/weinclub\/wp-json\/wp\/v2\/posts\/5999\/revisions\/6005"}],"wp:featuredmedia":[{"embeddable":true,"href":"https:\/\/www.meinweinkeller.ch\/weinclub\/wp-json\/wp\/v2\/media\/5540"}],"wp:attachment":[{"href":"https:\/\/www.meinweinkeller.ch\/weinclub\/wp-json\/wp\/v2\/media?parent=5999"}],"wp:term":[{"taxonomy":"category","embeddable":true,"href":"https:\/\/www.meinweinkeller.ch\/weinclub\/wp-json\/wp\/v2\/categories?post=5999"},{"taxonomy":"post_tag","embeddable":true,"href":"https:\/\/www.meinweinkeller.ch\/weinclub\/wp-json\/wp\/v2\/tags?post=5999"}],"curies":[{"name":"wp","href":"https:\/\/api.w.org\/{rel}","templated":true}]}}