{"id":5935,"date":"2022-04-26T17:19:54","date_gmt":"2022-04-26T17:19:54","guid":{"rendered":"http:\/\/www.meinweinkeller.ch\/weinclub\/?p=5935"},"modified":"2022-04-30T14:31:34","modified_gmt":"2022-04-30T14:31:34","slug":"donnerstag-28-april-2022-maremma","status":"publish","type":"post","link":"https:\/\/www.meinweinkeller.ch\/weinclub\/donnerstag-degustationen\/donnerstag-28-april-2022-maremma\/","title":{"rendered":"Donnerstag, 28. April 2022: Maremma"},"content":{"rendered":"\n<p>Otti ist von der Maremma zur\u00fcck und hat Weine und Leckereien im Gep\u00e4ck.<\/p>\n\n\n\n<figure class=\"wp-block-image size-large\"><a href=\"https:\/\/www.meinweinkeller.ch\/weinclub\/wp-content\/uploads\/2022\/04\/maremma-toscana-scaled.jpg\"><img loading=\"lazy\" decoding=\"async\" width=\"1024\" height=\"472\" src=\"https:\/\/www.meinweinkeller.ch\/weinclub\/wp-content\/uploads\/2022\/04\/maremma-toscana-1024x472.jpg\" alt=\"\" class=\"wp-image-5948\" srcset=\"https:\/\/www.meinweinkeller.ch\/weinclub\/wp-content\/uploads\/2022\/04\/maremma-toscana-1024x472.jpg 1024w, https:\/\/www.meinweinkeller.ch\/weinclub\/wp-content\/uploads\/2022\/04\/maremma-toscana-300x138.jpg 300w, https:\/\/www.meinweinkeller.ch\/weinclub\/wp-content\/uploads\/2022\/04\/maremma-toscana-768x354.jpg 768w, https:\/\/www.meinweinkeller.ch\/weinclub\/wp-content\/uploads\/2022\/04\/maremma-toscana-1536x707.jpg 1536w, https:\/\/www.meinweinkeller.ch\/weinclub\/wp-content\/uploads\/2022\/04\/maremma-toscana-2048x943.jpg 2048w, https:\/\/www.meinweinkeller.ch\/weinclub\/wp-content\/uploads\/2022\/04\/maremma-toscana-500x230.jpg 500w\" sizes=\"auto, (max-width: 1024px) 100vw, 1024px\" \/><\/a><\/figure>\n\n\n\n<p>Wochenriesling \u00e4hhh Silvaner von Marcel: Juliusspital, W\u00fcrburger Stein, Silvaner 2018: Tolle klare Frucht, sch\u00f6ne Intensit\u00e4t mit Birnen, Mirabellen und Blumen, fast gremig &#8211; aha &#8211; ein Silvaner kein \u00fcppiger Riesling, wie vermutet.<\/p>\n\n\n\n<p>Toscana: Bolgheri &#8211; Maremma:<\/p>\n\n\n\n<p>Campo alla Sughera, Arioso, Vermentino 2020: Harmonisch &#8211; Honig, Kr\u00e4uter, Lavendel, Lindenbl\u00fcten, Eisth\u00e9, etwas Cremig, knackige S\u00e4ure, frische Bitterkeit, ein sch\u00f6ner frischer Wein und typischer Vermentino aus der Toscana.<\/p>\n\n\n\n<p>Rigoloccio, Montecalvo, Toscano Bianco IGT 2020, Chardonnay und Fiano: Typische Chardonnay-Nase, Honig, Blumenwiese, L\u00f6wenzahn und Lindenbl\u00fcten. Am Gaumen Juni Blumenwiese, Lindebl\u00fcten, leicht cremig, knackige S\u00e4ure und Bitterkeit. Sch\u00f6ner Aperowein!<\/p>\n\n\n\n<p>Casteani, Sessanta 60, Maremma Toscana Doc 2016 &#8211; Basiswein &#8211; Sangiovese, Alicante Bouschet: Die Nase zeigt dunkle Fr\u00fcchte, Zwetschgen und s\u00fcsse Brombeeren. Am Gaumen Kaffee, Leder, Schoggi, Brombeeren, eher modern, Bitterschokolade, Kakaobitternote, Zwetschgenschale, sch\u00f6ner Abgang. sch\u00f6ner Alltagswein.<\/p>\n\n\n\n<p>Casteani, Terra di Casteani, Rosso Riserva 2016, Maremma Toscana DOC &#8211; Sangiovese und Merlot: Die Nase f\u00fcllen schwarze Fr\u00fcchte, Kaffee, Cacao und Espressonoten. Am Gaumen tolle schwarze reife Fr\u00fcchte, Heidelbeeren und Brombeeren, rauchig, Zimt und Gew\u00fcrznelken, dichter toller Riserva.<\/p>\n\n\n\n<p>Rigoloccio, RIGOLOCCIO 2020, DOC Maremma Toscana &#8211; CS, Merlot, CF, PV: Schwarze intesive Fr\u00fcchte, Brombeeren, Zwetschgen, Zimt, Schoggi, Leder, modern und kompex, Teer, saftig und pelzige Tanine, sch\u00f6ne S\u00e4ure, ein grosser Wein, noch viel  zu jung.<\/p>\n\n\n\n<p>Le Vigne da Silvia, Itinerante, Cabernet Franc, 2020 &#8211; Bolgheri, Toscana: Noch sehr jung, cremig, Zwetschgen, s\u00fcsslicher Tabak, Zedernholz, dunkle Fr\u00fcchte und Noten, spitze S\u00e4ure &#8211; die einen erkennen CO2 &#8211; na ja &#8211; der Wein wurde 6 Std. dekantiert. Saftig, auch Stachelbeeren, Himbeeren, die typisch italienische S\u00e4ure, f\u00fcr die einene zuwenig Struktur, f\u00fcr die einen wie ein Touriga National,  die einen lieben den Wein &#8211; die anderen &#8230; wissens nicht recht \ud83d\ude09<\/p>\n\n\n\n<p>Fattoria di Magliano, poggio bestiale 2013, Maremma: Sch\u00f6ne reife schwarze Fr\u00fcchte, am Gaumen auch rote Fr\u00fcchte, Heidelbeeren, italienische S\u00e4ure, toller reifer Essenswein, lang<\/p>\n\n\n\n<p>Variazioni in Rosso dell&#8216; Ornellaia 2016, Merlot: Dieser Wein gibt es nur auf dem Weingut zu kaufen und wird jedes Jahr mit einer anderen Traubensorte 100% abgef\u00fcllt. Nun sind sich die Weinherzen endlich einig &#8211; ein grosser toller Wein alla Ornellaia. Edelh\u00f6lzer, Mahagoni, Zedernholz, Tabakkiste, Harz, Weihrauch, Lebkuchen, schwarze Fr\u00fcchte, Tanin. Ein grosser Wein obwohl die grosse Vielschichtigkeit eines Ornellaia fehlt.<\/p>\n\n\n\n<p>S\u00fcssweinkuriosit\u00e4t aus einem ganz kleinen F\u00e4sschen mit Aleatico, Passito, Maremma, 2019: D\u00fcnn, elegant und nur leicht s\u00fcss, Schwarzth\u00e9, Weinbeeren, Schoko und Florale Noten, Rosen. F\u00fcr die einen eine spannende elegante Kuroisit\u00e4t f\u00fcr Marcel 2 Sterne VIVINO &#8211; es erinnert ihn zu sehr an einen Chambertin 1942 \ud83d\ude09 <\/p>\n\n\n\n<p><a href=\"https:\/\/de.wikipedia.org\/wiki\/Ludwig_Tieck\">Ludwig Tieck<\/a> l\u00e4sst in seiner Novelle \u201eDie Gem\u00e4lde\u201c den alten Maler und Weinkenner Eulenb\u00f6ck den Aleatico folgenderma\u00dfen preisen:<\/p>\n\n\n\n<blockquote class=\"wp-block-quote is-layout-flow wp-block-quote-is-layout-flow\"><p>\u201eNun so kostet denn, Freunde, und versteht mich! Aber nicht konnt ich dich aufsetzen, dich K\u00f6nig aller Weine, dich rosenr\u00f6tlicher Aleatico, Blume und Ausbund alles Weingeistes, Milch und Wein, Blume und S\u00fc\u00dfe, Feuer und Milde zugleich! Diesen Wundergesellen trinkt, kostet, nippt und z\u00fcngelt man nicht; sondern dem Beseligten erschlie\u00dft sich ein neues Organ, das sich dem Unkundigen und N\u00fcchternen nicht beschreiben l\u00e4\u00dft.\u201c<\/p><cite>Wikipedia Traumensorte Aleatico<\/cite><\/blockquote>\n\n\n\n<p><\/p>\n","protected":false},"excerpt":{"rendered":"<p>Otti ist von der Maremma zur\u00fcck und hat Weine und Leckereien im Gep\u00e4ck. Wochenriesling \u00e4hhh Silvaner von Marcel: Juliusspital, W\u00fcrburger Stein, Silvaner 2018: Tolle klare Frucht, sch\u00f6ne Intensit\u00e4t mit Birnen, Mirabellen und Blumen, fast gremig &#8211; aha &#8211; ein Silvaner &hellip; <a href=\"https:\/\/www.meinweinkeller.ch\/weinclub\/donnerstag-degustationen\/donnerstag-28-april-2022-maremma\/\">Weiterlesen <span class=\"meta-nav\">&rarr;<\/span><\/a><\/p>\n","protected":false},"author":1,"featured_media":5937,"comment_status":"closed","ping_status":"closed","sticky":false,"template":"","format":"standard","meta":{"footnotes":""},"categories":[4],"tags":[],"class_list":["post-5935","post","type-post","status-publish","format-standard","has-post-thumbnail","hentry","category-donnerstag-degustationen"],"_links":{"self":[{"href":"https:\/\/www.meinweinkeller.ch\/weinclub\/wp-json\/wp\/v2\/posts\/5935","targetHints":{"allow":["GET"]}}],"collection":[{"href":"https:\/\/www.meinweinkeller.ch\/weinclub\/wp-json\/wp\/v2\/posts"}],"about":[{"href":"https:\/\/www.meinweinkeller.ch\/weinclub\/wp-json\/wp\/v2\/types\/post"}],"author":[{"embeddable":true,"href":"https:\/\/www.meinweinkeller.ch\/weinclub\/wp-json\/wp\/v2\/users\/1"}],"replies":[{"embeddable":true,"href":"https:\/\/www.meinweinkeller.ch\/weinclub\/wp-json\/wp\/v2\/comments?post=5935"}],"version-history":[{"count":9,"href":"https:\/\/www.meinweinkeller.ch\/weinclub\/wp-json\/wp\/v2\/posts\/5935\/revisions"}],"predecessor-version":[{"id":5960,"href":"https:\/\/www.meinweinkeller.ch\/weinclub\/wp-json\/wp\/v2\/posts\/5935\/revisions\/5960"}],"wp:featuredmedia":[{"embeddable":true,"href":"https:\/\/www.meinweinkeller.ch\/weinclub\/wp-json\/wp\/v2\/media\/5937"}],"wp:attachment":[{"href":"https:\/\/www.meinweinkeller.ch\/weinclub\/wp-json\/wp\/v2\/media?parent=5935"}],"wp:term":[{"taxonomy":"category","embeddable":true,"href":"https:\/\/www.meinweinkeller.ch\/weinclub\/wp-json\/wp\/v2\/categories?post=5935"},{"taxonomy":"post_tag","embeddable":true,"href":"https:\/\/www.meinweinkeller.ch\/weinclub\/wp-json\/wp\/v2\/tags?post=5935"}],"curies":[{"name":"wp","href":"https:\/\/api.w.org\/{rel}","templated":true}]}}