{"id":4940,"date":"2020-07-10T19:28:29","date_gmt":"2020-07-10T19:28:29","guid":{"rendered":"http:\/\/www.meinweinkeller.ch\/weinclub\/?p=4940"},"modified":"2020-07-13T13:56:50","modified_gmt":"2020-07-13T13:56:50","slug":"sommerpause-bis-16-august-2020","status":"publish","type":"post","link":"https:\/\/www.meinweinkeller.ch\/weinclub\/donnerstag-degustationen\/sommerpause-bis-16-august-2020\/","title":{"rendered":"Sommerpause bis 16. August 2020"},"content":{"rendered":"\n<p>Wir w\u00fcnschen euch allen sch\u00f6ne Ferien mit viel Genuss und tollen Weinen!<\/p>\n\n\n\n<p>Warum nicht eine Ferienentdeckung f\u00fcr den Weinclub zur Seite legen?  Am 20. August geht&#8217;s wieder los! Tsch\u00fc\u00fc\u00fc\u00fcsss und bis bald!<\/p>\n\n\n\n<figure class=\"wp-block-image\"><img loading=\"lazy\" decoding=\"async\" width=\"1024\" height=\"768\" src=\"http:\/\/www.meinweinkeller.ch\/weinclub\/wp-content\/uploads\/2016\/05\/restalmansa-1024x768.jpg\" alt=\"\" class=\"wp-image-2961\" srcset=\"https:\/\/www.meinweinkeller.ch\/weinclub\/wp-content\/uploads\/2016\/05\/restalmansa-1024x768.jpg 1024w, https:\/\/www.meinweinkeller.ch\/weinclub\/wp-content\/uploads\/2016\/05\/restalmansa-300x225.jpg 300w, https:\/\/www.meinweinkeller.ch\/weinclub\/wp-content\/uploads\/2016\/05\/restalmansa-768x576.jpg 768w, https:\/\/www.meinweinkeller.ch\/weinclub\/wp-content\/uploads\/2016\/05\/restalmansa-400x300.jpg 400w, https:\/\/www.meinweinkeller.ch\/weinclub\/wp-content\/uploads\/2016\/05\/restalmansa.jpg 1632w\" sizes=\"auto, (max-width: 1024px) 100vw, 1024px\" \/><\/figure>\n","protected":false},"excerpt":{"rendered":"<p>Wir w\u00fcnschen euch allen sch\u00f6ne Ferien mit viel Genuss und tollen Weinen! Warum nicht eine Ferienentdeckung f\u00fcr den Weinclub zur Seite legen? Am 20. August geht&#8217;s wieder los! Tsch\u00fc\u00fc\u00fc\u00fcsss und bis bald!<\/p>\n","protected":false},"author":1,"featured_media":2035,"comment_status":"closed","ping_status":"closed","sticky":false,"template":"","format":"standard","meta":{"footnotes":""},"categories":[4],"tags":[],"class_list":["post-4940","post","type-post","status-publish","format-standard","has-post-thumbnail","hentry","category-donnerstag-degustationen"],"_links":{"self":[{"href":"https:\/\/www.meinweinkeller.ch\/weinclub\/wp-json\/wp\/v2\/posts\/4940","targetHints":{"allow":["GET"]}}],"collection":[{"href":"https:\/\/www.meinweinkeller.ch\/weinclub\/wp-json\/wp\/v2\/posts"}],"about":[{"href":"https:\/\/www.meinweinkeller.ch\/weinclub\/wp-json\/wp\/v2\/types\/post"}],"author":[{"embeddable":true,"href":"https:\/\/www.meinweinkeller.ch\/weinclub\/wp-json\/wp\/v2\/users\/1"}],"replies":[{"embeddable":true,"href":"https:\/\/www.meinweinkeller.ch\/weinclub\/wp-json\/wp\/v2\/comments?post=4940"}],"version-history":[{"count":3,"href":"https:\/\/www.meinweinkeller.ch\/weinclub\/wp-json\/wp\/v2\/posts\/4940\/revisions"}],"predecessor-version":[{"id":4945,"href":"https:\/\/www.meinweinkeller.ch\/weinclub\/wp-json\/wp\/v2\/posts\/4940\/revisions\/4945"}],"wp:featuredmedia":[{"embeddable":true,"href":"https:\/\/www.meinweinkeller.ch\/weinclub\/wp-json\/wp\/v2\/media\/2035"}],"wp:attachment":[{"href":"https:\/\/www.meinweinkeller.ch\/weinclub\/wp-json\/wp\/v2\/media?parent=4940"}],"wp:term":[{"taxonomy":"category","embeddable":true,"href":"https:\/\/www.meinweinkeller.ch\/weinclub\/wp-json\/wp\/v2\/categories?post=4940"},{"taxonomy":"post_tag","embeddable":true,"href":"https:\/\/www.meinweinkeller.ch\/weinclub\/wp-json\/wp\/v2\/tags?post=4940"}],"curies":[{"name":"wp","href":"https:\/\/api.w.org\/{rel}","templated":true}]}}