{"id":4840,"date":"2020-05-30T14:03:40","date_gmt":"2020-05-30T14:03:40","guid":{"rendered":"http:\/\/www.meinweinkeller.ch\/weinclub\/?p=4840"},"modified":"2020-06-05T12:59:46","modified_gmt":"2020-06-05T12:59:46","slug":"donnerstag-4-juni-2020-serie-home-drinking-sangiovese","status":"publish","type":"post","link":"https:\/\/www.meinweinkeller.ch\/weinclub\/donnerstag-degustationen\/donnerstag-4-juni-2020-serie-home-drinking-sangiovese\/","title":{"rendered":"Donnerstag, 4. Juni 2020: Serie &#8218;home drinking&#8216; &#8211; Sangiovese"},"content":{"rendered":"\n<p>Nach 8 Flaschen Loire haben die 4 G\u00e4rtner entschieden: Sangiovese!<\/p>\n\n\n\n<figure class=\"wp-block-image\"><img loading=\"lazy\" decoding=\"async\" width=\"1024\" height=\"640\" src=\"http:\/\/www.meinweinkeller.ch\/weinclub\/wp-content\/uploads\/2020\/06\/Skype-20200604-191325-1024x640.jpeg\" alt=\"\" class=\"wp-image-4867\" srcset=\"https:\/\/www.meinweinkeller.ch\/weinclub\/wp-content\/uploads\/2020\/06\/Skype-20200604-191325-1024x640.jpeg 1024w, https:\/\/www.meinweinkeller.ch\/weinclub\/wp-content\/uploads\/2020\/06\/Skype-20200604-191325-300x188.jpeg 300w, https:\/\/www.meinweinkeller.ch\/weinclub\/wp-content\/uploads\/2020\/06\/Skype-20200604-191325-768x480.jpeg 768w, https:\/\/www.meinweinkeller.ch\/weinclub\/wp-content\/uploads\/2020\/06\/Skype-20200604-191325-480x300.jpeg 480w, https:\/\/www.meinweinkeller.ch\/weinclub\/wp-content\/uploads\/2020\/06\/Skype-20200604-191325.jpeg 1260w\" sizes=\"auto, (max-width: 1024px) 100vw, 1024px\" \/><\/figure>\n\n\n\n<figure class=\"wp-block-image\"><img loading=\"lazy\" decoding=\"async\" width=\"768\" height=\"1024\" src=\"http:\/\/www.meinweinkeller.ch\/weinclub\/wp-content\/uploads\/2020\/06\/IMG-20200604-WA0000-768x1024.jpg\" alt=\"\" class=\"wp-image-4870\" srcset=\"https:\/\/www.meinweinkeller.ch\/weinclub\/wp-content\/uploads\/2020\/06\/IMG-20200604-WA0000-768x1024.jpg 768w, https:\/\/www.meinweinkeller.ch\/weinclub\/wp-content\/uploads\/2020\/06\/IMG-20200604-WA0000-225x300.jpg 225w, https:\/\/www.meinweinkeller.ch\/weinclub\/wp-content\/uploads\/2020\/06\/IMG-20200604-WA0000.jpg 1536w\" sizes=\"auto, (max-width: 768px) 100vw, 768px\" \/><figcaption>Marc: Eco 2009, Vedi Torre. Wir haben diesen Wein schon im Club beschrieben: Nase ganz ok, Gaumen unharmonisch, mit aufgesetzter S\u00fcsse.<br \/><br \/><\/figcaption><\/figure>\n\n\n\n<figure class=\"wp-block-image\"><img loading=\"lazy\" decoding=\"async\" width=\"768\" height=\"1024\" src=\"http:\/\/www.meinweinkeller.ch\/weinclub\/wp-content\/uploads\/2020\/06\/IMG-20200604-WA0001-768x1024.jpg\" alt=\"\" class=\"wp-image-4872\" srcset=\"https:\/\/www.meinweinkeller.ch\/weinclub\/wp-content\/uploads\/2020\/06\/IMG-20200604-WA0001-768x1024.jpg 768w, https:\/\/www.meinweinkeller.ch\/weinclub\/wp-content\/uploads\/2020\/06\/IMG-20200604-WA0001-225x300.jpg 225w, https:\/\/www.meinweinkeller.ch\/weinclub\/wp-content\/uploads\/2020\/06\/IMG-20200604-WA0001.jpg 1536w\" sizes=\"auto, (max-width: 768px) 100vw, 768px\" \/><figcaption>Marc: Aldi-Wein f\u00fcr 3.75 Fr&#8230; San Zenone Chianti 2018. Da wird der Eco direkt zum \u00dcberflieger! Dieser hier: gr\u00e4sslich! Animalischer Fehlton, k\u00fcnstliche Frucht, die S\u00fcsse ist grauenhaft und als w\u00e4re dem nicht genug, kitzelt auch noch Kohlens\u00e4ure auf der Zunge. Ein Schluck davon ist schon ein Schluck zuviel!<\/figcaption><\/figure>\n\n\n\n<figure class=\"wp-block-image\"><img loading=\"lazy\" decoding=\"async\" width=\"576\" height=\"1024\" src=\"http:\/\/www.meinweinkeller.ch\/weinclub\/wp-content\/uploads\/2020\/06\/IMG-20200604-WA0002-576x1024.jpg\" alt=\"\" class=\"wp-image-4874\" srcset=\"https:\/\/www.meinweinkeller.ch\/weinclub\/wp-content\/uploads\/2020\/06\/IMG-20200604-WA0002-576x1024.jpg 576w, https:\/\/www.meinweinkeller.ch\/weinclub\/wp-content\/uploads\/2020\/06\/IMG-20200604-WA0002-169x300.jpg 169w, https:\/\/www.meinweinkeller.ch\/weinclub\/wp-content\/uploads\/2020\/06\/IMG-20200604-WA0002-768x1365.jpg 768w, https:\/\/www.meinweinkeller.ch\/weinclub\/wp-content\/uploads\/2020\/06\/IMG-20200604-WA0002.jpg 1152w\" sizes=\"auto, (max-width: 576px) 100vw, 576px\" \/><figcaption>Benjamin K.: Sehr sch\u00f6ner Sangiovese. Trinkreif. Erdig. S\u00fcffig. Preisg\u00fcnstig. 97PP \/ 96 Suckling finde ich etwas \u00fcberbewertet aber 4 Vivino Sterne finde ich angemessen. Sch\u00f6ner Abend an alle.<\/figcaption><\/figure>\n\n\n\n<figure class=\"wp-block-image\"><img loading=\"lazy\" decoding=\"async\" width=\"768\" height=\"1024\" src=\"http:\/\/www.meinweinkeller.ch\/weinclub\/wp-content\/uploads\/2020\/06\/IMG-20200604-WA0003-768x1024.jpg\" alt=\"\" class=\"wp-image-4876\" srcset=\"https:\/\/www.meinweinkeller.ch\/weinclub\/wp-content\/uploads\/2020\/06\/IMG-20200604-WA0003-768x1024.jpg 768w, https:\/\/www.meinweinkeller.ch\/weinclub\/wp-content\/uploads\/2020\/06\/IMG-20200604-WA0003-225x300.jpg 225w, https:\/\/www.meinweinkeller.ch\/weinclub\/wp-content\/uploads\/2020\/06\/IMG-20200604-WA0003.jpg 1536w\" sizes=\"auto, (max-width: 768px) 100vw, 768px\" \/><figcaption>Markus D.: Monsanto CC Riserva 2009: \u00fcppig und trocken, in der ersten Phase zu dominante S\u00e4ure. Rote Kirschen und etwas Himbeere mit einem (wohl altersbedingt) Hauch von D\u00f6rrobst. Ausgewogene Balance mit Leder, Eiche und etwas mildem Tabak. Eine Stunde Luft tut gut und offenbart eine ansprechende F\u00fclle. 3.5 von 5 Punkten erscheinen mir angemessen.<br \/>Felsina Fontalloro 2009: Klar h\u00f6herer Level als Monsanto. Von Beginn an \u00fcppiger, aber auch ausgewogener mit Kirschen, Rauch, Zedernholz und Ledernoten. Auch hier gewinnt der Wein mit jeder Stunde (naja, zumindest die erprobten ersten drei).\u00a04 von 5 Punkten ehren einen modern gemachten, aber der Tradition verpflichteten Wein, ohne ein \u201efauler Kompromiss\u201c zu sein!<\/figcaption><\/figure>\n\n\n\n<figure class=\"wp-block-image\"><img loading=\"lazy\" decoding=\"async\" width=\"577\" height=\"1024\" src=\"http:\/\/www.meinweinkeller.ch\/weinclub\/wp-content\/uploads\/2020\/06\/IMG-20200604-WA0004-577x1024.jpg\" alt=\"\" class=\"wp-image-4878\" srcset=\"https:\/\/www.meinweinkeller.ch\/weinclub\/wp-content\/uploads\/2020\/06\/IMG-20200604-WA0004-577x1024.jpg 577w, https:\/\/www.meinweinkeller.ch\/weinclub\/wp-content\/uploads\/2020\/06\/IMG-20200604-WA0004-169x300.jpg 169w, https:\/\/www.meinweinkeller.ch\/weinclub\/wp-content\/uploads\/2020\/06\/IMG-20200604-WA0004-768x1364.jpg 768w, https:\/\/www.meinweinkeller.ch\/weinclub\/wp-content\/uploads\/2020\/06\/IMG-20200604-WA0004.jpg 1153w\" sizes=\"auto, (max-width: 577px) 100vw, 577px\" \/><figcaption>Beni F.: Ein sch\u00f6n gereifter Brunello, \u00fcber dem Zenith aber noch immer sch\u00f6n zu trinken<br \/><br \/><\/figcaption><\/figure>\n\n\n\n<figure class=\"wp-block-image\"><img loading=\"lazy\" decoding=\"async\" width=\"768\" height=\"1024\" src=\"http:\/\/www.meinweinkeller.ch\/weinclub\/wp-content\/uploads\/2020\/06\/IMG-20200604-WA0005-768x1024.jpg\" alt=\"\" class=\"wp-image-4879\" srcset=\"https:\/\/www.meinweinkeller.ch\/weinclub\/wp-content\/uploads\/2020\/06\/IMG-20200604-WA0005-768x1024.jpg 768w, https:\/\/www.meinweinkeller.ch\/weinclub\/wp-content\/uploads\/2020\/06\/IMG-20200604-WA0005-225x300.jpg 225w, https:\/\/www.meinweinkeller.ch\/weinclub\/wp-content\/uploads\/2020\/06\/IMG-20200604-WA0005.jpg 1536w\" sizes=\"auto, (max-width: 768px) 100vw, 768px\" \/><figcaption>Beni F.: Mein Einstieg in den Abend, lange Goldkapsel, Riesling auf h\u00f6chstem Niveau, moderate S\u00fcsse, macht s\u00fcchtig \ud83d\ude0a<br \/><br \/><\/figcaption><\/figure>\n\n\n\n<figure class=\"wp-block-image\"><img loading=\"lazy\" decoding=\"async\" width=\"472\" height=\"1024\" src=\"http:\/\/www.meinweinkeller.ch\/weinclub\/wp-content\/uploads\/2020\/06\/IMG-20200604-WA0008-472x1024.jpg\" alt=\"\" class=\"wp-image-4886\" srcset=\"https:\/\/www.meinweinkeller.ch\/weinclub\/wp-content\/uploads\/2020\/06\/IMG-20200604-WA0008-472x1024.jpg 472w, https:\/\/www.meinweinkeller.ch\/weinclub\/wp-content\/uploads\/2020\/06\/IMG-20200604-WA0008-138x300.jpg 138w, https:\/\/www.meinweinkeller.ch\/weinclub\/wp-content\/uploads\/2020\/06\/IMG-20200604-WA0008-768x1668.jpg 768w, https:\/\/www.meinweinkeller.ch\/weinclub\/wp-content\/uploads\/2020\/06\/IMG-20200604-WA0008.jpg 840w\" sizes=\"auto, (max-width: 472px) 100vw, 472px\" \/><figcaption>Otti: Tolle unwahrscheinliche Entwicklung mit Luft \ud83d\ude06 edle schwarze Fr\u00fcchte, Tabak, schwarze Schokolade, toll<br \/><br \/><\/figcaption><\/figure>\n\n\n\n<figure class=\"wp-block-image\"><img loading=\"lazy\" decoding=\"async\" width=\"472\" height=\"1024\" src=\"http:\/\/www.meinweinkeller.ch\/weinclub\/wp-content\/uploads\/2020\/06\/IMG-20200604-WA0010-472x1024.jpg\" alt=\"\" class=\"wp-image-4887\" srcset=\"https:\/\/www.meinweinkeller.ch\/weinclub\/wp-content\/uploads\/2020\/06\/IMG-20200604-WA0010-472x1024.jpg 472w, https:\/\/www.meinweinkeller.ch\/weinclub\/wp-content\/uploads\/2020\/06\/IMG-20200604-WA0010-138x300.jpg 138w, https:\/\/www.meinweinkeller.ch\/weinclub\/wp-content\/uploads\/2020\/06\/IMG-20200604-WA0010-768x1668.jpg 768w, https:\/\/www.meinweinkeller.ch\/weinclub\/wp-content\/uploads\/2020\/06\/IMG-20200604-WA0010.jpg 840w\" sizes=\"auto, (max-width: 472px) 100vw, 472px\" \/><figcaption>Otti: Ebenfalls ganz tolle Entwicklung mit der Luft. Tief schwarze Fr\u00fcchte, Lakritze, vielschichtig, milde von 15% Merlot<br \/><br \/><\/figcaption><\/figure>\n\n\n\n<figure class=\"wp-block-image\"><img loading=\"lazy\" decoding=\"async\" width=\"1024\" height=\"768\" src=\"http:\/\/www.meinweinkeller.ch\/weinclub\/wp-content\/uploads\/2020\/06\/Skype-20200604-220433-1024x768.jpeg\" alt=\"\" class=\"wp-image-4895\" srcset=\"https:\/\/www.meinweinkeller.ch\/weinclub\/wp-content\/uploads\/2020\/06\/Skype-20200604-220433-1024x768.jpeg 1024w, https:\/\/www.meinweinkeller.ch\/weinclub\/wp-content\/uploads\/2020\/06\/Skype-20200604-220433-300x225.jpeg 300w, https:\/\/www.meinweinkeller.ch\/weinclub\/wp-content\/uploads\/2020\/06\/Skype-20200604-220433-768x576.jpeg 768w, https:\/\/www.meinweinkeller.ch\/weinclub\/wp-content\/uploads\/2020\/06\/Skype-20200604-220433-400x300.jpeg 400w, https:\/\/www.meinweinkeller.ch\/weinclub\/wp-content\/uploads\/2020\/06\/Skype-20200604-220433.jpeg 1200w\" sizes=\"auto, (max-width: 1024px) 100vw, 1024px\" \/><\/figure>\n\n\n\n<figure class=\"wp-block-image\"><img loading=\"lazy\" decoding=\"async\" width=\"768\" height=\"1024\" src=\"http:\/\/www.meinweinkeller.ch\/weinclub\/wp-content\/uploads\/2020\/06\/1591302006391-768x1024.jpeg\" alt=\"\" class=\"wp-image-4889\" srcset=\"https:\/\/www.meinweinkeller.ch\/weinclub\/wp-content\/uploads\/2020\/06\/1591302006391-768x1024.jpeg 768w, https:\/\/www.meinweinkeller.ch\/weinclub\/wp-content\/uploads\/2020\/06\/1591302006391-225x300.jpeg 225w, https:\/\/www.meinweinkeller.ch\/weinclub\/wp-content\/uploads\/2020\/06\/1591302006391.jpeg 870w\" sizes=\"auto, (max-width: 768px) 100vw, 768px\" \/><figcaption>Marcel: Eher k\u00fchl zu trinken bei h\u00f6herer Temperatur wurde der Alkohol etwas st\u00f6rend, vollreife dunkle Frucht, Wildgew\u00fcrz, S\u00fcsse Schwarze Kirsche und amarena Kirsche, w\u00e4rmer Abgang, leicht Tannin, Fruchts\u00fcsse, im vorderen Teil richtig \u00fcppig und fein im Abgang ist er dann eher verhalten<br \/>Otti: Grosser Wein, herrliche edle Fr\u00fcchte, vielschichtig, tief, tolle Struktur, noch greifbare Tanine, toll zu einem herrlichen Entercote, grosser Wein<\/figcaption><\/figure>\n\n\n\n<figure class=\"wp-block-image\"><img loading=\"lazy\" decoding=\"async\" width=\"768\" height=\"1024\" src=\"http:\/\/www.meinweinkeller.ch\/weinclub\/wp-content\/uploads\/2020\/06\/IMG-20200604-WA0011-768x1024.jpg\" alt=\"\" class=\"wp-image-4892\" srcset=\"https:\/\/www.meinweinkeller.ch\/weinclub\/wp-content\/uploads\/2020\/06\/IMG-20200604-WA0011-768x1024.jpg 768w, https:\/\/www.meinweinkeller.ch\/weinclub\/wp-content\/uploads\/2020\/06\/IMG-20200604-WA0011-225x300.jpg 225w, https:\/\/www.meinweinkeller.ch\/weinclub\/wp-content\/uploads\/2020\/06\/IMG-20200604-WA0011.jpg 1488w\" sizes=\"auto, (max-width: 768px) 100vw, 768px\" \/><figcaption>Andy: Sch\u00f6n gereift, mit viel Luft immer besser, dunkle Kirschen, Leder, etwas Schoko, ausgewogen im Gaumen, sch\u00f6n, langsam ans austrinken denken<br \/><br \/><\/figcaption><\/figure>\n\n\n\n<figure class=\"wp-block-image\"><img loading=\"lazy\" decoding=\"async\" width=\"1024\" height=\"641\" src=\"http:\/\/www.meinweinkeller.ch\/weinclub\/wp-content\/uploads\/2020\/06\/Skype-20200604-202311-1024x641.jpeg\" alt=\"\" class=\"wp-image-4884\" srcset=\"https:\/\/www.meinweinkeller.ch\/weinclub\/wp-content\/uploads\/2020\/06\/Skype-20200604-202311-1024x641.jpeg 1024w, https:\/\/www.meinweinkeller.ch\/weinclub\/wp-content\/uploads\/2020\/06\/Skype-20200604-202311-300x188.jpeg 300w, https:\/\/www.meinweinkeller.ch\/weinclub\/wp-content\/uploads\/2020\/06\/Skype-20200604-202311-768x481.jpeg 768w, https:\/\/www.meinweinkeller.ch\/weinclub\/wp-content\/uploads\/2020\/06\/Skype-20200604-202311-479x300.jpeg 479w, https:\/\/www.meinweinkeller.ch\/weinclub\/wp-content\/uploads\/2020\/06\/Skype-20200604-202311.jpeg 1110w\" sizes=\"auto, (max-width: 1024px) 100vw, 1024px\" \/><\/figure>\n","protected":false},"excerpt":{"rendered":"<p>Nach 8 Flaschen Loire haben die 4 G\u00e4rtner entschieden: Sangiovese!<\/p>\n","protected":false},"author":1,"featured_media":0,"comment_status":"closed","ping_status":"closed","sticky":false,"template":"","format":"standard","meta":{"footnotes":""},"categories":[4],"tags":[],"class_list":["post-4840","post","type-post","status-publish","format-standard","hentry","category-donnerstag-degustationen"],"_links":{"self":[{"href":"https:\/\/www.meinweinkeller.ch\/weinclub\/wp-json\/wp\/v2\/posts\/4840","targetHints":{"allow":["GET"]}}],"collection":[{"href":"https:\/\/www.meinweinkeller.ch\/weinclub\/wp-json\/wp\/v2\/posts"}],"about":[{"href":"https:\/\/www.meinweinkeller.ch\/weinclub\/wp-json\/wp\/v2\/types\/post"}],"author":[{"embeddable":true,"href":"https:\/\/www.meinweinkeller.ch\/weinclub\/wp-json\/wp\/v2\/users\/1"}],"replies":[{"embeddable":true,"href":"https:\/\/www.meinweinkeller.ch\/weinclub\/wp-json\/wp\/v2\/comments?post=4840"}],"version-history":[{"count":17,"href":"https:\/\/www.meinweinkeller.ch\/weinclub\/wp-json\/wp\/v2\/posts\/4840\/revisions"}],"predecessor-version":[{"id":4897,"href":"https:\/\/www.meinweinkeller.ch\/weinclub\/wp-json\/wp\/v2\/posts\/4840\/revisions\/4897"}],"wp:attachment":[{"href":"https:\/\/www.meinweinkeller.ch\/weinclub\/wp-json\/wp\/v2\/media?parent=4840"}],"wp:term":[{"taxonomy":"category","embeddable":true,"href":"https:\/\/www.meinweinkeller.ch\/weinclub\/wp-json\/wp\/v2\/categories?post=4840"},{"taxonomy":"post_tag","embeddable":true,"href":"https:\/\/www.meinweinkeller.ch\/weinclub\/wp-json\/wp\/v2\/tags?post=4840"}],"curies":[{"name":"wp","href":"https:\/\/api.w.org\/{rel}","templated":true}]}}