{"id":4832,"date":"2020-05-23T13:24:13","date_gmt":"2020-05-23T13:24:13","guid":{"rendered":"http:\/\/www.meinweinkeller.ch\/weinclub\/?p=4832"},"modified":"2020-05-30T13:43:43","modified_gmt":"2020-05-30T13:43:43","slug":"donnerstag-28-mai-2020-serie-home-drinking-loire","status":"publish","type":"post","link":"https:\/\/www.meinweinkeller.ch\/weinclub\/donnerstag-degustationen\/donnerstag-28-mai-2020-serie-home-drinking-loire\/","title":{"rendered":"Donnerstag, 28. Mai 2020: Serie home-drinking:  Loire"},"content":{"rendered":"\n<p>Der Rat der Weinweisen hat entschieden:  Donnerstag nehmen wir zusammen die Loire unter die Lupe. Hat in unserem Club unverdientermassen bisher ein Schattendasein gefristet&#8230;<\/p>\n\n\n\n<figure class=\"wp-block-image\"><img loading=\"lazy\" decoding=\"async\" width=\"360\" height=\"750\" src=\"http:\/\/www.meinweinkeller.ch\/weinclub\/wp-content\/uploads\/2020\/05\/snapshot3861166877894499171.jpeg\" alt=\"\" class=\"wp-image-4843\" srcset=\"https:\/\/www.meinweinkeller.ch\/weinclub\/wp-content\/uploads\/2020\/05\/snapshot3861166877894499171.jpeg 360w, https:\/\/www.meinweinkeller.ch\/weinclub\/wp-content\/uploads\/2020\/05\/snapshot3861166877894499171-144x300.jpeg 144w\" sizes=\"auto, (max-width: 360px) 100vw, 360px\" \/><figcaption>Willkommen Evelin und Ursi begr\u00fcssen Marcel, Otti, Jorge und Andy im Loire Schloss Wiesenstrasse<\/figcaption><\/figure>\n\n\n\n<p><\/p>\n\n\n\n<figure class=\"wp-block-image\"><img loading=\"lazy\" decoding=\"async\" width=\"768\" height=\"1024\" src=\"http:\/\/www.meinweinkeller.ch\/weinclub\/wp-content\/uploads\/2020\/05\/IMG-20200528-WA0000-768x1024.jpg\" alt=\"\" class=\"wp-image-4844\" srcset=\"https:\/\/www.meinweinkeller.ch\/weinclub\/wp-content\/uploads\/2020\/05\/IMG-20200528-WA0000-768x1024.jpg 768w, https:\/\/www.meinweinkeller.ch\/weinclub\/wp-content\/uploads\/2020\/05\/IMG-20200528-WA0000-225x300.jpg 225w, https:\/\/www.meinweinkeller.ch\/weinclub\/wp-content\/uploads\/2020\/05\/IMG-20200528-WA0000.jpg 1536w\" sizes=\"auto, (max-width: 768px) 100vw, 768px\" \/><figcaption>Marc: Sancerre Guigne-Ch\u00e8vres 2012, Domaine Vacheron. Biodynamischer Betrieb. Braucht Luft, Luft und nochmals Luft! Zarte Zitrus- und gelbe Steinfruchtnoten, grasig, kreidig. Klar wie ein Bergbach, knochentrocken wie ein ausgetrockneter Bergsee. Noch viiiel zu jung. Salzigw\u00fcrziges Finale. F\u00fcr Sumo-Weissweintrinker ein Fiasko, f\u00fcr die wenigen anderen ein bet\u00f6rendes Gl\u00fccksgef\u00fchl. So ist nat\u00fcrlich!<\/figcaption><\/figure>\n\n\n\n<figure class=\"wp-block-image\"><img loading=\"lazy\" decoding=\"async\" width=\"576\" height=\"1024\" src=\"http:\/\/www.meinweinkeller.ch\/weinclub\/wp-content\/uploads\/2020\/05\/IMG-20200528-WA0001-576x1024.jpg\" alt=\"\" class=\"wp-image-4846\" srcset=\"https:\/\/www.meinweinkeller.ch\/weinclub\/wp-content\/uploads\/2020\/05\/IMG-20200528-WA0001-576x1024.jpg 576w, https:\/\/www.meinweinkeller.ch\/weinclub\/wp-content\/uploads\/2020\/05\/IMG-20200528-WA0001-169x300.jpg 169w, https:\/\/www.meinweinkeller.ch\/weinclub\/wp-content\/uploads\/2020\/05\/IMG-20200528-WA0001-768x1365.jpg 768w, https:\/\/www.meinweinkeller.ch\/weinclub\/wp-content\/uploads\/2020\/05\/IMG-20200528-WA0001.jpg 1152w\" sizes=\"auto, (max-width: 576px) 100vw, 576px\" \/><figcaption>Bemjamin K.: Alphonse Mellot Sancerre Edmond heute als Essensbegleiter und zur virtuellen Degu<br \/><\/figcaption><\/figure>\n\n\n\n<figure class=\"wp-block-image\"><img loading=\"lazy\" decoding=\"async\" width=\"768\" height=\"1024\" src=\"http:\/\/www.meinweinkeller.ch\/weinclub\/wp-content\/uploads\/2020\/05\/IMG-20200528-WA0002-768x1024.jpg\" alt=\"\" class=\"wp-image-4848\" srcset=\"https:\/\/www.meinweinkeller.ch\/weinclub\/wp-content\/uploads\/2020\/05\/IMG-20200528-WA0002-768x1024.jpg 768w, https:\/\/www.meinweinkeller.ch\/weinclub\/wp-content\/uploads\/2020\/05\/IMG-20200528-WA0002-225x300.jpg 225w, https:\/\/www.meinweinkeller.ch\/weinclub\/wp-content\/uploads\/2020\/05\/IMG-20200528-WA0002.jpg 1536w\" sizes=\"auto, (max-width: 768px) 100vw, 768px\" \/><figcaption>Ruedi: Wunderbare nicht klebrige S\u00fcsse. Fantastische Aromen wie von einem sch\u00f6n greiften Sauternes von Sudirau. Dunkle goldgelbe Farbe mit wunderbaren Noten von Honigwaben. Coteau du Layon Cuc\u00e9e Anatole Pierre 1990. miammpfiiii<\/figcaption><\/figure>\n\n\n\n<figure class=\"wp-block-image\"><img loading=\"lazy\" decoding=\"async\" width=\"768\" height=\"1024\" src=\"http:\/\/www.meinweinkeller.ch\/weinclub\/wp-content\/uploads\/2020\/05\/IMG-20200528-WA0003-768x1024.jpg\" alt=\"\" class=\"wp-image-4850\" srcset=\"https:\/\/www.meinweinkeller.ch\/weinclub\/wp-content\/uploads\/2020\/05\/IMG-20200528-WA0003-768x1024.jpg 768w, https:\/\/www.meinweinkeller.ch\/weinclub\/wp-content\/uploads\/2020\/05\/IMG-20200528-WA0003-225x300.jpg 225w, https:\/\/www.meinweinkeller.ch\/weinclub\/wp-content\/uploads\/2020\/05\/IMG-20200528-WA0003.jpg 1536w\" sizes=\"auto, (max-width: 768px) 100vw, 768px\" \/><figcaption>Markus: Schwarze Beeren, Pflaumen mit Ledernoten. Die Frucht hat noch \u00fcberraschend viel Druck. Leider gaftet \u00fcberschattet ein Kellermuff das ganze Bouquet.<\/figcaption><\/figure>\n\n\n\n<figure class=\"wp-block-image\"><img loading=\"lazy\" decoding=\"async\" width=\"768\" height=\"1024\" src=\"http:\/\/www.meinweinkeller.ch\/weinclub\/wp-content\/uploads\/2020\/05\/IMG-20200528-WA0004-768x1024.jpg\" alt=\"\" class=\"wp-image-4852\" srcset=\"https:\/\/www.meinweinkeller.ch\/weinclub\/wp-content\/uploads\/2020\/05\/IMG-20200528-WA0004-768x1024.jpg 768w, https:\/\/www.meinweinkeller.ch\/weinclub\/wp-content\/uploads\/2020\/05\/IMG-20200528-WA0004-225x300.jpg 225w, https:\/\/www.meinweinkeller.ch\/weinclub\/wp-content\/uploads\/2020\/05\/IMG-20200528-WA0004.jpg 1536w\" sizes=\"auto, (max-width: 768px) 100vw, 768px\" \/><figcaption>Markus &amp; Cornelia: Liebe Gr\u00fcsse vom Untersee &#8211; bei uns ist die Loire im Valpolicella\ud83d\ude33\ud83e\udd2d\ud83e\udd23. Allen einen wundersch\u00f6nen Weinabend, Markus &amp; Cornelia<br \/><br \/><\/figcaption><\/figure>\n\n\n\n<figure class=\"wp-block-image\"><img loading=\"lazy\" decoding=\"async\" width=\"576\" height=\"1024\" src=\"http:\/\/www.meinweinkeller.ch\/weinclub\/wp-content\/uploads\/2020\/05\/IMG-20200528-WA0006-576x1024.jpg\" alt=\"\" class=\"wp-image-4853\" srcset=\"https:\/\/www.meinweinkeller.ch\/weinclub\/wp-content\/uploads\/2020\/05\/IMG-20200528-WA0006-576x1024.jpg 576w, https:\/\/www.meinweinkeller.ch\/weinclub\/wp-content\/uploads\/2020\/05\/IMG-20200528-WA0006-169x300.jpg 169w, https:\/\/www.meinweinkeller.ch\/weinclub\/wp-content\/uploads\/2020\/05\/IMG-20200528-WA0006-768x1365.jpg 768w, https:\/\/www.meinweinkeller.ch\/weinclub\/wp-content\/uploads\/2020\/05\/IMG-20200528-WA0006.jpg 1152w\" sizes=\"auto, (max-width: 576px) 100vw, 576px\" \/><figcaption>Stef: 2x Ch\u00e2teau de Saint Louans: Einmal weiss 2017 Chenin Blanc. Toller Charakterwein salzig, blumig, Lindenbl\u00fcten, Harz, \u00fcppig tolle Nase. Am Gaumen knochentrocken mit Zitrusnoten, Limetten, tolle Frische und am Schluss ein salziger Abgang. Macht richtig Spass.<\/figcaption><\/figure>\n\n\n\n<figure class=\"wp-block-image\"><img loading=\"lazy\" decoding=\"async\" width=\"576\" height=\"1024\" src=\"http:\/\/www.meinweinkeller.ch\/weinclub\/wp-content\/uploads\/2020\/05\/IMG-20200529-WA0000-576x1024.jpg\" alt=\"\" class=\"wp-image-4855\" srcset=\"https:\/\/www.meinweinkeller.ch\/weinclub\/wp-content\/uploads\/2020\/05\/IMG-20200529-WA0000-576x1024.jpg 576w, https:\/\/www.meinweinkeller.ch\/weinclub\/wp-content\/uploads\/2020\/05\/IMG-20200529-WA0000-169x300.jpg 169w, https:\/\/www.meinweinkeller.ch\/weinclub\/wp-content\/uploads\/2020\/05\/IMG-20200529-WA0000-768x1365.jpg 768w, https:\/\/www.meinweinkeller.ch\/weinclub\/wp-content\/uploads\/2020\/05\/IMG-20200529-WA0000.jpg 1152w\" sizes=\"auto, (max-width: 576px) 100vw, 576px\" \/><figcaption>Stef: Dann ein Chinon 2015 Cabernet Franc. Am Anfang Caramellstengel, Geranien und gr\u00fcne Peperoni, dann leicht rauchig und wenig dunkle Fr\u00fcchte. Am Gaumen eher eindimensional und im Abgang kurz. Eher entt\u00e4uschend f\u00fcr den Preis (43.-). Legt der mit zunehmendem Alter noch zu?<\/figcaption><\/figure>\n\n\n\n<figure class=\"wp-block-image\"><img loading=\"lazy\" decoding=\"async\" width=\"768\" height=\"1024\" src=\"http:\/\/www.meinweinkeller.ch\/weinclub\/wp-content\/uploads\/2020\/05\/IMG-20200529-WA0002-768x1024.jpg\" alt=\"\" class=\"wp-image-4857\" srcset=\"https:\/\/www.meinweinkeller.ch\/weinclub\/wp-content\/uploads\/2020\/05\/IMG-20200529-WA0002.jpg 768w, https:\/\/www.meinweinkeller.ch\/weinclub\/wp-content\/uploads\/2020\/05\/IMG-20200529-WA0002-225x300.jpg 225w\" sizes=\"auto, (max-width: 768px) 100vw, 768px\" \/><figcaption>Flurin: Phantastische (franz\u00f6sisch sprechende) Piraten.<br \/>Ferdinand China, Johannisberg, F\u00fcr einen 2015 erstaunlich frisch und mit noch sch\u00f6n vorhandener S\u00e4ure und Mineralik. Aprikosen, etwas Ananas, Spuren von Lychee.<br \/>Les Palli\u00e8res, Terrasse du Diable, 2013. In Gigondas beim Weinkommunedegustationskeller gekauft. F\u00fcr mich eine Wucht aber noch etwas zu jung. Der 2013er w\u00fcrde perfekt zu z.B. Bratkartoffeln + Lammgigot passen. Lang anhaltend, mit den typischen Noten der Weine aus Gigondas.<\/figcaption><\/figure>\n\n\n\n<figure class=\"wp-block-image\"><img loading=\"lazy\" decoding=\"async\" width=\"578\" height=\"1024\" src=\"http:\/\/www.meinweinkeller.ch\/weinclub\/wp-content\/uploads\/2020\/05\/IMG-20200528-WA0005-578x1024.jpg\" alt=\"\" class=\"wp-image-4859\" srcset=\"https:\/\/www.meinweinkeller.ch\/weinclub\/wp-content\/uploads\/2020\/05\/IMG-20200528-WA0005-578x1024.jpg 578w, https:\/\/www.meinweinkeller.ch\/weinclub\/wp-content\/uploads\/2020\/05\/IMG-20200528-WA0005-169x300.jpg 169w, https:\/\/www.meinweinkeller.ch\/weinclub\/wp-content\/uploads\/2020\/05\/IMG-20200528-WA0005-768x1360.jpg 768w, https:\/\/www.meinweinkeller.ch\/weinclub\/wp-content\/uploads\/2020\/05\/IMG-20200528-WA0005.jpg 1120w\" sizes=\"auto, (max-width: 578px) 100vw, 578px\" \/><figcaption>An der Loire: Unterer Bodensee, sch\u00f6n!<\/figcaption><\/figure>\n\n\n\n<figure class=\"wp-block-image\"><img loading=\"lazy\" decoding=\"async\" width=\"1024\" height=\"472\" src=\"http:\/\/www.meinweinkeller.ch\/weinclub\/wp-content\/uploads\/2020\/05\/IMG-20200529-WA0001-1024x472.jpg\" alt=\"\" class=\"wp-image-4860\" srcset=\"https:\/\/www.meinweinkeller.ch\/weinclub\/wp-content\/uploads\/2020\/05\/IMG-20200529-WA0001-1024x472.jpg 1024w, https:\/\/www.meinweinkeller.ch\/weinclub\/wp-content\/uploads\/2020\/05\/IMG-20200529-WA0001-300x138.jpg 300w, https:\/\/www.meinweinkeller.ch\/weinclub\/wp-content\/uploads\/2020\/05\/IMG-20200529-WA0001-768x354.jpg 768w, https:\/\/www.meinweinkeller.ch\/weinclub\/wp-content\/uploads\/2020\/05\/IMG-20200529-WA0001-500x230.jpg 500w, https:\/\/www.meinweinkeller.ch\/weinclub\/wp-content\/uploads\/2020\/05\/IMG-20200529-WA0001.jpg 1824w\" sizes=\"auto, (max-width: 1024px) 100vw, 1024px\" \/><figcaption>Zu viert ANDY, MARCEL, JORGE, OTTI kleiner Ap\u00e9ro \ud83e\udd23<\/figcaption><\/figure>\n\n\n\n<figure class=\"wp-block-image\"><img loading=\"lazy\" decoding=\"async\" width=\"660\" height=\"936\" src=\"http:\/\/www.meinweinkeller.ch\/weinclub\/wp-content\/uploads\/2020\/05\/tempImage1.jpg\" alt=\"\" class=\"wp-image-4861\" srcset=\"https:\/\/www.meinweinkeller.ch\/weinclub\/wp-content\/uploads\/2020\/05\/tempImage1.jpg 660w, https:\/\/www.meinweinkeller.ch\/weinclub\/wp-content\/uploads\/2020\/05\/tempImage1-212x300.jpg 212w\" sizes=\"auto, (max-width: 660px) 100vw, 660px\" \/><figcaption>Home and Garden Party<\/figcaption><\/figure>\n\n\n\n<figure class=\"wp-block-image\"><img loading=\"lazy\" decoding=\"async\" width=\"360\" height=\"750\" src=\"http:\/\/www.meinweinkeller.ch\/weinclub\/wp-content\/uploads\/2020\/05\/snapshot6386642206429505863.jpeg\" alt=\"\" class=\"wp-image-4862\" srcset=\"https:\/\/www.meinweinkeller.ch\/weinclub\/wp-content\/uploads\/2020\/05\/snapshot6386642206429505863.jpeg 360w, https:\/\/www.meinweinkeller.ch\/weinclub\/wp-content\/uploads\/2020\/05\/snapshot6386642206429505863-144x300.jpeg 144w\" sizes=\"auto, (max-width: 360px) 100vw, 360px\" \/><\/figure>\n","protected":false},"excerpt":{"rendered":"<p>Der Rat der Weinweisen hat entschieden: Donnerstag nehmen wir zusammen die Loire unter die Lupe. Hat in unserem Club unverdientermassen bisher ein Schattendasein gefristet&#8230;<\/p>\n","protected":false},"author":1,"featured_media":0,"comment_status":"closed","ping_status":"closed","sticky":false,"template":"","format":"standard","meta":{"footnotes":""},"categories":[4],"tags":[],"class_list":["post-4832","post","type-post","status-publish","format-standard","hentry","category-donnerstag-degustationen"],"_links":{"self":[{"href":"https:\/\/www.meinweinkeller.ch\/weinclub\/wp-json\/wp\/v2\/posts\/4832","targetHints":{"allow":["GET"]}}],"collection":[{"href":"https:\/\/www.meinweinkeller.ch\/weinclub\/wp-json\/wp\/v2\/posts"}],"about":[{"href":"https:\/\/www.meinweinkeller.ch\/weinclub\/wp-json\/wp\/v2\/types\/post"}],"author":[{"embeddable":true,"href":"https:\/\/www.meinweinkeller.ch\/weinclub\/wp-json\/wp\/v2\/users\/1"}],"replies":[{"embeddable":true,"href":"https:\/\/www.meinweinkeller.ch\/weinclub\/wp-json\/wp\/v2\/comments?post=4832"}],"version-history":[{"count":11,"href":"https:\/\/www.meinweinkeller.ch\/weinclub\/wp-json\/wp\/v2\/posts\/4832\/revisions"}],"predecessor-version":[{"id":4863,"href":"https:\/\/www.meinweinkeller.ch\/weinclub\/wp-json\/wp\/v2\/posts\/4832\/revisions\/4863"}],"wp:attachment":[{"href":"https:\/\/www.meinweinkeller.ch\/weinclub\/wp-json\/wp\/v2\/media?parent=4832"}],"wp:term":[{"taxonomy":"category","embeddable":true,"href":"https:\/\/www.meinweinkeller.ch\/weinclub\/wp-json\/wp\/v2\/categories?post=4832"},{"taxonomy":"post_tag","embeddable":true,"href":"https:\/\/www.meinweinkeller.ch\/weinclub\/wp-json\/wp\/v2\/tags?post=4832"}],"curies":[{"name":"wp","href":"https:\/\/api.w.org\/{rel}","templated":true}]}}