{"id":4780,"date":"2020-05-16T16:55:44","date_gmt":"2020-05-16T16:55:44","guid":{"rendered":"http:\/\/www.meinweinkeller.ch\/weinclub\/?p=4780"},"modified":"2020-05-23T13:13:34","modified_gmt":"2020-05-23T13:13:34","slug":"donnerstag-21-mai-2020-serie-home-drinking-sauffahrt","status":"publish","type":"post","link":"https:\/\/www.meinweinkeller.ch\/weinclub\/donnerstag-degustationen\/donnerstag-21-mai-2020-serie-home-drinking-sauffahrt\/","title":{"rendered":"Donnerstag, 21. Mai 2020: Serie &#8218;home drinking&#8216; &#8211; S&#8217;Auf&#8217;fahrt"},"content":{"rendered":"\n<p>hmmmm &#8211; na ja &#8211; ihr habt gew\u00e4hlt &#8230;. das Thema f\u00fcr diesen Donnerstag ist Auffahrt oder Heimfahrt, Einfahrt, Ausfahrt, Talfahrt, Hinfahrt, R\u00fcckfahrt, \u00dcberfahrt &#8230;.<\/p>\n\n\n\n<figure class=\"wp-block-image\"><img loading=\"lazy\" decoding=\"async\" width=\"455\" height=\"1024\" src=\"http:\/\/www.meinweinkeller.ch\/weinclub\/wp-content\/uploads\/2020\/05\/Skype-20200521-201150-455x1024.jpeg\" alt=\"\" class=\"wp-image-4812\" srcset=\"https:\/\/www.meinweinkeller.ch\/weinclub\/wp-content\/uploads\/2020\/05\/Skype-20200521-201150-455x1024.jpeg 455w, https:\/\/www.meinweinkeller.ch\/weinclub\/wp-content\/uploads\/2020\/05\/Skype-20200521-201150-133x300.jpeg 133w, https:\/\/www.meinweinkeller.ch\/weinclub\/wp-content\/uploads\/2020\/05\/Skype-20200521-201150-768x1728.jpeg 768w, https:\/\/www.meinweinkeller.ch\/weinclub\/wp-content\/uploads\/2020\/05\/Skype-20200521-201150.jpeg 800w\" sizes=\"auto, (max-width: 455px) 100vw, 455px\" \/><\/figure>\n\n\n\n<figure class=\"wp-block-image\"><img loading=\"lazy\" decoding=\"async\" width=\"576\" height=\"1024\" src=\"http:\/\/www.meinweinkeller.ch\/weinclub\/wp-content\/uploads\/2020\/05\/Holger-Koch-576x1024.jpg\" alt=\"\" class=\"wp-image-4815\" srcset=\"https:\/\/www.meinweinkeller.ch\/weinclub\/wp-content\/uploads\/2020\/05\/Holger-Koch-576x1024.jpg 576w, https:\/\/www.meinweinkeller.ch\/weinclub\/wp-content\/uploads\/2020\/05\/Holger-Koch-169x300.jpg 169w, https:\/\/www.meinweinkeller.ch\/weinclub\/wp-content\/uploads\/2020\/05\/Holger-Koch-768x1365.jpg 768w, https:\/\/www.meinweinkeller.ch\/weinclub\/wp-content\/uploads\/2020\/05\/Holger-Koch.jpg 1152w\" sizes=\"auto, (max-width: 576px) 100vw, 576px\" \/><figcaption>Benjamin K: Holger Koch ***. Das ist sein &#8222;GG&#8220; Grauburgunder. Cremig. Dicht. Ausdrucksstark. Macht Freude. <\/figcaption><\/figure>\n\n\n\n<figure class=\"wp-block-image\"><img loading=\"lazy\" decoding=\"async\" width=\"768\" height=\"1024\" src=\"http:\/\/www.meinweinkeller.ch\/weinclub\/wp-content\/uploads\/2020\/05\/Kohler-Ruprecht-768x1024.jpg\" alt=\"\" class=\"wp-image-4816\" srcset=\"https:\/\/www.meinweinkeller.ch\/weinclub\/wp-content\/uploads\/2020\/05\/Kohler-Ruprecht-768x1024.jpg 768w, https:\/\/www.meinweinkeller.ch\/weinclub\/wp-content\/uploads\/2020\/05\/Kohler-Ruprecht-225x300.jpg 225w, https:\/\/www.meinweinkeller.ch\/weinclub\/wp-content\/uploads\/2020\/05\/Kohler-Ruprecht.jpg 1488w\" sizes=\"auto, (max-width: 768px) 100vw, 768px\" \/><figcaption>Andi:  Und zum Ap\u00e9ro Koehler-Rupprecht Pfalz, Kabi troche, frisch, Zitrus, Mineralik fascht salzig, Supers\u00fc\u00fcri knackig, da chund Froid uuf<\/figcaption><\/figure>\n\n\n\n<figure class=\"wp-block-image\"><img loading=\"lazy\" decoding=\"async\" width=\"768\" height=\"1024\" src=\"http:\/\/www.meinweinkeller.ch\/weinclub\/wp-content\/uploads\/2020\/05\/FRAM-768x1024.jpg\" alt=\"\" class=\"wp-image-4817\" srcset=\"https:\/\/www.meinweinkeller.ch\/weinclub\/wp-content\/uploads\/2020\/05\/FRAM-768x1024.jpg 768w, https:\/\/www.meinweinkeller.ch\/weinclub\/wp-content\/uploads\/2020\/05\/FRAM-225x300.jpg 225w, https:\/\/www.meinweinkeller.ch\/weinclub\/wp-content\/uploads\/2020\/05\/FRAM.jpg 1488w\" sizes=\"auto, (max-width: 768px) 100vw, 768px\" \/><figcaption>Andi: Ziit f\u00fcr de Hauptgang, zum Rindli ab F\u00fc\u00fcrschale en Pinotage, FRAM Citrusdal Mountain, f\u00fcr die wo Pinotage m\u00f6ged, intensiv aber n\u00f6d \u00fcberlade, bruucht definitiv Fleischbegleitig<\/figcaption><\/figure>\n\n\n\n<figure class=\"wp-block-image\"><img loading=\"lazy\" decoding=\"async\" width=\"768\" height=\"1024\" src=\"http:\/\/www.meinweinkeller.ch\/weinclub\/wp-content\/uploads\/2020\/05\/Placet-768x1024.jpg\" alt=\"\" class=\"wp-image-4818\" srcset=\"https:\/\/www.meinweinkeller.ch\/weinclub\/wp-content\/uploads\/2020\/05\/Placet-768x1024.jpg 768w, https:\/\/www.meinweinkeller.ch\/weinclub\/wp-content\/uploads\/2020\/05\/Placet-225x300.jpg 225w, https:\/\/www.meinweinkeller.ch\/weinclub\/wp-content\/uploads\/2020\/05\/Placet.jpg 1536w\" sizes=\"auto, (max-width: 768px) 100vw, 768px\" \/><figcaption>Markus Sch: Prost aus Dachsen!<\/figcaption><\/figure>\n\n\n\n<figure class=\"wp-block-image\"><img loading=\"lazy\" decoding=\"async\" width=\"768\" height=\"1024\" src=\"http:\/\/www.meinweinkeller.ch\/weinclub\/wp-content\/uploads\/2020\/05\/Alion-768x1024.jpg\" alt=\"\" class=\"wp-image-4819\" srcset=\"https:\/\/www.meinweinkeller.ch\/weinclub\/wp-content\/uploads\/2020\/05\/Alion-768x1024.jpg 768w, https:\/\/www.meinweinkeller.ch\/weinclub\/wp-content\/uploads\/2020\/05\/Alion-225x300.jpg 225w, https:\/\/www.meinweinkeller.ch\/weinclub\/wp-content\/uploads\/2020\/05\/Alion.jpg 1536w\" sizes=\"auto, (max-width: 768px) 100vw, 768px\" \/><figcaption>Markus Schn: W\u00fcrdig f\u00fcr den Hochzeitstag&#8230;<\/figcaption><\/figure>\n\n\n\n<figure class=\"wp-block-image\"><img loading=\"lazy\" decoding=\"async\" width=\"768\" height=\"1024\" src=\"http:\/\/www.meinweinkeller.ch\/weinclub\/wp-content\/uploads\/2020\/05\/Purple-Angel-768x1024.jpg\" alt=\"\" class=\"wp-image-4820\" srcset=\"https:\/\/www.meinweinkeller.ch\/weinclub\/wp-content\/uploads\/2020\/05\/Purple-Angel-768x1024.jpg 768w, https:\/\/www.meinweinkeller.ch\/weinclub\/wp-content\/uploads\/2020\/05\/Purple-Angel-225x300.jpg 225w, https:\/\/www.meinweinkeller.ch\/weinclub\/wp-content\/uploads\/2020\/05\/Purple-Angel.jpg 1536w\" sizes=\"auto, (max-width: 768px) 100vw, 768px\" \/><figcaption>Stefan: Auffahrtswein&#8230; wir fahren nicht, sondern fliegen&#8230;<\/figcaption><\/figure>\n\n\n\n<figure class=\"wp-block-image\"><img loading=\"lazy\" decoding=\"async\" width=\"768\" height=\"1024\" src=\"http:\/\/www.meinweinkeller.ch\/weinclub\/wp-content\/uploads\/2020\/05\/IMG_3415-768x1024.jpg\" alt=\"\" class=\"wp-image-4821\" srcset=\"https:\/\/www.meinweinkeller.ch\/weinclub\/wp-content\/uploads\/2020\/05\/IMG_3415-768x1024.jpg 768w, https:\/\/www.meinweinkeller.ch\/weinclub\/wp-content\/uploads\/2020\/05\/IMG_3415-225x300.jpg 225w\" sizes=\"auto, (max-width: 768px) 100vw, 768px\" \/><figcaption>Marc: Cru des Abbesses sur lie 2017, Auvernier. Einfach herrlich, einer meiner Neuenburger Lieblinge &#8211; t\u00e4nzerische 11.2 % vol Alkohol und trotzdem mit Tiefe und Charisma.<\/figcaption><\/figure>\n\n\n\n<figure class=\"wp-block-image\"><img loading=\"lazy\" decoding=\"async\" width=\"768\" height=\"1024\" src=\"http:\/\/www.meinweinkeller.ch\/weinclub\/wp-content\/uploads\/2020\/05\/Erdener-Pra\u0308lat-768x1024.jpg\" alt=\"\" class=\"wp-image-4822\" srcset=\"https:\/\/www.meinweinkeller.ch\/weinclub\/wp-content\/uploads\/2020\/05\/Erdener-Pra\u0308lat-768x1024.jpg 768w, https:\/\/www.meinweinkeller.ch\/weinclub\/wp-content\/uploads\/2020\/05\/Erdener-Pra\u0308lat-225x300.jpg 225w, https:\/\/www.meinweinkeller.ch\/weinclub\/wp-content\/uploads\/2020\/05\/Erdener-Pra\u0308lat.jpg 1536w\" sizes=\"auto, (max-width: 768px) 100vw, 768px\" \/><figcaption>Stefan: Euch allen zum Wohl wir geniessen den Abend mit einem Erdener Pr\u00e4lat Riesling Auslese 2015 vom Weingut M\u00f6nchhof<\/figcaption><\/figure>\n\n\n\n<figure class=\"wp-block-image\"><img loading=\"lazy\" decoding=\"async\" width=\"878\" height=\"1024\" src=\"http:\/\/www.meinweinkeller.ch\/weinclub\/wp-content\/uploads\/2020\/05\/Lackner-878x1024.jpg\" alt=\"\" class=\"wp-image-4823\" srcset=\"https:\/\/www.meinweinkeller.ch\/weinclub\/wp-content\/uploads\/2020\/05\/Lackner-878x1024.jpg 878w, https:\/\/www.meinweinkeller.ch\/weinclub\/wp-content\/uploads\/2020\/05\/Lackner-257x300.jpg 257w, https:\/\/www.meinweinkeller.ch\/weinclub\/wp-content\/uploads\/2020\/05\/Lackner-768x896.jpg 768w, https:\/\/www.meinweinkeller.ch\/weinclub\/wp-content\/uploads\/2020\/05\/Lackner.jpg 1755w\" sizes=\"auto, (max-width: 878px) 100vw, 878px\" \/><figcaption>Markus F: Lackner Tinnacher, Ried Flamberg, Sauvignon Blanc 2017, S\u00fcdsteiermark. Grapefruit, Kraft und Saft.<\/figcaption><\/figure>\n\n\n\n<figure class=\"wp-block-image\"><img loading=\"lazy\" decoding=\"async\" width=\"534\" height=\"1024\" src=\"http:\/\/www.meinweinkeller.ch\/weinclub\/wp-content\/uploads\/2020\/05\/Studach-534x1024.jpg\" alt=\"\" class=\"wp-image-4824\" srcset=\"https:\/\/www.meinweinkeller.ch\/weinclub\/wp-content\/uploads\/2020\/05\/Studach-534x1024.jpg 534w, https:\/\/www.meinweinkeller.ch\/weinclub\/wp-content\/uploads\/2020\/05\/Studach-156x300.jpg 156w, https:\/\/www.meinweinkeller.ch\/weinclub\/wp-content\/uploads\/2020\/05\/Studach-768x1473.jpg 768w, https:\/\/www.meinweinkeller.ch\/weinclub\/wp-content\/uploads\/2020\/05\/Studach.jpg 980w\" sizes=\"auto, (max-width: 534px) 100vw, 534px\" \/><figcaption>Markus F<\/figcaption><\/figure>\n\n\n\n<figure class=\"wp-block-image\"><img loading=\"lazy\" decoding=\"async\" width=\"472\" height=\"1024\" src=\"http:\/\/www.meinweinkeller.ch\/weinclub\/wp-content\/uploads\/2020\/05\/Clos-du-Chateau-472x1024.jpg\" alt=\"\" class=\"wp-image-4825\" srcset=\"https:\/\/www.meinweinkeller.ch\/weinclub\/wp-content\/uploads\/2020\/05\/Clos-du-Chateau-472x1024.jpg 472w, https:\/\/www.meinweinkeller.ch\/weinclub\/wp-content\/uploads\/2020\/05\/Clos-du-Chateau-138x300.jpg 138w, https:\/\/www.meinweinkeller.ch\/weinclub\/wp-content\/uploads\/2020\/05\/Clos-du-Chateau-768x1668.jpg 768w, https:\/\/www.meinweinkeller.ch\/weinclub\/wp-content\/uploads\/2020\/05\/Clos-du-Chateau.jpg 840w\" sizes=\"auto, (max-width: 472px) 100vw, 472px\" \/><figcaption>Otti: typischer toller Chasselas<\/figcaption><\/figure>\n\n\n\n<figure class=\"wp-block-image\"><img loading=\"lazy\" decoding=\"async\" width=\"472\" height=\"1024\" src=\"http:\/\/www.meinweinkeller.ch\/weinclub\/wp-content\/uploads\/2020\/05\/Moscato-472x1024.jpg\" alt=\"\" class=\"wp-image-4826\" srcset=\"https:\/\/www.meinweinkeller.ch\/weinclub\/wp-content\/uploads\/2020\/05\/Moscato-472x1024.jpg 472w, https:\/\/www.meinweinkeller.ch\/weinclub\/wp-content\/uploads\/2020\/05\/Moscato-138x300.jpg 138w, https:\/\/www.meinweinkeller.ch\/weinclub\/wp-content\/uploads\/2020\/05\/Moscato-768x1668.jpg 768w, https:\/\/www.meinweinkeller.ch\/weinclub\/wp-content\/uploads\/2020\/05\/Moscato.jpg 840w\" sizes=\"auto, (max-width: 472px) 100vw, 472px\" \/><figcaption>Otti: mal ein Ferienap\u00e9ro nach zwei Chasselas&#8230;<\/figcaption><\/figure>\n\n\n\n<figure class=\"wp-block-image\"><img loading=\"lazy\" decoding=\"async\" width=\"472\" height=\"1024\" src=\"http:\/\/www.meinweinkeller.ch\/weinclub\/wp-content\/uploads\/2020\/05\/Schlegel-472x1024.jpg\" alt=\"\" class=\"wp-image-4827\" srcset=\"https:\/\/www.meinweinkeller.ch\/weinclub\/wp-content\/uploads\/2020\/05\/Schlegel-472x1024.jpg 472w, https:\/\/www.meinweinkeller.ch\/weinclub\/wp-content\/uploads\/2020\/05\/Schlegel-138x300.jpg 138w, https:\/\/www.meinweinkeller.ch\/weinclub\/wp-content\/uploads\/2020\/05\/Schlegel-768x1668.jpg 768w, https:\/\/www.meinweinkeller.ch\/weinclub\/wp-content\/uploads\/2020\/05\/Schlegel.jpg 840w\" sizes=\"auto, (max-width: 472px) 100vw, 472px\" \/><figcaption>Otti: Elegant, vielschichtig, jung, braucht Luft, toller Wein.<\/figcaption><\/figure>\n\n\n\n<figure class=\"wp-block-image\"><img loading=\"lazy\" decoding=\"async\" width=\"472\" height=\"1024\" src=\"http:\/\/www.meinweinkeller.ch\/weinclub\/wp-content\/uploads\/2020\/05\/Arte-472x1024.jpg\" alt=\"\" class=\"wp-image-4828\" srcset=\"https:\/\/www.meinweinkeller.ch\/weinclub\/wp-content\/uploads\/2020\/05\/Arte-472x1024.jpg 472w, https:\/\/www.meinweinkeller.ch\/weinclub\/wp-content\/uploads\/2020\/05\/Arte-138x300.jpg 138w, https:\/\/www.meinweinkeller.ch\/weinclub\/wp-content\/uploads\/2020\/05\/Arte-768x1668.jpg 768w, https:\/\/www.meinweinkeller.ch\/weinclub\/wp-content\/uploads\/2020\/05\/Arte.jpg 840w\" sizes=\"auto, (max-width: 472px) 100vw, 472px\" \/><figcaption>Otti: Tolle reife Waldbeeren und Fichtenholz.<\/figcaption><\/figure>\n\n\n\n<figure class=\"wp-block-image\"><img loading=\"lazy\" decoding=\"async\" width=\"1024\" height=\"472\" src=\"http:\/\/www.meinweinkeller.ch\/weinclub\/wp-content\/uploads\/2020\/05\/Otti-1024x472.jpg\" alt=\"\" class=\"wp-image-4829\" srcset=\"https:\/\/www.meinweinkeller.ch\/weinclub\/wp-content\/uploads\/2020\/05\/Otti-1024x472.jpg 1024w, https:\/\/www.meinweinkeller.ch\/weinclub\/wp-content\/uploads\/2020\/05\/Otti-300x138.jpg 300w, https:\/\/www.meinweinkeller.ch\/weinclub\/wp-content\/uploads\/2020\/05\/Otti-768x354.jpg 768w, https:\/\/www.meinweinkeller.ch\/weinclub\/wp-content\/uploads\/2020\/05\/Otti-500x230.jpg 500w, https:\/\/www.meinweinkeller.ch\/weinclub\/wp-content\/uploads\/2020\/05\/Otti.jpg 1824w\" sizes=\"auto, (max-width: 1024px) 100vw, 1024px\" \/><\/figure>\n\n\n\n<figure class=\"wp-block-image\"><img loading=\"lazy\" decoding=\"async\" width=\"1024\" height=\"474\" src=\"http:\/\/www.meinweinkeller.ch\/weinclub\/wp-content\/uploads\/2020\/05\/Jorge-1024x474.jpg\" alt=\"\" class=\"wp-image-4830\" srcset=\"https:\/\/www.meinweinkeller.ch\/weinclub\/wp-content\/uploads\/2020\/05\/Jorge-1024x474.jpg 1024w, https:\/\/www.meinweinkeller.ch\/weinclub\/wp-content\/uploads\/2020\/05\/Jorge-300x139.jpg 300w, https:\/\/www.meinweinkeller.ch\/weinclub\/wp-content\/uploads\/2020\/05\/Jorge-768x355.jpg 768w, https:\/\/www.meinweinkeller.ch\/weinclub\/wp-content\/uploads\/2020\/05\/Jorge-500x231.jpg 500w, https:\/\/www.meinweinkeller.ch\/weinclub\/wp-content\/uploads\/2020\/05\/Jorge.jpg 2048w\" sizes=\"auto, (max-width: 1024px) 100vw, 1024px\" \/><\/figure>\n\n\n\n<p><strong>Und hier nochmals die Anleitung f\u00fcr alle &#8211; und kommt auf Skype &#8211; das k\u00f6nnt ihr auch als Gast ohne Anmeldung!:<\/strong><\/p>\n\n\n\n<p><strong>Skype:<a href=\"http:\/\/ https:\/\/join.skype.com\/hZUUpgtPM157\"> https:\/\/join.skype.com\/hZUUpgtPM157<\/a><\/strong>  ab 19 Uhr (Bitte erst Do, ab 19 Uhr anw\u00e4hlen)<\/p>\n\n\n\n<p> Ben\u00fctze einer der vielen Kan\u00e4le um dabei zu sein: <strong>mail, facebook, WhatsApp, ab 19 Uhr Skype<\/strong><\/p>\n\n\n\n<p> Seid erfinderisch und schickt uns Eure Donnerstag-Abend-Schnappsch\u00fcsse mit kurzer Degunotiz zu auf <a href=\"http:\/\/www.meinweinkeller.ch\/weinclub\/wp-admin\/mobile.hintermeister@gmail.com\">mobile.hintermeister@gmail.com<\/a> oder WhatsApp. Wir werden sie auf unserer Homepage f\u00fcr euch alle ver\u00f6ffentlichen! <\/p>\n\n\n\n<p>Otti hat auch eine <strong>WhatsApp <\/strong>Gruppe \u201aHome  drinking\u2018 er\u00f6ffnet. Marcel er\u00f6ffnet den Abend mit einer <strong>Skype<\/strong>  Session \u2013 auch ohne Skype kannst du dabei sein (einfach den link  oben aktivieren oder einsetzen ab 19 Uhr  oder Link in der WhatsApp Gruppe).  Schon viele sind dabei \u2013 falls du noch nicht, hat  Otti vermutlich  deinen Kontakt nicht oder du bist nicht bei WhatsApp.  Wenn du dabei  sein willst, dann sende mir dein Kontakt (mobile Nummer) auf das Mail oben  \ud83d\ude42  <\/p>\n","protected":false},"excerpt":{"rendered":"<p>hmmmm &#8211; na ja &#8211; ihr habt gew\u00e4hlt &#8230;. das Thema f\u00fcr diesen Donnerstag ist Auffahrt oder Heimfahrt, Einfahrt, Ausfahrt, Talfahrt, Hinfahrt, R\u00fcckfahrt, \u00dcberfahrt &#8230;. Und hier nochmals die Anleitung f\u00fcr alle &#8211; und kommt auf Skype &#8211; das k\u00f6nnt &hellip; <a href=\"https:\/\/www.meinweinkeller.ch\/weinclub\/donnerstag-degustationen\/donnerstag-21-mai-2020-serie-home-drinking-sauffahrt\/\">Weiterlesen <span class=\"meta-nav\">&rarr;<\/span><\/a><\/p>\n","protected":false},"author":1,"featured_media":4759,"comment_status":"closed","ping_status":"closed","sticky":false,"template":"","format":"standard","meta":{"footnotes":""},"categories":[4],"tags":[],"class_list":["post-4780","post","type-post","status-publish","format-standard","has-post-thumbnail","hentry","category-donnerstag-degustationen"],"_links":{"self":[{"href":"https:\/\/www.meinweinkeller.ch\/weinclub\/wp-json\/wp\/v2\/posts\/4780","targetHints":{"allow":["GET"]}}],"collection":[{"href":"https:\/\/www.meinweinkeller.ch\/weinclub\/wp-json\/wp\/v2\/posts"}],"about":[{"href":"https:\/\/www.meinweinkeller.ch\/weinclub\/wp-json\/wp\/v2\/types\/post"}],"author":[{"embeddable":true,"href":"https:\/\/www.meinweinkeller.ch\/weinclub\/wp-json\/wp\/v2\/users\/1"}],"replies":[{"embeddable":true,"href":"https:\/\/www.meinweinkeller.ch\/weinclub\/wp-json\/wp\/v2\/comments?post=4780"}],"version-history":[{"count":4,"href":"https:\/\/www.meinweinkeller.ch\/weinclub\/wp-json\/wp\/v2\/posts\/4780\/revisions"}],"predecessor-version":[{"id":4831,"href":"https:\/\/www.meinweinkeller.ch\/weinclub\/wp-json\/wp\/v2\/posts\/4780\/revisions\/4831"}],"wp:featuredmedia":[{"embeddable":true,"href":"https:\/\/www.meinweinkeller.ch\/weinclub\/wp-json\/wp\/v2\/media\/4759"}],"wp:attachment":[{"href":"https:\/\/www.meinweinkeller.ch\/weinclub\/wp-json\/wp\/v2\/media?parent=4780"}],"wp:term":[{"taxonomy":"category","embeddable":true,"href":"https:\/\/www.meinweinkeller.ch\/weinclub\/wp-json\/wp\/v2\/categories?post=4780"},{"taxonomy":"post_tag","embeddable":true,"href":"https:\/\/www.meinweinkeller.ch\/weinclub\/wp-json\/wp\/v2\/tags?post=4780"}],"curies":[{"name":"wp","href":"https:\/\/api.w.org\/{rel}","templated":true}]}}