{"id":4771,"date":"2020-05-09T11:42:37","date_gmt":"2020-05-09T11:42:37","guid":{"rendered":"http:\/\/www.meinweinkeller.ch\/weinclub\/?p=4771"},"modified":"2020-05-20T08:21:38","modified_gmt":"2020-05-20T08:21:38","slug":"donnerstag-14-mai-2020-serie-home-drinking-wein-mit-d","status":"publish","type":"post","link":"https:\/\/www.meinweinkeller.ch\/weinclub\/donnerstag-degustationen\/donnerstag-14-mai-2020-serie-home-drinking-wein-mit-d\/","title":{"rendered":"Donnerstag, 14. Mai 2020: Serie &#8218;home drinking&#8216;: Wein mit D"},"content":{"rendered":"\n<p><strong>Ihr habt entschieden: Wein mit D !<\/strong> Ohhh, jeeee &#8211; also wie Dorsat, Dole aber auch DRC oder Daniel Gantenbein und und &#8230; sind m\u00f6glich \ud83d\ude09<\/p>\n\n\n\n<figure class=\"wp-block-image\"><img loading=\"lazy\" decoding=\"async\" width=\"838\" height=\"905\" src=\"http:\/\/www.meinweinkeller.ch\/weinclub\/wp-content\/uploads\/2020\/05\/skype1.jpg\" alt=\"\" class=\"wp-image-4782\" srcset=\"https:\/\/www.meinweinkeller.ch\/weinclub\/wp-content\/uploads\/2020\/05\/skype1.jpg 838w, https:\/\/www.meinweinkeller.ch\/weinclub\/wp-content\/uploads\/2020\/05\/skype1-278x300.jpg 278w, https:\/\/www.meinweinkeller.ch\/weinclub\/wp-content\/uploads\/2020\/05\/skype1-768x829.jpg 768w\" sizes=\"auto, (max-width: 838px) 100vw, 838px\" \/><figcaption>hmmmm &#8211; Weine mit D \ud83d\ude42<\/figcaption><\/figure>\n\n\n\n<figure class=\"wp-block-image\"><img loading=\"lazy\" decoding=\"async\" width=\"768\" height=\"1024\" src=\"http:\/\/www.meinweinkeller.ch\/weinclub\/wp-content\/uploads\/2020\/05\/02908754-012d-4961-83a1-f4d0dcaa70e1-768x1024.jpg\" alt=\"\" class=\"wp-image-4806\" srcset=\"https:\/\/www.meinweinkeller.ch\/weinclub\/wp-content\/uploads\/2020\/05\/02908754-012d-4961-83a1-f4d0dcaa70e1-768x1024.jpg 768w, https:\/\/www.meinweinkeller.ch\/weinclub\/wp-content\/uploads\/2020\/05\/02908754-012d-4961-83a1-f4d0dcaa70e1-225x300.jpg 225w, https:\/\/www.meinweinkeller.ch\/weinclub\/wp-content\/uploads\/2020\/05\/02908754-012d-4961-83a1-f4d0dcaa70e1.jpg 1536w\" sizes=\"auto, (max-width: 768px) 100vw, 768px\" \/><figcaption>Stefan: \u201eHome drinking \u201e &#8211; Weine mit D Einfacher Tischwein aus La Mancha (Tempranillo, Syrah und Cabernet Sauvignon, 2008) aber noch erstaunlich sch\u00f6n zum trinken. Keinerlei Altersnoten, noch sch\u00f6ne Frucht vorhanden, Kirschen und Rauchnoten.<\/figcaption><\/figure>\n\n\n\n<figure class=\"wp-block-image\"><img loading=\"lazy\" decoding=\"async\" width=\"768\" height=\"1024\" src=\"http:\/\/www.meinweinkeller.ch\/weinclub\/wp-content\/uploads\/2020\/05\/a8925c03-410f-4c85-b77b-577a642eb0e5-768x1024.jpg\" alt=\"\" class=\"wp-image-4807\" srcset=\"https:\/\/www.meinweinkeller.ch\/weinclub\/wp-content\/uploads\/2020\/05\/a8925c03-410f-4c85-b77b-577a642eb0e5-768x1024.jpg 768w, https:\/\/www.meinweinkeller.ch\/weinclub\/wp-content\/uploads\/2020\/05\/a8925c03-410f-4c85-b77b-577a642eb0e5-225x300.jpg 225w, https:\/\/www.meinweinkeller.ch\/weinclub\/wp-content\/uploads\/2020\/05\/a8925c03-410f-4c85-b77b-577a642eb0e5.jpg 1536w\" sizes=\"auto, (max-width: 768px) 100vw, 768px\" \/><figcaption>Stefan: Reife Pflaumen, Rauchig, Menthol, ein bisschen Vanille, schwarze Fr\u00fcchte, Pfeffer. Am Gaumen tief und komplex. 93% Syrah und 7% Viognier. Sch\u00f6ner Wein von Norrel Robertson. <\/figcaption><\/figure>\n\n\n\n<figure class=\"wp-block-image\"><img loading=\"lazy\" decoding=\"async\" width=\"768\" height=\"1024\" src=\"http:\/\/www.meinweinkeller.ch\/weinclub\/wp-content\/uploads\/2020\/05\/13384d30-2e1a-47a2-a2d2-0643d5d990e2-768x1024.jpg\" alt=\"\" class=\"wp-image-4808\" srcset=\"https:\/\/www.meinweinkeller.ch\/weinclub\/wp-content\/uploads\/2020\/05\/13384d30-2e1a-47a2-a2d2-0643d5d990e2-768x1024.jpg 768w, https:\/\/www.meinweinkeller.ch\/weinclub\/wp-content\/uploads\/2020\/05\/13384d30-2e1a-47a2-a2d2-0643d5d990e2-225x300.jpg 225w, https:\/\/www.meinweinkeller.ch\/weinclub\/wp-content\/uploads\/2020\/05\/13384d30-2e1a-47a2-a2d2-0643d5d990e2.jpg 1536w\" sizes=\"auto, (max-width: 768px) 100vw, 768px\" \/><figcaption>Stefan: \u201eHome drinking \u201e &#8211; Weine mit D Wow&#8230; der hat aber so richtig zugelegt seit der letzten Degustation. Mandeln, Aprikosen, Marzipan, Honignoten, reife Quitten, cremig. Am Gaumen exotische Fr\u00fcchte Papaya, Mango und dezent Safran. <\/figcaption><\/figure>\n\n\n\n<figure class=\"wp-block-image\"><img loading=\"lazy\" decoding=\"async\" width=\"768\" height=\"1024\" src=\"http:\/\/www.meinweinkeller.ch\/weinclub\/wp-content\/uploads\/2020\/05\/IMG_3359-768x1024.jpg\" alt=\"\" class=\"wp-image-4804\" srcset=\"https:\/\/www.meinweinkeller.ch\/weinclub\/wp-content\/uploads\/2020\/05\/IMG_3359-768x1024.jpg 768w, https:\/\/www.meinweinkeller.ch\/weinclub\/wp-content\/uploads\/2020\/05\/IMG_3359-225x300.jpg 225w\" sizes=\"auto, (max-width: 768px) 100vw, 768px\" \/><figcaption>Marc: Ch\u00e2teau La Dominique 1995, Saint-Emilion Grand Cru Class\u00e9: Nase klassisch Bordeaux, am Gaumen stundenlang hart wie ein Brett und s\u00e4urem\u00e4ssig m\u00f6rderisch. Der letzte Schluck bringt die Vers\u00f6hnung: rund, die S\u00e4ure ist verpufft &#8211; angekommen!<\/figcaption><\/figure>\n\n\n\n<figure class=\"wp-block-image\"><img loading=\"lazy\" decoding=\"async\" width=\"1024\" height=\"576\" src=\"http:\/\/www.meinweinkeller.ch\/weinclub\/wp-content\/uploads\/2020\/05\/20200512_1007520-1024x576.jpg\" alt=\"\" class=\"wp-image-4785\" srcset=\"https:\/\/www.meinweinkeller.ch\/weinclub\/wp-content\/uploads\/2020\/05\/20200512_1007520-1024x576.jpg 1024w, https:\/\/www.meinweinkeller.ch\/weinclub\/wp-content\/uploads\/2020\/05\/20200512_1007520-300x169.jpg 300w, https:\/\/www.meinweinkeller.ch\/weinclub\/wp-content\/uploads\/2020\/05\/20200512_1007520-768x432.jpg 768w, https:\/\/www.meinweinkeller.ch\/weinclub\/wp-content\/uploads\/2020\/05\/20200512_1007520-500x281.jpg 500w\" sizes=\"auto, (max-width: 1024px) 100vw, 1024px\" \/><figcaption>Rolf: Dieser Doisy-V\u00e9drines 2010 ist ein perfekter, leckerer Sauternes: Honig \/ Aprikose \/ ged\u00f6rrte Fr\u00fcchte und einiges an Safran, dazu eine saubere, h\u00f6chst angenehme S\u00e4ure-Balance \u2013 wow \u2013 ein Genuss zu meinem Aprikosenkuchen!<br \/>Der Dur\u00f3n Reserva Ribera del Duero ist ebenfalls 2010 \u2013 90% Tempranillo + 10% Cabernet Sauvignon.<br \/>Die Beschreibung \u00fcberlasse ich Andy, der zuf\u00e4llig eine selbige Flasche vor sich hatte.<\/figcaption><\/figure>\n\n\n\n<figure class=\"wp-block-image\"><img loading=\"lazy\" decoding=\"async\" width=\"576\" height=\"1024\" src=\"http:\/\/www.meinweinkeller.ch\/weinclub\/wp-content\/uploads\/2020\/05\/IMG-20200514-WA0003-576x1024.jpg\" alt=\"\" class=\"wp-image-4787\" srcset=\"https:\/\/www.meinweinkeller.ch\/weinclub\/wp-content\/uploads\/2020\/05\/IMG-20200514-WA0003-576x1024.jpg 576w, https:\/\/www.meinweinkeller.ch\/weinclub\/wp-content\/uploads\/2020\/05\/IMG-20200514-WA0003-169x300.jpg 169w, https:\/\/www.meinweinkeller.ch\/weinclub\/wp-content\/uploads\/2020\/05\/IMG-20200514-WA0003-768x1365.jpg 768w, https:\/\/www.meinweinkeller.ch\/weinclub\/wp-content\/uploads\/2020\/05\/IMG-20200514-WA0003.jpg 1152w\" sizes=\"auto, (max-width: 576px) 100vw, 576px\" \/><figcaption>Markus D.: Schwarze Kirschen mit etwas Holz und Leder. Gute S\u00e4ure und noch zu harte Tanine &#8211; nach 2h dekantieren richtig \u201erund\u201c und fast schon modern.<br \/><\/figcaption><\/figure>\n\n\n\n<figure class=\"wp-block-image\"><img loading=\"lazy\" decoding=\"async\" width=\"576\" height=\"1024\" src=\"http:\/\/www.meinweinkeller.ch\/weinclub\/wp-content\/uploads\/2020\/05\/IMG-20200514-WA0002-576x1024.jpg\" alt=\"\" class=\"wp-image-4790\" srcset=\"https:\/\/www.meinweinkeller.ch\/weinclub\/wp-content\/uploads\/2020\/05\/IMG-20200514-WA0002-576x1024.jpg 576w, https:\/\/www.meinweinkeller.ch\/weinclub\/wp-content\/uploads\/2020\/05\/IMG-20200514-WA0002-169x300.jpg 169w, https:\/\/www.meinweinkeller.ch\/weinclub\/wp-content\/uploads\/2020\/05\/IMG-20200514-WA0002-768x1365.jpg 768w, https:\/\/www.meinweinkeller.ch\/weinclub\/wp-content\/uploads\/2020\/05\/IMG-20200514-WA0002.jpg 1152w\" sizes=\"auto, (max-width: 576px) 100vw, 576px\" \/><figcaption>Benjamin: Der Arzt sagt, dass ich nur noch ein Glas pro Tag drinken darf.<br \/><\/figcaption><\/figure>\n\n\n\n<figure class=\"wp-block-image\"><img loading=\"lazy\" decoding=\"async\" width=\"576\" height=\"1024\" src=\"http:\/\/www.meinweinkeller.ch\/weinclub\/wp-content\/uploads\/2020\/05\/IMG-20200514-WA0004-576x1024.jpg\" alt=\"\" class=\"wp-image-4789\" srcset=\"https:\/\/www.meinweinkeller.ch\/weinclub\/wp-content\/uploads\/2020\/05\/IMG-20200514-WA0004-576x1024.jpg 576w, https:\/\/www.meinweinkeller.ch\/weinclub\/wp-content\/uploads\/2020\/05\/IMG-20200514-WA0004-169x300.jpg 169w, https:\/\/www.meinweinkeller.ch\/weinclub\/wp-content\/uploads\/2020\/05\/IMG-20200514-WA0004-768x1365.jpg 768w, https:\/\/www.meinweinkeller.ch\/weinclub\/wp-content\/uploads\/2020\/05\/IMG-20200514-WA0004.jpg 1152w\" sizes=\"auto, (max-width: 576px) 100vw, 576px\" \/><figcaption>Benjamin: Du Mol, Clare, Hyde Vinyard, Nappa, Mineralisch. Holz, Wuchtige Nase. TOLL<\/figcaption><\/figure>\n\n\n\n<figure class=\"wp-block-image\"><img loading=\"lazy\" decoding=\"async\" width=\"576\" height=\"1024\" src=\"http:\/\/www.meinweinkeller.ch\/weinclub\/wp-content\/uploads\/2020\/05\/IMG-20200514-WA0005-576x1024.jpg\" alt=\"\" class=\"wp-image-4791\" srcset=\"https:\/\/www.meinweinkeller.ch\/weinclub\/wp-content\/uploads\/2020\/05\/IMG-20200514-WA0005-576x1024.jpg 576w, https:\/\/www.meinweinkeller.ch\/weinclub\/wp-content\/uploads\/2020\/05\/IMG-20200514-WA0005-169x300.jpg 169w, https:\/\/www.meinweinkeller.ch\/weinclub\/wp-content\/uploads\/2020\/05\/IMG-20200514-WA0005-768x1365.jpg 768w, https:\/\/www.meinweinkeller.ch\/weinclub\/wp-content\/uploads\/2020\/05\/IMG-20200514-WA0005.jpg 1152w\" sizes=\"auto, (max-width: 576px) 100vw, 576px\" \/><\/figure>\n\n\n\n<figure class=\"wp-block-image\"><img loading=\"lazy\" decoding=\"async\" width=\"576\" height=\"1024\" src=\"http:\/\/www.meinweinkeller.ch\/weinclub\/wp-content\/uploads\/2020\/05\/IMG-20200514-WA0006-576x1024.jpg\" alt=\"\" class=\"wp-image-4792\" srcset=\"https:\/\/www.meinweinkeller.ch\/weinclub\/wp-content\/uploads\/2020\/05\/IMG-20200514-WA0006-576x1024.jpg 576w, https:\/\/www.meinweinkeller.ch\/weinclub\/wp-content\/uploads\/2020\/05\/IMG-20200514-WA0006-169x300.jpg 169w, https:\/\/www.meinweinkeller.ch\/weinclub\/wp-content\/uploads\/2020\/05\/IMG-20200514-WA0006-768x1365.jpg 768w, https:\/\/www.meinweinkeller.ch\/weinclub\/wp-content\/uploads\/2020\/05\/IMG-20200514-WA0006.jpg 1152w\" sizes=\"auto, (max-width: 576px) 100vw, 576px\" \/><figcaption>Benjamin: Nic Ribera Del Duero. 2009. Gaumenschmeichler. Dunkle Beeren. Balanciert. Sehr sch\u00f6\u00f6\u00f6\u00f6n.<br \/><\/figcaption><\/figure>\n\n\n\n<figure class=\"wp-block-image\"><img loading=\"lazy\" decoding=\"async\" width=\"578\" height=\"1024\" src=\"http:\/\/www.meinweinkeller.ch\/weinclub\/wp-content\/uploads\/2020\/05\/IMG-20200514-WA0007-578x1024.jpg\" alt=\"\" class=\"wp-image-4794\" srcset=\"https:\/\/www.meinweinkeller.ch\/weinclub\/wp-content\/uploads\/2020\/05\/IMG-20200514-WA0007-578x1024.jpg 578w, https:\/\/www.meinweinkeller.ch\/weinclub\/wp-content\/uploads\/2020\/05\/IMG-20200514-WA0007-169x300.jpg 169w, https:\/\/www.meinweinkeller.ch\/weinclub\/wp-content\/uploads\/2020\/05\/IMG-20200514-WA0007-768x1360.jpg 768w, https:\/\/www.meinweinkeller.ch\/weinclub\/wp-content\/uploads\/2020\/05\/IMG-20200514-WA0007.jpg 1120w\" sizes=\"auto, (max-width: 578px) 100vw, 578px\" \/><figcaption>Andy: Immer wieder sch\u00f6n, mit tollem PLV, Jahrgang 2010, im sch\u00f6nen Trinkfenster, Pflaumen, Schwarztee, feink\u00f6rnige Tannine, mundf\u00fcllend, gute S\u00e4ure, mit Luft immer besser<\/figcaption><\/figure>\n\n\n\n<figure class=\"wp-block-image\"><img loading=\"lazy\" decoding=\"async\" width=\"768\" height=\"1024\" src=\"http:\/\/www.meinweinkeller.ch\/weinclub\/wp-content\/uploads\/2020\/05\/IMG_20200515_124554-768x1024.jpg\" alt=\"\" class=\"wp-image-4797\" srcset=\"https:\/\/www.meinweinkeller.ch\/weinclub\/wp-content\/uploads\/2020\/05\/IMG_20200515_124554-768x1024.jpg 768w, https:\/\/www.meinweinkeller.ch\/weinclub\/wp-content\/uploads\/2020\/05\/IMG_20200515_124554-225x300.jpg 225w\" sizes=\"auto, (max-width: 768px) 100vw, 768px\" \/><figcaption>Otti und Jorge: zuerst ein GV von Donabaum 2015 ohne Bild: exotische tolle Fr\u00fcchte, sch\u00f6ner Wein; der Lucile Avrile durlebte 3 Phasen: die erste schwarze Kirschen und S\u00e4urebetont; die zweite Pflaumig und Flaschenfehler?; die dritte nach 4 Stunden herrlich schwarze Krischen, vielschichtig, noch jung wirkend mit straffen Taninen &#8211; Solche Wechsel hatten wir noch nie erlebt!<\/figcaption><\/figure>\n\n\n\n<figure class=\"wp-block-image\"><img loading=\"lazy\" decoding=\"async\" width=\"579\" height=\"706\" src=\"http:\/\/www.meinweinkeller.ch\/weinclub\/wp-content\/uploads\/2020\/05\/Skype-20200514-195613.jpeg\" alt=\"\" class=\"wp-image-4799\" srcset=\"https:\/\/www.meinweinkeller.ch\/weinclub\/wp-content\/uploads\/2020\/05\/Skype-20200514-195613.jpeg 579w, https:\/\/www.meinweinkeller.ch\/weinclub\/wp-content\/uploads\/2020\/05\/Skype-20200514-195613-246x300.jpeg 246w\" sizes=\"auto, (max-width: 579px) 100vw, 579px\" \/><figcaption>und tsch\u00fcss \ud83d\ude42<\/figcaption><\/figure>\n","protected":false},"excerpt":{"rendered":"<p>Ihr habt entschieden: Wein mit D ! Ohhh, jeeee &#8211; also wie Dorsat, Dole aber auch DRC oder Daniel Gantenbein und und &#8230; sind m\u00f6glich \ud83d\ude09<\/p>\n","protected":false},"author":1,"featured_media":4799,"comment_status":"closed","ping_status":"closed","sticky":false,"template":"","format":"standard","meta":{"footnotes":""},"categories":[4],"tags":[],"class_list":["post-4771","post","type-post","status-publish","format-standard","has-post-thumbnail","hentry","category-donnerstag-degustationen"],"_links":{"self":[{"href":"https:\/\/www.meinweinkeller.ch\/weinclub\/wp-json\/wp\/v2\/posts\/4771","targetHints":{"allow":["GET"]}}],"collection":[{"href":"https:\/\/www.meinweinkeller.ch\/weinclub\/wp-json\/wp\/v2\/posts"}],"about":[{"href":"https:\/\/www.meinweinkeller.ch\/weinclub\/wp-json\/wp\/v2\/types\/post"}],"author":[{"embeddable":true,"href":"https:\/\/www.meinweinkeller.ch\/weinclub\/wp-json\/wp\/v2\/users\/1"}],"replies":[{"embeddable":true,"href":"https:\/\/www.meinweinkeller.ch\/weinclub\/wp-json\/wp\/v2\/comments?post=4771"}],"version-history":[{"count":16,"href":"https:\/\/www.meinweinkeller.ch\/weinclub\/wp-json\/wp\/v2\/posts\/4771\/revisions"}],"predecessor-version":[{"id":4810,"href":"https:\/\/www.meinweinkeller.ch\/weinclub\/wp-json\/wp\/v2\/posts\/4771\/revisions\/4810"}],"wp:featuredmedia":[{"embeddable":true,"href":"https:\/\/www.meinweinkeller.ch\/weinclub\/wp-json\/wp\/v2\/media\/4799"}],"wp:attachment":[{"href":"https:\/\/www.meinweinkeller.ch\/weinclub\/wp-json\/wp\/v2\/media?parent=4771"}],"wp:term":[{"taxonomy":"category","embeddable":true,"href":"https:\/\/www.meinweinkeller.ch\/weinclub\/wp-json\/wp\/v2\/categories?post=4771"},{"taxonomy":"post_tag","embeddable":true,"href":"https:\/\/www.meinweinkeller.ch\/weinclub\/wp-json\/wp\/v2\/tags?post=4771"}],"curies":[{"name":"wp","href":"https:\/\/api.w.org\/{rel}","templated":true}]}}