{"id":4629,"date":"2020-04-17T17:29:49","date_gmt":"2020-04-17T17:29:49","guid":{"rendered":"http:\/\/www.meinweinkeller.ch\/weinclub\/?p=4629"},"modified":"2020-04-24T15:59:11","modified_gmt":"2020-04-24T15:59:11","slug":"donnerstag-23-april-2020-serie-home-drinking-sexiest-etikett-ever","status":"publish","type":"post","link":"https:\/\/www.meinweinkeller.ch\/weinclub\/donnerstag-degustationen\/donnerstag-23-april-2020-serie-home-drinking-sexiest-etikett-ever\/","title":{"rendered":"Donnerstag, 23. April 2020: Serie &#8218;home drinking&#8216; &#8211; sexiest Etikett ever!"},"content":{"rendered":"\n<p>Einfach unglaublich toll, was ihr alles an<strong> wahren Kunstwerken <\/strong>aus dem Keller geholt habt!!<\/p>\n\n\n\n<p>Es war ein hartes Rennen und die drei Etiketten von Marcel, Raymond und Stefan mussten in eine zweite Runde. Wirklich nur hauchd\u00fcnner Sieger wurde Marcel, dicht gefolgt und beide ebenfalls auf dem Siegerpodest &#8211; Raymond und Stefan! Gratulation! VINOTTI stiftet deshalb allen drei Siegern der <em>Gigondas 2016, Reserve Saint Dominique (Parker 93: Der N\u00e9gocier-Arm von Domaine la Bastide Saint-Dominique (Eric Bonnet) hat sich mit dunklen Noten von Mokka, schwarzen Oliven, Blaubeeren und Cola bew\u00e4hrt. Es ist vollmundig, reich und samtig, mit attraktiven, herzhaften Tanninen im Abgang. Diese Mischung aus 80% Grenache und jeweils 10% Mourv\u00e8dre und Syrah sollte f\u00fcr ein Jahrzehnt gut altern).<\/em><\/p>\n\n\n\n<figure class=\"wp-block-image\"><img loading=\"lazy\" decoding=\"async\" width=\"885\" height=\"956\" src=\"http:\/\/www.meinweinkeller.ch\/weinclub\/wp-content\/uploads\/2020\/04\/Skype-20200423-192544.jpeg\" alt=\"\" class=\"wp-image-4670\" srcset=\"https:\/\/www.meinweinkeller.ch\/weinclub\/wp-content\/uploads\/2020\/04\/Skype-20200423-192544.jpeg 885w, https:\/\/www.meinweinkeller.ch\/weinclub\/wp-content\/uploads\/2020\/04\/Skype-20200423-192544-278x300.jpeg 278w, https:\/\/www.meinweinkeller.ch\/weinclub\/wp-content\/uploads\/2020\/04\/Skype-20200423-192544-768x830.jpeg 768w\" sizes=\"auto, (max-width: 885px) 100vw, 885px\" \/><\/figure>\n\n\n\n<figure class=\"wp-block-image\"><img loading=\"lazy\" decoding=\"async\" width=\"768\" height=\"1024\" src=\"http:\/\/www.meinweinkeller.ch\/weinclub\/wp-content\/uploads\/2020\/04\/IMG_20200423_190843-768x1024.jpg\" alt=\"\" class=\"wp-image-4694\" srcset=\"https:\/\/www.meinweinkeller.ch\/weinclub\/wp-content\/uploads\/2020\/04\/IMG_20200423_190843-768x1024.jpg 768w, https:\/\/www.meinweinkeller.ch\/weinclub\/wp-content\/uploads\/2020\/04\/IMG_20200423_190843-225x300.jpg 225w\" sizes=\"auto, (max-width: 768px) 100vw, 768px\" \/><figcaption>Marcel&#8217;s Siegerinnen &#8211; Gratulation &#8211; Hauchd\u00fcnn gewonnen<\/figcaption><\/figure>\n\n\n\n<figure class=\"wp-block-image\"><img loading=\"lazy\" decoding=\"async\" width=\"576\" height=\"1024\" src=\"http:\/\/www.meinweinkeller.ch\/weinclub\/wp-content\/uploads\/2020\/04\/IMG-20200423-WA0000-576x1024.jpg\" alt=\"\" class=\"wp-image-4672\" srcset=\"https:\/\/www.meinweinkeller.ch\/weinclub\/wp-content\/uploads\/2020\/04\/IMG-20200423-WA0000-576x1024.jpg 576w, https:\/\/www.meinweinkeller.ch\/weinclub\/wp-content\/uploads\/2020\/04\/IMG-20200423-WA0000-169x300.jpg 169w, https:\/\/www.meinweinkeller.ch\/weinclub\/wp-content\/uploads\/2020\/04\/IMG-20200423-WA0000-768x1365.jpg 768w, https:\/\/www.meinweinkeller.ch\/weinclub\/wp-content\/uploads\/2020\/04\/IMG-20200423-WA0000.jpg 1152w\" sizes=\"auto, (max-width: 576px) 100vw, 576px\" \/><figcaption>Das Kunstwerk von Raymond<\/figcaption><\/figure>\n\n\n\n<figure class=\"wp-block-image\"><img loading=\"lazy\" decoding=\"async\" width=\"1024\" height=\"768\" src=\"http:\/\/www.meinweinkeller.ch\/weinclub\/wp-content\/uploads\/2020\/04\/IMG-20200423-WA0008-1024x768.jpg\" alt=\"\" class=\"wp-image-4682\" srcset=\"https:\/\/www.meinweinkeller.ch\/weinclub\/wp-content\/uploads\/2020\/04\/IMG-20200423-WA0008-1024x768.jpg 1024w, https:\/\/www.meinweinkeller.ch\/weinclub\/wp-content\/uploads\/2020\/04\/IMG-20200423-WA0008-300x225.jpg 300w, https:\/\/www.meinweinkeller.ch\/weinclub\/wp-content\/uploads\/2020\/04\/IMG-20200423-WA0008-768x576.jpg 768w, https:\/\/www.meinweinkeller.ch\/weinclub\/wp-content\/uploads\/2020\/04\/IMG-20200423-WA0008-400x300.jpg 400w, https:\/\/www.meinweinkeller.ch\/weinclub\/wp-content\/uploads\/2020\/04\/IMG-20200423-WA0008.jpg 2048w\" sizes=\"auto, (max-width: 1024px) 100vw, 1024px\" \/><figcaption>Stefan weiss und rot in sexy: Extravagante Etikette mit tollem Inhalt. Der macht richtig Spass. In der Nase Sweet Corn, Orangenschalen, bet\u00f6rendes Jasmin. Am Gaumen sch\u00f6ne Eichenholzaromatik und Zitrusnoten. Sehr intensive Geschmackskomponenten. Lang anhaltender Abgang. Toll!!!<\/figcaption><\/figure>\n\n\n\n<figure class=\"wp-block-image\"><img loading=\"lazy\" decoding=\"async\" width=\"768\" height=\"1024\" src=\"http:\/\/www.meinweinkeller.ch\/weinclub\/wp-content\/uploads\/2020\/04\/IMG-20200423-WA0009-768x1024.jpg\" alt=\"\" class=\"wp-image-4684\" srcset=\"https:\/\/www.meinweinkeller.ch\/weinclub\/wp-content\/uploads\/2020\/04\/IMG-20200423-WA0009-768x1024.jpg 768w, https:\/\/www.meinweinkeller.ch\/weinclub\/wp-content\/uploads\/2020\/04\/IMG-20200423-WA0009-225x300.jpg 225w, https:\/\/www.meinweinkeller.ch\/weinclub\/wp-content\/uploads\/2020\/04\/IMG-20200423-WA0009.jpg 1536w\" sizes=\"auto, (max-width: 768px) 100vw, 768px\" \/><figcaption>Stef: Auch der rote h\u00e4lt was die Etikette verspricht. Bet\u00f6render intensiver Duft nach schwarzen, reifen Fr\u00fcchten, schwarze Johannisbeeren, Wachs, Lanolin. Am Gaumen ausladende Frucht, mundf\u00fcllend. Toll eingebundener Alkohol. Der Wein lullt einem richtig ein und verbreitet ein wohliges Gef\u00fchl. Geiles Teil!!!<\/figcaption><\/figure>\n\n\n\n<figure class=\"wp-block-image\"><img loading=\"lazy\" decoding=\"async\" width=\"576\" height=\"1024\" src=\"http:\/\/www.meinweinkeller.ch\/weinclub\/wp-content\/uploads\/2020\/04\/IMG-20200423-WA0003-576x1024.jpg\" alt=\"\" class=\"wp-image-4674\" srcset=\"https:\/\/www.meinweinkeller.ch\/weinclub\/wp-content\/uploads\/2020\/04\/IMG-20200423-WA0003-576x1024.jpg 576w, https:\/\/www.meinweinkeller.ch\/weinclub\/wp-content\/uploads\/2020\/04\/IMG-20200423-WA0003-169x300.jpg 169w, https:\/\/www.meinweinkeller.ch\/weinclub\/wp-content\/uploads\/2020\/04\/IMG-20200423-WA0003-768x1365.jpg 768w, https:\/\/www.meinweinkeller.ch\/weinclub\/wp-content\/uploads\/2020\/04\/IMG-20200423-WA0003.jpg 1152w\" sizes=\"auto, (max-width: 576px) 100vw, 576px\" \/><figcaption>Benjamin &#8211; diesmal nicht online: Buccella 2012<br \/><\/figcaption><\/figure>\n\n\n\n<figure class=\"wp-block-image\"><img loading=\"lazy\" decoding=\"async\" width=\"768\" height=\"1024\" src=\"http:\/\/www.meinweinkeller.ch\/weinclub\/wp-content\/uploads\/2020\/04\/IMG-20200423-WA0004-768x1024.jpg\" alt=\"\" class=\"wp-image-4676\" srcset=\"https:\/\/www.meinweinkeller.ch\/weinclub\/wp-content\/uploads\/2020\/04\/IMG-20200423-WA0004-768x1024.jpg 768w, https:\/\/www.meinweinkeller.ch\/weinclub\/wp-content\/uploads\/2020\/04\/IMG-20200423-WA0004-225x300.jpg 225w, https:\/\/www.meinweinkeller.ch\/weinclub\/wp-content\/uploads\/2020\/04\/IMG-20200423-WA0004.jpg 1536w\" sizes=\"auto, (max-width: 768px) 100vw, 768px\" \/><figcaption>Markus mit Bad Boy ausgew\u00e4hlt von seiner Conny<\/figcaption><\/figure>\n\n\n\n<figure class=\"wp-block-image\"><img loading=\"lazy\" decoding=\"async\" width=\"768\" height=\"1024\" src=\"http:\/\/www.meinweinkeller.ch\/weinclub\/wp-content\/uploads\/2020\/04\/IMG-20200423-WA0006-768x1024.jpg\" alt=\"\" class=\"wp-image-4678\" srcset=\"https:\/\/www.meinweinkeller.ch\/weinclub\/wp-content\/uploads\/2020\/04\/IMG-20200423-WA0006-768x1024.jpg 768w, https:\/\/www.meinweinkeller.ch\/weinclub\/wp-content\/uploads\/2020\/04\/IMG-20200423-WA0006-225x300.jpg 225w, https:\/\/www.meinweinkeller.ch\/weinclub\/wp-content\/uploads\/2020\/04\/IMG-20200423-WA0006.jpg 1488w\" sizes=\"auto, (max-width: 768px) 100vw, 768px\" \/><figcaption>Andy l\u00f6st eine sexy Kontroverse aus: Und beide zusamnen&#8230;<br \/><\/figcaption><\/figure>\n\n\n\n<figure class=\"wp-block-image\"><img loading=\"lazy\" decoding=\"async\" width=\"768\" height=\"1024\" src=\"http:\/\/www.meinweinkeller.ch\/weinclub\/wp-content\/uploads\/2020\/04\/IMG-20200423-WA0007-768x1024.jpg\" alt=\"\" class=\"wp-image-4680\" srcset=\"https:\/\/www.meinweinkeller.ch\/weinclub\/wp-content\/uploads\/2020\/04\/IMG-20200423-WA0007-768x1024.jpg 768w, https:\/\/www.meinweinkeller.ch\/weinclub\/wp-content\/uploads\/2020\/04\/IMG-20200423-WA0007-225x300.jpg 225w, https:\/\/www.meinweinkeller.ch\/weinclub\/wp-content\/uploads\/2020\/04\/IMG-20200423-WA0007.jpg 1536w\" sizes=\"auto, (max-width: 768px) 100vw, 768px\" \/><figcaption>Mark setzt auf sexy Inhalt: Ein Schriftzug, mehr braucht\u2018s nicht: Riesling Uhlen L (Laubach) VDP Grosse Lage 2015: fesselnd, \u00fcberirdisch gut. 18.5 Jancis Robinson, 96 Parker, 4.5 von mir auf Vivino. Cheers!<\/figcaption><\/figure>\n\n\n\n<figure class=\"wp-block-image\"><img loading=\"lazy\" decoding=\"async\" width=\"768\" height=\"1024\" src=\"http:\/\/www.meinweinkeller.ch\/weinclub\/wp-content\/uploads\/2020\/04\/IMG-20200423-WA0010-768x1024.jpg\" alt=\"\" class=\"wp-image-4688\" srcset=\"https:\/\/www.meinweinkeller.ch\/weinclub\/wp-content\/uploads\/2020\/04\/IMG-20200423-WA0010-768x1024.jpg 768w, https:\/\/www.meinweinkeller.ch\/weinclub\/wp-content\/uploads\/2020\/04\/IMG-20200423-WA0010-225x300.jpg 225w, https:\/\/www.meinweinkeller.ch\/weinclub\/wp-content\/uploads\/2020\/04\/IMG-20200423-WA0010.jpg 1368w\" sizes=\"auto, (max-width: 768px) 100vw, 768px\" \/><figcaption>Otti meint doch tats\u00e4chlich, dass er mit der sexy Luna mithalten kann: Xavier Cotes du Rhone 2010: Theenoten, Rhumtopf mit Waldfr\u00fcchten, schon etwas zu alt<br \/><\/figcaption><\/figure>\n\n\n\n<figure class=\"wp-block-image\"><img loading=\"lazy\" decoding=\"async\" width=\"768\" height=\"1024\" src=\"http:\/\/www.meinweinkeller.ch\/weinclub\/wp-content\/uploads\/2020\/04\/IMG-20200424-WA0001-768x1024.jpg\" alt=\"\" class=\"wp-image-4690\" srcset=\"https:\/\/www.meinweinkeller.ch\/weinclub\/wp-content\/uploads\/2020\/04\/IMG-20200424-WA0001.jpg 768w, https:\/\/www.meinweinkeller.ch\/weinclub\/wp-content\/uploads\/2020\/04\/IMG-20200424-WA0001-225x300.jpg 225w\" sizes=\"auto, (max-width: 768px) 100vw, 768px\" \/><figcaption>Flurin versuchts mit Wallis<\/figcaption><\/figure>\n\n\n\n<figure class=\"wp-block-image\"><img loading=\"lazy\" decoding=\"async\" width=\"1024\" height=\"576\" src=\"http:\/\/www.meinweinkeller.ch\/weinclub\/wp-content\/uploads\/2020\/04\/20200423_205310-1024x576.jpg\" alt=\"\" class=\"wp-image-4692\" srcset=\"https:\/\/www.meinweinkeller.ch\/weinclub\/wp-content\/uploads\/2020\/04\/20200423_205310-1024x576.jpg 1024w, https:\/\/www.meinweinkeller.ch\/weinclub\/wp-content\/uploads\/2020\/04\/20200423_205310-300x169.jpg 300w, https:\/\/www.meinweinkeller.ch\/weinclub\/wp-content\/uploads\/2020\/04\/20200423_205310-768x432.jpg 768w, https:\/\/www.meinweinkeller.ch\/weinclub\/wp-content\/uploads\/2020\/04\/20200423_205310-500x281.jpg 500w\" sizes=\"auto, (max-width: 1024px) 100vw, 1024px\" \/><figcaption>Rolf k\u00e4mpft mit der Technik: Mein PC gibt an \u201eMicro und Cam funktionieren einwandfrei\u201c \u2013 ja Bravo!&nbsp; Da n\u00fctzt auch nichts mit f\u00fcnf Mal \u201eRolf Micro!\u201c<br \/>Mein Wein:&nbsp; no comment \/ untrinkbar &#8211;&nbsp; Etikette mit CANIS SEXtarius&nbsp;<br \/> <br \/>\u263a\u263a\u263a<\/figcaption><\/figure>\n\n\n\n<figure class=\"wp-block-image\"><img loading=\"lazy\" decoding=\"async\" width=\"885\" height=\"956\" src=\"http:\/\/www.meinweinkeller.ch\/weinclub\/wp-content\/uploads\/2020\/04\/Skype-20200423-202007.jpeg\" alt=\"\" class=\"wp-image-4698\" srcset=\"https:\/\/www.meinweinkeller.ch\/weinclub\/wp-content\/uploads\/2020\/04\/Skype-20200423-202007.jpeg 885w, https:\/\/www.meinweinkeller.ch\/weinclub\/wp-content\/uploads\/2020\/04\/Skype-20200423-202007-278x300.jpeg 278w, https:\/\/www.meinweinkeller.ch\/weinclub\/wp-content\/uploads\/2020\/04\/Skype-20200423-202007-768x830.jpeg 768w\" sizes=\"auto, (max-width: 885px) 100vw, 885px\" \/><figcaption>Danke &#8211; wieder ein toller Abend mit sicher 10 Leuten online<\/figcaption><\/figure>\n","protected":false},"excerpt":{"rendered":"<p>Einfach unglaublich toll, was ihr alles an wahren Kunstwerken aus dem Keller geholt habt!! Es war ein hartes Rennen und die drei Etiketten von Marcel, Raymond und Stefan mussten in eine zweite Runde. Wirklich nur hauchd\u00fcnner Sieger wurde Marcel, dicht &hellip; <a href=\"https:\/\/www.meinweinkeller.ch\/weinclub\/donnerstag-degustationen\/donnerstag-23-april-2020-serie-home-drinking-sexiest-etikett-ever\/\">Weiterlesen <span class=\"meta-nav\">&rarr;<\/span><\/a><\/p>\n","protected":false},"author":1,"featured_media":4682,"comment_status":"closed","ping_status":"closed","sticky":false,"template":"","format":"standard","meta":{"footnotes":""},"categories":[4],"tags":[],"class_list":["post-4629","post","type-post","status-publish","format-standard","has-post-thumbnail","hentry","category-donnerstag-degustationen"],"_links":{"self":[{"href":"https:\/\/www.meinweinkeller.ch\/weinclub\/wp-json\/wp\/v2\/posts\/4629","targetHints":{"allow":["GET"]}}],"collection":[{"href":"https:\/\/www.meinweinkeller.ch\/weinclub\/wp-json\/wp\/v2\/posts"}],"about":[{"href":"https:\/\/www.meinweinkeller.ch\/weinclub\/wp-json\/wp\/v2\/types\/post"}],"author":[{"embeddable":true,"href":"https:\/\/www.meinweinkeller.ch\/weinclub\/wp-json\/wp\/v2\/users\/1"}],"replies":[{"embeddable":true,"href":"https:\/\/www.meinweinkeller.ch\/weinclub\/wp-json\/wp\/v2\/comments?post=4629"}],"version-history":[{"count":18,"href":"https:\/\/www.meinweinkeller.ch\/weinclub\/wp-json\/wp\/v2\/posts\/4629\/revisions"}],"predecessor-version":[{"id":4700,"href":"https:\/\/www.meinweinkeller.ch\/weinclub\/wp-json\/wp\/v2\/posts\/4629\/revisions\/4700"}],"wp:featuredmedia":[{"embeddable":true,"href":"https:\/\/www.meinweinkeller.ch\/weinclub\/wp-json\/wp\/v2\/media\/4682"}],"wp:attachment":[{"href":"https:\/\/www.meinweinkeller.ch\/weinclub\/wp-json\/wp\/v2\/media?parent=4629"}],"wp:term":[{"taxonomy":"category","embeddable":true,"href":"https:\/\/www.meinweinkeller.ch\/weinclub\/wp-json\/wp\/v2\/categories?post=4629"},{"taxonomy":"post_tag","embeddable":true,"href":"https:\/\/www.meinweinkeller.ch\/weinclub\/wp-json\/wp\/v2\/tags?post=4629"}],"curies":[{"name":"wp","href":"https:\/\/api.w.org\/{rel}","templated":true}]}}