{"id":4626,"date":"2020-04-11T11:11:52","date_gmt":"2020-04-11T11:11:52","guid":{"rendered":"http:\/\/www.meinweinkeller.ch\/weinclub\/?p=4626"},"modified":"2020-04-17T15:24:16","modified_gmt":"2020-04-17T15:24:16","slug":"donnerstag-16-april-2020-serie-home-drinking-australien-tasmanien-neuseeland","status":"publish","type":"post","link":"https:\/\/www.meinweinkeller.ch\/weinclub\/donnerstag-degustationen\/donnerstag-16-april-2020-serie-home-drinking-australien-tasmanien-neuseeland\/","title":{"rendered":"Donnerstag, 16. April 2020: Serie &#8218;Home drinking&#8216; &#8211; Australien \/ Tasmanien \/ Neuseeland"},"content":{"rendered":"\n<p>Ihr habt wieder entschieden &#8211; die grosse Insel &#8211; oder richtig der Kontinent Australien!<\/p>\n\n\n\n<figure class=\"wp-block-image\"><img loading=\"lazy\" decoding=\"async\" width=\"751\" height=\"915\" src=\"http:\/\/www.meinweinkeller.ch\/weinclub\/wp-content\/uploads\/2020\/04\/tempImage-2.jpg\" alt=\"\" class=\"wp-image-4638\" srcset=\"https:\/\/www.meinweinkeller.ch\/weinclub\/wp-content\/uploads\/2020\/04\/tempImage-2.jpg 751w, https:\/\/www.meinweinkeller.ch\/weinclub\/wp-content\/uploads\/2020\/04\/tempImage-2-246x300.jpg 246w\" sizes=\"auto, (max-width: 751px) 100vw, 751px\" \/><figcaption>Skype ca. 19.30<\/figcaption><\/figure>\n\n\n\n<figure class=\"wp-block-image\"><img loading=\"lazy\" decoding=\"async\" width=\"768\" height=\"1024\" src=\"http:\/\/www.meinweinkeller.ch\/weinclub\/wp-content\/uploads\/2020\/04\/Andy_Duval-768x1024.jpg\" alt=\"\" class=\"wp-image-4632\" srcset=\"https:\/\/www.meinweinkeller.ch\/weinclub\/wp-content\/uploads\/2020\/04\/Andy_Duval-768x1024.jpg 768w, https:\/\/www.meinweinkeller.ch\/weinclub\/wp-content\/uploads\/2020\/04\/Andy_Duval-225x300.jpg 225w\" sizes=\"auto, (max-width: 768px) 100vw, 768px\" \/><\/figure>\n\n\n\n<figure class=\"wp-block-image\"><img loading=\"lazy\" decoding=\"async\" width=\"768\" height=\"1024\" src=\"http:\/\/www.meinweinkeller.ch\/weinclub\/wp-content\/uploads\/2020\/04\/Andy_Dalrymple-1-768x1024.jpg\" alt=\"\" class=\"wp-image-4634\" srcset=\"https:\/\/www.meinweinkeller.ch\/weinclub\/wp-content\/uploads\/2020\/04\/Andy_Dalrymple-1-768x1024.jpg 768w, https:\/\/www.meinweinkeller.ch\/weinclub\/wp-content\/uploads\/2020\/04\/Andy_Dalrymple-1-225x300.jpg 225w\" sizes=\"auto, (max-width: 768px) 100vw, 768px\" \/><figcaption> War wieder ein toller Abend mit Homedrinking. Und sch\u00f6n zum erstenmal auch mit Rolf, Jorge und Stefan!<br \/>Habe noch die Fotos meiner zwei Weine und dazu die Degunote.<br \/>Sch\u00f6ns Weekend und bis n\u00e4chste Woche.<br \/>LG, Andy<br \/><br \/>1) Dalrymple, Cave Block Chardonnay 2016, Pipers River Tasmanien<br \/>Eleganter Chardonnay aus Tasmanien mit k\u00fchlem Klima, 12.5Vol, erinnert mich stark an Chablis, sch\u00f6ne Aromen nach Hasel, Brioche, Zitrus und etwas gelbe Nektarinen, leicht Rauch, Gaumen frisch und kr\u00e4ftig mit toller S\u00e4ure, bleibt lang, gef\u00e4llt!<br \/><br \/>2) John Duval Entity Shiraz 2013, Barossa<br \/>Der 13er Entity Shiraz von John Duval gef\u00e4llt mir gut, zuerst bet\u00f6rende fruchtige Nase nach roten Kirschen und Cassis, Pfeffer und leicht Eukalythus, erdig, ein Hauch Schokolade, fleischig im breiten Gaumen, angenehme S\u00e4ure, nicht \u00fcberladen, Alkohol ist sch\u00f6n eingebunden, toll<\/figcaption><\/figure>\n\n\n\n<figure class=\"wp-block-image\"><img loading=\"lazy\" decoding=\"async\" width=\"1024\" height=\"768\" src=\"http:\/\/www.meinweinkeller.ch\/weinclub\/wp-content\/uploads\/2020\/04\/IMG_20200417_130123-1024x768.jpg\" alt=\"\" class=\"wp-image-4636\" srcset=\"https:\/\/www.meinweinkeller.ch\/weinclub\/wp-content\/uploads\/2020\/04\/IMG_20200417_130123-1024x768.jpg 1024w, https:\/\/www.meinweinkeller.ch\/weinclub\/wp-content\/uploads\/2020\/04\/IMG_20200417_130123-300x225.jpg 300w, https:\/\/www.meinweinkeller.ch\/weinclub\/wp-content\/uploads\/2020\/04\/IMG_20200417_130123-768x576.jpg 768w, https:\/\/www.meinweinkeller.ch\/weinclub\/wp-content\/uploads\/2020\/04\/IMG_20200417_130123-400x300.jpg 400w\" sizes=\"auto, (max-width: 1024px) 100vw, 1024px\" \/><figcaption>Otti und Jorge haben getrunken &#8230;. sch\u00f6ne Greise &#8230; aber noch trinkbar<\/figcaption><\/figure>\n\n\n\n<figure class=\"wp-block-image\"><img loading=\"lazy\" decoding=\"async\" width=\"939\" height=\"783\" src=\"http:\/\/www.meinweinkeller.ch\/weinclub\/wp-content\/uploads\/2020\/04\/tempImage-1.jpg\" alt=\"\" class=\"wp-image-4640\" srcset=\"https:\/\/www.meinweinkeller.ch\/weinclub\/wp-content\/uploads\/2020\/04\/tempImage-1.jpg 939w, https:\/\/www.meinweinkeller.ch\/weinclub\/wp-content\/uploads\/2020\/04\/tempImage-1-300x250.jpg 300w, https:\/\/www.meinweinkeller.ch\/weinclub\/wp-content\/uploads\/2020\/04\/tempImage-1-768x640.jpg 768w, https:\/\/www.meinweinkeller.ch\/weinclub\/wp-content\/uploads\/2020\/04\/tempImage-1-360x300.jpg 360w\" sizes=\"auto, (max-width: 939px) 100vw, 939px\" \/><figcaption>Einnachten auf allen Terrassen und voll dabei!!!<\/figcaption><\/figure>\n\n\n\n<figure class=\"wp-block-image\"><img loading=\"lazy\" decoding=\"async\" width=\"768\" height=\"1024\" src=\"http:\/\/www.meinweinkeller.ch\/weinclub\/wp-content\/uploads\/2020\/04\/IMG-20200416-WA0010-768x1024.jpg\" alt=\"\" class=\"wp-image-4642\" srcset=\"https:\/\/www.meinweinkeller.ch\/weinclub\/wp-content\/uploads\/2020\/04\/IMG-20200416-WA0010-768x1024.jpg 768w, https:\/\/www.meinweinkeller.ch\/weinclub\/wp-content\/uploads\/2020\/04\/IMG-20200416-WA0010-225x300.jpg 225w, https:\/\/www.meinweinkeller.ch\/weinclub\/wp-content\/uploads\/2020\/04\/IMG-20200416-WA0010.jpg 1536w\" sizes=\"auto, (max-width: 768px) 100vw, 768px\" \/><figcaption>Ruedi: Vasse Felix 1992 Riesling Botrytised. In der Nase Honigs\u00fcsse sch\u00f6ne Madeiranoten saftige S\u00e4ure. Im Gaumen sehr s\u00fcss und alle Bouquetnoten wiederholen sich. Langer sch\u00f6ner Apfeltartangang<\/figcaption><\/figure>\n\n\n\n<figure class=\"wp-block-image\"><img loading=\"lazy\" decoding=\"async\" width=\"768\" height=\"1024\" src=\"http:\/\/www.meinweinkeller.ch\/weinclub\/wp-content\/uploads\/2020\/04\/IMG-20200416-WA0009-768x1024.jpg\" alt=\"\" class=\"wp-image-4643\" srcset=\"https:\/\/www.meinweinkeller.ch\/weinclub\/wp-content\/uploads\/2020\/04\/IMG-20200416-WA0009-768x1024.jpg 768w, https:\/\/www.meinweinkeller.ch\/weinclub\/wp-content\/uploads\/2020\/04\/IMG-20200416-WA0009-225x300.jpg 225w, https:\/\/www.meinweinkeller.ch\/weinclub\/wp-content\/uploads\/2020\/04\/IMG-20200416-WA0009.jpg 1536w\" sizes=\"auto, (max-width: 768px) 100vw, 768px\" \/><\/figure>\n\n\n\n<figure class=\"wp-block-image\"><img loading=\"lazy\" decoding=\"async\" width=\"578\" height=\"1024\" src=\"http:\/\/www.meinweinkeller.ch\/weinclub\/wp-content\/uploads\/2020\/04\/IMG-20200416-WA0006-578x1024.jpg\" alt=\"\" class=\"wp-image-4644\" srcset=\"https:\/\/www.meinweinkeller.ch\/weinclub\/wp-content\/uploads\/2020\/04\/IMG-20200416-WA0006-578x1024.jpg 578w, https:\/\/www.meinweinkeller.ch\/weinclub\/wp-content\/uploads\/2020\/04\/IMG-20200416-WA0006-169x300.jpg 169w, https:\/\/www.meinweinkeller.ch\/weinclub\/wp-content\/uploads\/2020\/04\/IMG-20200416-WA0006-768x1360.jpg 768w, https:\/\/www.meinweinkeller.ch\/weinclub\/wp-content\/uploads\/2020\/04\/IMG-20200416-WA0006.jpg 1120w\" sizes=\"auto, (max-width: 578px) 100vw, 578px\" \/><\/figure>\n\n\n\n<figure class=\"wp-block-image\"><img loading=\"lazy\" decoding=\"async\" width=\"768\" height=\"1024\" src=\"http:\/\/www.meinweinkeller.ch\/weinclub\/wp-content\/uploads\/2020\/04\/IMG-20200416-WA0001-768x1024.jpg\" alt=\"\" class=\"wp-image-4653\" srcset=\"https:\/\/www.meinweinkeller.ch\/weinclub\/wp-content\/uploads\/2020\/04\/IMG-20200416-WA0001-768x1024.jpg 768w, https:\/\/www.meinweinkeller.ch\/weinclub\/wp-content\/uploads\/2020\/04\/IMG-20200416-WA0001-225x300.jpg 225w, https:\/\/www.meinweinkeller.ch\/weinclub\/wp-content\/uploads\/2020\/04\/IMG-20200416-WA0001.jpg 1536w\" sizes=\"auto, (max-width: 768px) 100vw, 768px\" \/><figcaption>Marcs Degunotizen: Rockford Shiraz Basket Press, 2003. Tomatenp\u00fcree, Blut, Pfeffer. Blumen, aber nicht Plumeria. Vollmundig, mit z\u00fcnftiger S\u00e4urestruktur und einem langen Abgang. Besitzt die Art von knorriger Pers\u00f6nlichkeit, die ich mag! Cheers!<\/figcaption><\/figure>\n\n\n\n<figure class=\"wp-block-image\"><img loading=\"lazy\" decoding=\"async\" width=\"768\" height=\"1024\" src=\"http:\/\/www.meinweinkeller.ch\/weinclub\/wp-content\/uploads\/2020\/04\/image0-768x1024.jpeg\" alt=\"\" class=\"wp-image-4655\" srcset=\"https:\/\/www.meinweinkeller.ch\/weinclub\/wp-content\/uploads\/2020\/04\/image0-768x1024.jpeg 768w, https:\/\/www.meinweinkeller.ch\/weinclub\/wp-content\/uploads\/2020\/04\/image0-225x300.jpeg 225w\" sizes=\"auto, (max-width: 768px) 100vw, 768px\" \/><figcaption>Georg schl\u00fcrft Penfolds &#8230;..<\/figcaption><\/figure>\n\n\n\n<figure class=\"wp-block-image\"><img loading=\"lazy\" decoding=\"async\" width=\"1024\" height=\"576\" src=\"http:\/\/www.meinweinkeller.ch\/weinclub\/wp-content\/uploads\/2020\/04\/20200416_164329-1024x576.jpg\" alt=\"\" class=\"wp-image-4658\" srcset=\"https:\/\/www.meinweinkeller.ch\/weinclub\/wp-content\/uploads\/2020\/04\/20200416_164329-1024x576.jpg 1024w, https:\/\/www.meinweinkeller.ch\/weinclub\/wp-content\/uploads\/2020\/04\/20200416_164329-300x169.jpg 300w, https:\/\/www.meinweinkeller.ch\/weinclub\/wp-content\/uploads\/2020\/04\/20200416_164329-768x432.jpg 768w, https:\/\/www.meinweinkeller.ch\/weinclub\/wp-content\/uploads\/2020\/04\/20200416_164329-500x281.jpg 500w\" sizes=\"auto, (max-width: 1024px) 100vw, 1024px\" \/><figcaption>Rolf auf Skype! Mein Pirat resp. Halbpirat aus gleicher Traubensorte und gleichem s\u00fcdlichem Breitengrad (SA):<br \/>SCALI 2005: Intensive, komplexe Frucht, dunkle Beeren, f\u00fcr mich am ehesten als Holdere auszumachen \u2013 etwas Schwarztee und Pfeffer. Sehr gef\u00e4llig, werde ihn gelegentlich nachkaufen, weil er auch meiner Frau passt.<\/figcaption><\/figure>\n\n\n\n<figure class=\"wp-block-image\"><img loading=\"lazy\" decoding=\"async\" width=\"1024\" height=\"576\" src=\"http:\/\/www.meinweinkeller.ch\/weinclub\/wp-content\/uploads\/2020\/04\/IMG-20200416-WA0005-1024x576.jpg\" alt=\"\" class=\"wp-image-4645\" srcset=\"https:\/\/www.meinweinkeller.ch\/weinclub\/wp-content\/uploads\/2020\/04\/IMG-20200416-WA0005-1024x576.jpg 1024w, https:\/\/www.meinweinkeller.ch\/weinclub\/wp-content\/uploads\/2020\/04\/IMG-20200416-WA0005-300x169.jpg 300w, https:\/\/www.meinweinkeller.ch\/weinclub\/wp-content\/uploads\/2020\/04\/IMG-20200416-WA0005-768x432.jpg 768w, https:\/\/www.meinweinkeller.ch\/weinclub\/wp-content\/uploads\/2020\/04\/IMG-20200416-WA0005-500x281.jpg 500w, https:\/\/www.meinweinkeller.ch\/weinclub\/wp-content\/uploads\/2020\/04\/IMG-20200416-WA0005.jpg 2048w\" sizes=\"auto, (max-width: 1024px) 100vw, 1024px\" \/><figcaption>Stef: Dego Notiz Boxer von Mollydooker. Wunderbare Nase nach \u00fcberreifen saftigen Brombeere was sich im Gaumen wiederspiegelt. Hinzu kommen beim t Trinken feine zartangenhme Lakrizenoten wie auf einem Markt in Holland. Langer Amarona gleicher Abgang. Miaammmpfiiii<br \/>die anderen sind &#8230; pfuiiii<\/figcaption><\/figure>\n\n\n\n<figure class=\"wp-block-image\"><img loading=\"lazy\" decoding=\"async\" width=\"576\" height=\"1024\" src=\"http:\/\/www.meinweinkeller.ch\/weinclub\/wp-content\/uploads\/2020\/04\/IMG-20200416-WA0004-576x1024.jpg\" alt=\"\" class=\"wp-image-4647\" srcset=\"https:\/\/www.meinweinkeller.ch\/weinclub\/wp-content\/uploads\/2020\/04\/IMG-20200416-WA0004-576x1024.jpg 576w, https:\/\/www.meinweinkeller.ch\/weinclub\/wp-content\/uploads\/2020\/04\/IMG-20200416-WA0004-169x300.jpg 169w, https:\/\/www.meinweinkeller.ch\/weinclub\/wp-content\/uploads\/2020\/04\/IMG-20200416-WA0004-768x1365.jpg 768w, https:\/\/www.meinweinkeller.ch\/weinclub\/wp-content\/uploads\/2020\/04\/IMG-20200416-WA0004.jpg 1152w\" sizes=\"auto, (max-width: 576px) 100vw, 576px\" \/><figcaption>Markus: Da gits h\u00fct in chr\u00fczling\u00e4 \ud83e\udd17\ud83e\udd17\ud83e\udd17<\/figcaption><\/figure>\n\n\n\n<figure class=\"wp-block-image\"><img loading=\"lazy\" decoding=\"async\" width=\"577\" height=\"1024\" src=\"http:\/\/www.meinweinkeller.ch\/weinclub\/wp-content\/uploads\/2020\/04\/IMG-20200416-WA0003-577x1024.jpg\" alt=\"\" class=\"wp-image-4649\" srcset=\"https:\/\/www.meinweinkeller.ch\/weinclub\/wp-content\/uploads\/2020\/04\/IMG-20200416-WA0003-577x1024.jpg 577w, https:\/\/www.meinweinkeller.ch\/weinclub\/wp-content\/uploads\/2020\/04\/IMG-20200416-WA0003-169x300.jpg 169w, https:\/\/www.meinweinkeller.ch\/weinclub\/wp-content\/uploads\/2020\/04\/IMG-20200416-WA0003-768x1364.jpg 768w, https:\/\/www.meinweinkeller.ch\/weinclub\/wp-content\/uploads\/2020\/04\/IMG-20200416-WA0003.jpg 1153w\" sizes=\"auto, (max-width: 577px) 100vw, 577px\" \/><figcaption>Ruedi: Sallutti z\u00e4me. H\u00fct Abig gits zu d\u00e4 B\u00e4rlauchravioli &#8230;.<\/figcaption><\/figure>\n\n\n\n<figure class=\"wp-block-image\"><img loading=\"lazy\" decoding=\"async\" width=\"576\" height=\"1024\" src=\"http:\/\/www.meinweinkeller.ch\/weinclub\/wp-content\/uploads\/2020\/04\/IMG-20200416-WA0002-576x1024.jpg\" alt=\"\" class=\"wp-image-4651\" srcset=\"https:\/\/www.meinweinkeller.ch\/weinclub\/wp-content\/uploads\/2020\/04\/IMG-20200416-WA0002-576x1024.jpg 576w, https:\/\/www.meinweinkeller.ch\/weinclub\/wp-content\/uploads\/2020\/04\/IMG-20200416-WA0002-169x300.jpg 169w, https:\/\/www.meinweinkeller.ch\/weinclub\/wp-content\/uploads\/2020\/04\/IMG-20200416-WA0002-768x1365.jpg 768w, https:\/\/www.meinweinkeller.ch\/weinclub\/wp-content\/uploads\/2020\/04\/IMG-20200416-WA0002.jpg 1152w\" sizes=\"auto, (max-width: 576px) 100vw, 576px\" \/><figcaption>Benni: Gem\u00e4ss Parker nicht das beste Jahr. Der Wein ist irgendwie unaufgeregt aber gut vom ersten Schluck an. Sehr s\u00fcffig, stimmig, dicht mit sch\u00f6ner S\u00e4ure. Balanciert. Ein Wein zum reinlegen, sagt meine Frau. Eigentlich will ich gar nicht mit ihr teilen. Will mehr f\u00fcr mich.<br \/>Der Wow-Effekt kommt aber erst am Schluss. Wow schon leer! Es ruft nach mehr! Viel mehr. Viel viel mehr! Trauer macht sich breit. War meine letzte Flasche von 07er.<\/figcaption><\/figure>\n\n\n\n<figure class=\"wp-block-image\"><img loading=\"lazy\" decoding=\"async\" width=\"1024\" height=\"854\" src=\"http:\/\/www.meinweinkeller.ch\/weinclub\/wp-content\/uploads\/2020\/04\/Skype-20200416-221856-1024x854.jpeg\" alt=\"\" class=\"wp-image-4660\" srcset=\"https:\/\/www.meinweinkeller.ch\/weinclub\/wp-content\/uploads\/2020\/04\/Skype-20200416-221856-1024x854.jpeg 1024w, https:\/\/www.meinweinkeller.ch\/weinclub\/wp-content\/uploads\/2020\/04\/Skype-20200416-221856-300x250.jpeg 300w, https:\/\/www.meinweinkeller.ch\/weinclub\/wp-content\/uploads\/2020\/04\/Skype-20200416-221856-768x640.jpeg 768w, https:\/\/www.meinweinkeller.ch\/weinclub\/wp-content\/uploads\/2020\/04\/Skype-20200416-221856-360x300.jpeg 360w, https:\/\/www.meinweinkeller.ch\/weinclub\/wp-content\/uploads\/2020\/04\/Skype-20200416-221856.jpeg 1047w\" sizes=\"auto, (max-width: 1024px) 100vw, 1024px\" \/><figcaption>und jetzt sind all luschtig \ud83d\ude42 &#8230;. und tsch\u00fcss bis n\u00e4chstes mal!<\/figcaption><\/figure>\n","protected":false},"excerpt":{"rendered":"<p>Ihr habt wieder entschieden &#8211; die grosse Insel &#8211; oder richtig der Kontinent Australien!<\/p>\n","protected":false},"author":1,"featured_media":3239,"comment_status":"closed","ping_status":"closed","sticky":false,"template":"","format":"standard","meta":{"footnotes":""},"categories":[4],"tags":[],"class_list":["post-4626","post","type-post","status-publish","format-standard","has-post-thumbnail","hentry","category-donnerstag-degustationen"],"_links":{"self":[{"href":"https:\/\/www.meinweinkeller.ch\/weinclub\/wp-json\/wp\/v2\/posts\/4626","targetHints":{"allow":["GET"]}}],"collection":[{"href":"https:\/\/www.meinweinkeller.ch\/weinclub\/wp-json\/wp\/v2\/posts"}],"about":[{"href":"https:\/\/www.meinweinkeller.ch\/weinclub\/wp-json\/wp\/v2\/types\/post"}],"author":[{"embeddable":true,"href":"https:\/\/www.meinweinkeller.ch\/weinclub\/wp-json\/wp\/v2\/users\/1"}],"replies":[{"embeddable":true,"href":"https:\/\/www.meinweinkeller.ch\/weinclub\/wp-json\/wp\/v2\/comments?post=4626"}],"version-history":[{"count":14,"href":"https:\/\/www.meinweinkeller.ch\/weinclub\/wp-json\/wp\/v2\/posts\/4626\/revisions"}],"predecessor-version":[{"id":4662,"href":"https:\/\/www.meinweinkeller.ch\/weinclub\/wp-json\/wp\/v2\/posts\/4626\/revisions\/4662"}],"wp:featuredmedia":[{"embeddable":true,"href":"https:\/\/www.meinweinkeller.ch\/weinclub\/wp-json\/wp\/v2\/media\/3239"}],"wp:attachment":[{"href":"https:\/\/www.meinweinkeller.ch\/weinclub\/wp-json\/wp\/v2\/media?parent=4626"}],"wp:term":[{"taxonomy":"category","embeddable":true,"href":"https:\/\/www.meinweinkeller.ch\/weinclub\/wp-json\/wp\/v2\/categories?post=4626"},{"taxonomy":"post_tag","embeddable":true,"href":"https:\/\/www.meinweinkeller.ch\/weinclub\/wp-json\/wp\/v2\/tags?post=4626"}],"curies":[{"name":"wp","href":"https:\/\/api.w.org\/{rel}","templated":true}]}}