{"id":4570,"date":"2020-04-05T22:02:44","date_gmt":"2020-04-05T22:02:44","guid":{"rendered":"http:\/\/www.meinweinkeller.ch\/weinclub\/?p=4570"},"modified":"2020-04-11T11:00:13","modified_gmt":"2020-04-11T11:00:13","slug":"donnerstag-9-april-2020-serie-home-drinking-mein-wein-von-der-insel","status":"publish","type":"post","link":"https:\/\/www.meinweinkeller.ch\/weinclub\/donnerstag-degustationen\/donnerstag-9-april-2020-serie-home-drinking-mein-wein-von-der-insel\/","title":{"rendered":"Donnerstag, 9. April 2020: Serie &#8218;home drinking&#8216; &#8211; mein Wein von der Insel"},"content":{"rendered":"\n<p>Eure Vorschl\u00e4ge &#8230; aia &#8230;. aya &#8230; aja &#8230; popeia &#8211; die Meinung war einstimmig: n\u00f6\u00f6\u00f6\u00f6\u00f6\u00f6 &#8211; Wir wollen AIA, wenn wir uns wieder im Weinst\u00fcbli treffen!<\/p>\n\n\n\n<p>Also wurde <strong>der Wein von der Insel<\/strong> geboren: Meinau, Sizillien, Sardinien, Mallorca, Corsica, Ufenau &#8230;.. neeeiiiiiin Australien ist keine Insel \ud83d\ude09<\/p>\n\n\n\n<figure class=\"wp-block-image\"><img loading=\"lazy\" decoding=\"async\" width=\"751\" height=\"915\" src=\"http:\/\/www.meinweinkeller.ch\/weinclub\/wp-content\/uploads\/2020\/04\/Skype-20200409-193809.jpeg\" alt=\"\" class=\"wp-image-4572\" srcset=\"https:\/\/www.meinweinkeller.ch\/weinclub\/wp-content\/uploads\/2020\/04\/Skype-20200409-193809.jpeg 751w, https:\/\/www.meinweinkeller.ch\/weinclub\/wp-content\/uploads\/2020\/04\/Skype-20200409-193809-246x300.jpeg 246w\" sizes=\"auto, (max-width: 751px) 100vw, 751px\" \/><figcaption>um 19.15 Uhr<\/figcaption><\/figure>\n\n\n\n<figure class=\"wp-block-image\"><img loading=\"lazy\" decoding=\"async\" width=\"751\" height=\"915\" src=\"http:\/\/www.meinweinkeller.ch\/weinclub\/wp-content\/uploads\/2020\/04\/Skype-20200409-193712.jpeg\" alt=\"\" class=\"wp-image-4574\" srcset=\"https:\/\/www.meinweinkeller.ch\/weinclub\/wp-content\/uploads\/2020\/04\/Skype-20200409-193712.jpeg 751w, https:\/\/www.meinweinkeller.ch\/weinclub\/wp-content\/uploads\/2020\/04\/Skype-20200409-193712-246x300.jpeg 246w\" sizes=\"auto, (max-width: 751px) 100vw, 751px\" \/><\/figure>\n\n\n\n<figure class=\"wp-block-image\"><img loading=\"lazy\" decoding=\"async\" width=\"577\" height=\"1024\" src=\"http:\/\/www.meinweinkeller.ch\/weinclub\/wp-content\/uploads\/2020\/04\/IMG-20200409-WA0002-577x1024.jpg\" alt=\"\" class=\"wp-image-4576\" srcset=\"https:\/\/www.meinweinkeller.ch\/weinclub\/wp-content\/uploads\/2020\/04\/IMG-20200409-WA0002-577x1024.jpg 577w, https:\/\/www.meinweinkeller.ch\/weinclub\/wp-content\/uploads\/2020\/04\/IMG-20200409-WA0002-169x300.jpg 169w, https:\/\/www.meinweinkeller.ch\/weinclub\/wp-content\/uploads\/2020\/04\/IMG-20200409-WA0002-768x1364.jpg 768w, https:\/\/www.meinweinkeller.ch\/weinclub\/wp-content\/uploads\/2020\/04\/IMG-20200409-WA0002.jpg 1153w\" sizes=\"auto, (max-width: 577px) 100vw, 577px\" \/><figcaption>Benni &#8230;..<\/figcaption><\/figure>\n\n\n\n<figure class=\"wp-block-image\"><img loading=\"lazy\" decoding=\"async\" width=\"768\" height=\"1024\" src=\"http:\/\/www.meinweinkeller.ch\/weinclub\/wp-content\/uploads\/2020\/04\/IMG-20200409-WA0003-768x1024.jpg\" alt=\"\" class=\"wp-image-4579\" srcset=\"https:\/\/www.meinweinkeller.ch\/weinclub\/wp-content\/uploads\/2020\/04\/IMG-20200409-WA0003-768x1024.jpg 768w, https:\/\/www.meinweinkeller.ch\/weinclub\/wp-content\/uploads\/2020\/04\/IMG-20200409-WA0003-225x300.jpg 225w, https:\/\/www.meinweinkeller.ch\/weinclub\/wp-content\/uploads\/2020\/04\/IMG-20200409-WA0003.jpg 1536w\" sizes=\"auto, (max-width: 768px) 100vw, 768px\" \/><figcaption>Markus &#8230;.<\/figcaption><\/figure>\n\n\n\n<figure class=\"wp-block-image\"><img loading=\"lazy\" decoding=\"async\" width=\"1024\" height=\"768\" src=\"http:\/\/www.meinweinkeller.ch\/weinclub\/wp-content\/uploads\/2020\/04\/IMG_20200409_202851-1024x768.jpg\" alt=\"\" class=\"wp-image-4581\" srcset=\"https:\/\/www.meinweinkeller.ch\/weinclub\/wp-content\/uploads\/2020\/04\/IMG_20200409_202851-1024x768.jpg 1024w, https:\/\/www.meinweinkeller.ch\/weinclub\/wp-content\/uploads\/2020\/04\/IMG_20200409_202851-300x225.jpg 300w, https:\/\/www.meinweinkeller.ch\/weinclub\/wp-content\/uploads\/2020\/04\/IMG_20200409_202851-768x576.jpg 768w, https:\/\/www.meinweinkeller.ch\/weinclub\/wp-content\/uploads\/2020\/04\/IMG_20200409_202851-400x300.jpg 400w\" sizes=\"auto, (max-width: 1024px) 100vw, 1024px\" \/><figcaption>Marcel &#8230;..<\/figcaption><\/figure>\n\n\n\n<figure class=\"wp-block-image\"><img loading=\"lazy\" decoding=\"async\" width=\"942\" height=\"1019\" src=\"http:\/\/www.meinweinkeller.ch\/weinclub\/wp-content\/uploads\/2020\/04\/Skype-20200409-203501.jpeg\" alt=\"\" class=\"wp-image-4583\" srcset=\"https:\/\/www.meinweinkeller.ch\/weinclub\/wp-content\/uploads\/2020\/04\/Skype-20200409-203501.jpeg 942w, https:\/\/www.meinweinkeller.ch\/weinclub\/wp-content\/uploads\/2020\/04\/Skype-20200409-203501-277x300.jpeg 277w, https:\/\/www.meinweinkeller.ch\/weinclub\/wp-content\/uploads\/2020\/04\/Skype-20200409-203501-768x831.jpeg 768w\" sizes=\"auto, (max-width: 942px) 100vw, 942px\" \/><figcaption>20.30 Uhr<\/figcaption><\/figure>\n\n\n\n<figure class=\"wp-block-image\"><img loading=\"lazy\" decoding=\"async\" width=\"768\" height=\"1024\" src=\"http:\/\/www.meinweinkeller.ch\/weinclub\/wp-content\/uploads\/2020\/04\/IMG-20200409-WA0004-768x1024.jpg\" alt=\"\" class=\"wp-image-4585\" srcset=\"https:\/\/www.meinweinkeller.ch\/weinclub\/wp-content\/uploads\/2020\/04\/IMG-20200409-WA0004-768x1024.jpg 768w, https:\/\/www.meinweinkeller.ch\/weinclub\/wp-content\/uploads\/2020\/04\/IMG-20200409-WA0004-225x300.jpg 225w, https:\/\/www.meinweinkeller.ch\/weinclub\/wp-content\/uploads\/2020\/04\/IMG-20200409-WA0004.jpg 1536w\" sizes=\"auto, (max-width: 768px) 100vw, 768px\" \/><figcaption>Markus &#8230;..<\/figcaption><\/figure>\n\n\n\n<figure class=\"wp-block-image\"><img loading=\"lazy\" decoding=\"async\" width=\"768\" height=\"1024\" src=\"http:\/\/www.meinweinkeller.ch\/weinclub\/wp-content\/uploads\/2020\/04\/IMG-20200409-WA0009-768x1024.jpg\" alt=\"\" class=\"wp-image-4594\" srcset=\"https:\/\/www.meinweinkeller.ch\/weinclub\/wp-content\/uploads\/2020\/04\/IMG-20200409-WA0009.jpg 768w, https:\/\/www.meinweinkeller.ch\/weinclub\/wp-content\/uploads\/2020\/04\/IMG-20200409-WA0009-225x300.jpg 225w\" sizes=\"auto, (max-width: 768px) 100vw, 768px\" \/><figcaption>Flurin &#8230;. von der Halbinsel \ud83d\ude09<\/figcaption><\/figure>\n\n\n\n<figure class=\"wp-block-image\"><img loading=\"lazy\" decoding=\"async\" width=\"768\" height=\"1024\" src=\"http:\/\/www.meinweinkeller.ch\/weinclub\/wp-content\/uploads\/2020\/04\/IMG-20200409-WA0005-768x1024.jpg\" alt=\"\" class=\"wp-image-4596\" srcset=\"https:\/\/www.meinweinkeller.ch\/weinclub\/wp-content\/uploads\/2020\/04\/IMG-20200409-WA0005-768x1024.jpg 768w, https:\/\/www.meinweinkeller.ch\/weinclub\/wp-content\/uploads\/2020\/04\/IMG-20200409-WA0005-225x300.jpg 225w, https:\/\/www.meinweinkeller.ch\/weinclub\/wp-content\/uploads\/2020\/04\/IMG-20200409-WA0005.jpg 1536w\" sizes=\"auto, (max-width: 768px) 100vw, 768px\" \/><figcaption>Marc &#8230;.. <\/figcaption><\/figure>\n\n\n\n<figure class=\"wp-block-image\"><img loading=\"lazy\" decoding=\"async\" width=\"576\" height=\"1024\" src=\"http:\/\/www.meinweinkeller.ch\/weinclub\/wp-content\/uploads\/2020\/04\/IMG-20200409-WA0006-576x1024.jpg\" alt=\"\" class=\"wp-image-4598\" srcset=\"https:\/\/www.meinweinkeller.ch\/weinclub\/wp-content\/uploads\/2020\/04\/IMG-20200409-WA0006-576x1024.jpg 576w, https:\/\/www.meinweinkeller.ch\/weinclub\/wp-content\/uploads\/2020\/04\/IMG-20200409-WA0006-169x300.jpg 169w, https:\/\/www.meinweinkeller.ch\/weinclub\/wp-content\/uploads\/2020\/04\/IMG-20200409-WA0006-768x1365.jpg 768w, https:\/\/www.meinweinkeller.ch\/weinclub\/wp-content\/uploads\/2020\/04\/IMG-20200409-WA0006.jpg 1152w\" sizes=\"auto, (max-width: 576px) 100vw, 576px\" \/><figcaption>Raymond &#8230;.<\/figcaption><\/figure>\n\n\n\n<figure class=\"wp-block-image\"><img loading=\"lazy\" decoding=\"async\" width=\"576\" height=\"1024\" src=\"http:\/\/www.meinweinkeller.ch\/weinclub\/wp-content\/uploads\/2020\/04\/IMG-20200409-WA0007-576x1024.jpg\" alt=\"\" class=\"wp-image-4600\" srcset=\"https:\/\/www.meinweinkeller.ch\/weinclub\/wp-content\/uploads\/2020\/04\/IMG-20200409-WA0007-576x1024.jpg 576w, https:\/\/www.meinweinkeller.ch\/weinclub\/wp-content\/uploads\/2020\/04\/IMG-20200409-WA0007-169x300.jpg 169w, https:\/\/www.meinweinkeller.ch\/weinclub\/wp-content\/uploads\/2020\/04\/IMG-20200409-WA0007-768x1365.jpg 768w, https:\/\/www.meinweinkeller.ch\/weinclub\/wp-content\/uploads\/2020\/04\/IMG-20200409-WA0007.jpg 1152w\" sizes=\"auto, (max-width: 576px) 100vw, 576px\" \/><figcaption>Raymond &#8230;. <\/figcaption><\/figure>\n\n\n\n<figure class=\"wp-block-image\"><img loading=\"lazy\" decoding=\"async\" width=\"768\" height=\"1024\" src=\"http:\/\/www.meinweinkeller.ch\/weinclub\/wp-content\/uploads\/2020\/04\/IMG-20200409-WA0008-768x1024.jpg\" alt=\"\" class=\"wp-image-4602\" srcset=\"https:\/\/www.meinweinkeller.ch\/weinclub\/wp-content\/uploads\/2020\/04\/IMG-20200409-WA0008-768x1024.jpg 768w, https:\/\/www.meinweinkeller.ch\/weinclub\/wp-content\/uploads\/2020\/04\/IMG-20200409-WA0008-225x300.jpg 225w, https:\/\/www.meinweinkeller.ch\/weinclub\/wp-content\/uploads\/2020\/04\/IMG-20200409-WA0008.jpg 1488w\" sizes=\"auto, (max-width: 768px) 100vw, 768px\" \/><figcaption>Andy: Sio 2018 Bodegas Ribas, fruchtig, mineralisch, salziger langer Abgang, fein<br \/><\/figcaption><\/figure>\n\n\n\n<figure class=\"wp-block-image\"><img loading=\"lazy\" decoding=\"async\" width=\"768\" height=\"1024\" src=\"http:\/\/www.meinweinkeller.ch\/weinclub\/wp-content\/uploads\/2020\/04\/IMG-20200409-WA0010-768x1024.jpg\" alt=\"\" class=\"wp-image-4605\" srcset=\"https:\/\/www.meinweinkeller.ch\/weinclub\/wp-content\/uploads\/2020\/04\/IMG-20200409-WA0010-768x1024.jpg 768w, https:\/\/www.meinweinkeller.ch\/weinclub\/wp-content\/uploads\/2020\/04\/IMG-20200409-WA0010-225x300.jpg 225w, https:\/\/www.meinweinkeller.ch\/weinclub\/wp-content\/uploads\/2020\/04\/IMG-20200409-WA0010.jpg 1488w\" sizes=\"auto, (max-width: 768px) 100vw, 768px\" \/><figcaption>Andy: Gol\u00f3s,2015, Miguel Galabert, Waldbeeren, Waldbiden, recht Holzig, fruchti, weich, naja<br \/><br \/><\/figcaption><\/figure>\n\n\n\n<figure class=\"wp-block-image\"><img loading=\"lazy\" decoding=\"async\" width=\"576\" height=\"1024\" src=\"http:\/\/www.meinweinkeller.ch\/weinclub\/wp-content\/uploads\/2020\/04\/IMG-20200409-WA0015-576x1024.jpg\" alt=\"\" class=\"wp-image-4613\" srcset=\"https:\/\/www.meinweinkeller.ch\/weinclub\/wp-content\/uploads\/2020\/04\/IMG-20200409-WA0015-576x1024.jpg 576w, https:\/\/www.meinweinkeller.ch\/weinclub\/wp-content\/uploads\/2020\/04\/IMG-20200409-WA0015-169x300.jpg 169w, https:\/\/www.meinweinkeller.ch\/weinclub\/wp-content\/uploads\/2020\/04\/IMG-20200409-WA0015-768x1365.jpg 768w, https:\/\/www.meinweinkeller.ch\/weinclub\/wp-content\/uploads\/2020\/04\/IMG-20200409-WA0015.jpg 1152w\" sizes=\"auto, (max-width: 576px) 100vw, 576px\" \/><figcaption>Rolf trinkt &#8230;.<\/figcaption><\/figure>\n\n\n\n<figure class=\"wp-block-image\"><img loading=\"lazy\" decoding=\"async\" width=\"576\" height=\"1024\" src=\"http:\/\/www.meinweinkeller.ch\/weinclub\/wp-content\/uploads\/2020\/04\/IMG-20200409-WA0014-576x1024.jpg\" alt=\"\" class=\"wp-image-4614\" srcset=\"https:\/\/www.meinweinkeller.ch\/weinclub\/wp-content\/uploads\/2020\/04\/IMG-20200409-WA0014-576x1024.jpg 576w, https:\/\/www.meinweinkeller.ch\/weinclub\/wp-content\/uploads\/2020\/04\/IMG-20200409-WA0014-169x300.jpg 169w, https:\/\/www.meinweinkeller.ch\/weinclub\/wp-content\/uploads\/2020\/04\/IMG-20200409-WA0014.jpg 720w\" sizes=\"auto, (max-width: 576px) 100vw, 576px\" \/><figcaption>Rolf &#8230; du schaffst es auf Skype!?<\/figcaption><\/figure>\n\n\n\n<p><\/p>\n\n\n\n<p>Rolf &#8230;. Trinkt Son Mayol: Anbei mein heutiger \u201eInselwein\u201c, den ich vor zwei\/drei Jahren von Mario Aschwanden (Baur au Lac) als Muster geschenkt bekommen habe, weil sie den Import f\u00fcr die CH \u00fcbernommen hatten.<\/p>\n\n\n\n<p>Bei 1. Beurteilung verwirrend, weil irgendwie \u201enicht mallorquinisch\u201c:<br \/>Zwetschgen\/Pflaumen-Kompott \/ etwas Leder, Kaffee \/ weniger Mineralit\u00e4t als erwartet.<br \/>Das veranlasste mich, n\u00e4her zu recherchieren und siehe da: Ein Bordeaux-Blend aus Mallorca!<br \/>CS \/ Merlot \/ Petit Verdot \u2013 also ohne jegliche autochtonen Reben Mantonegro oder Callet.<br \/>Interessant ist, dass die neue Bodega (seit 2014) in Beziehung steht zu Almaviva und damit MoutonRothschild.<br \/>Daraus werden Ambitionen entwickelt, in Mallorca die Nummer 1 zu werden. Mein aktuelles Urteil: Preislich ist es dazu nicht mehr weit, aber bis zum mallorquinischer Primus\u2026.. ich weiss nicht.<\/p>\n\n\n\n<p>Sch\u00f6ne Ostern an alle und auf bald wieder mit Tuchf\u00fchlung!<\/p>\n\n\n\n<p>Rolf<\/p>\n\n\n\n<figure class=\"wp-block-image\"><img loading=\"lazy\" decoding=\"async\" width=\"576\" height=\"1024\" src=\"http:\/\/www.meinweinkeller.ch\/weinclub\/wp-content\/uploads\/2020\/04\/IMG-20200410-WA0002-576x1024.jpg\" alt=\"\" class=\"wp-image-4617\" srcset=\"https:\/\/www.meinweinkeller.ch\/weinclub\/wp-content\/uploads\/2020\/04\/IMG-20200410-WA0002-576x1024.jpg 576w, https:\/\/www.meinweinkeller.ch\/weinclub\/wp-content\/uploads\/2020\/04\/IMG-20200410-WA0002-169x300.jpg 169w, https:\/\/www.meinweinkeller.ch\/weinclub\/wp-content\/uploads\/2020\/04\/IMG-20200410-WA0002-768x1365.jpg 768w, https:\/\/www.meinweinkeller.ch\/weinclub\/wp-content\/uploads\/2020\/04\/IMG-20200410-WA0002.jpg 1152w\" sizes=\"auto, (max-width: 576px) 100vw, 576px\" \/><figcaption>Zu meiner Schande musste ich feststellen, dass ich keinen Inselwein im Keller habe. Daher habe ich gestern nicht mitgemacht. War f\u00fcr mich trotzdem ein vergn\u00fcglicher Weinabend mit einem 2013er Paul Lato Chardonney Sierra Madre. Gr\u00fcsse an alle. Benjamin<\/figcaption><\/figure>\n\n\n\n<figure class=\"wp-block-image\"><img loading=\"lazy\" decoding=\"async\" width=\"1024\" height=\"768\" src=\"http:\/\/www.meinweinkeller.ch\/weinclub\/wp-content\/uploads\/2020\/04\/IMG-20200410-WA0000-1024x768.jpg\" alt=\"\" class=\"wp-image-4620\" srcset=\"https:\/\/www.meinweinkeller.ch\/weinclub\/wp-content\/uploads\/2020\/04\/IMG-20200410-WA0000-1024x768.jpg 1024w, https:\/\/www.meinweinkeller.ch\/weinclub\/wp-content\/uploads\/2020\/04\/IMG-20200410-WA0000-300x225.jpg 300w, https:\/\/www.meinweinkeller.ch\/weinclub\/wp-content\/uploads\/2020\/04\/IMG-20200410-WA0000-768x576.jpg 768w, https:\/\/www.meinweinkeller.ch\/weinclub\/wp-content\/uploads\/2020\/04\/IMG-20200410-WA0000-400x300.jpg 400w, https:\/\/www.meinweinkeller.ch\/weinclub\/wp-content\/uploads\/2020\/04\/IMG-20200410-WA0000.jpg 2048w\" sizes=\"auto, (max-width: 1024px) 100vw, 1024px\" \/><figcaption>Stef am Grill<br \/><\/figcaption><\/figure>\n\n\n\n<figure class=\"wp-block-image\"><img loading=\"lazy\" decoding=\"async\" width=\"768\" height=\"1024\" src=\"http:\/\/www.meinweinkeller.ch\/weinclub\/wp-content\/uploads\/2020\/04\/IMG-20200410-WA0001-768x1024.jpg\" alt=\"\" class=\"wp-image-4621\" srcset=\"https:\/\/www.meinweinkeller.ch\/weinclub\/wp-content\/uploads\/2020\/04\/IMG-20200410-WA0001-768x1024.jpg 768w, https:\/\/www.meinweinkeller.ch\/weinclub\/wp-content\/uploads\/2020\/04\/IMG-20200410-WA0001-225x300.jpg 225w, https:\/\/www.meinweinkeller.ch\/weinclub\/wp-content\/uploads\/2020\/04\/IMG-20200410-WA0001.jpg 1536w\" sizes=\"auto, (max-width: 768px) 100vw, 768px\" \/><figcaption>Ich war gestern auch wieder einmal mit dabei beim \u201eHome drinking \u201e nach der Heilung vom Virus. Wir haben einen Korem 2011 von Argiolas aus Sardinien getrunken. Ein toller Wein zum Lammnierst\u00fcck mit Duft nach reifen Pflaumen, Kr\u00e4utermischung, edles Zedernholz. Am Gaumen sch\u00f6n zug\u00e4nglich und reif, ist momentan in einer sch\u00f6nen Trinkphase.<\/figcaption><\/figure>\n","protected":false},"excerpt":{"rendered":"<p>Eure Vorschl\u00e4ge &#8230; aia &#8230;. aya &#8230; aja &#8230; popeia &#8211; die Meinung war einstimmig: n\u00f6\u00f6\u00f6\u00f6\u00f6\u00f6 &#8211; Wir wollen AIA, wenn wir uns wieder im Weinst\u00fcbli treffen! Also wurde der Wein von der Insel geboren: Meinau, Sizillien, Sardinien, Mallorca, Corsica, &hellip; <a href=\"https:\/\/www.meinweinkeller.ch\/weinclub\/donnerstag-degustationen\/donnerstag-9-april-2020-serie-home-drinking-mein-wein-von-der-insel\/\">Weiterlesen <span class=\"meta-nav\">&rarr;<\/span><\/a><\/p>\n","protected":false},"author":1,"featured_media":0,"comment_status":"closed","ping_status":"closed","sticky":false,"template":"","format":"standard","meta":{"footnotes":""},"categories":[4],"tags":[],"class_list":["post-4570","post","type-post","status-publish","format-standard","hentry","category-donnerstag-degustationen"],"_links":{"self":[{"href":"https:\/\/www.meinweinkeller.ch\/weinclub\/wp-json\/wp\/v2\/posts\/4570","targetHints":{"allow":["GET"]}}],"collection":[{"href":"https:\/\/www.meinweinkeller.ch\/weinclub\/wp-json\/wp\/v2\/posts"}],"about":[{"href":"https:\/\/www.meinweinkeller.ch\/weinclub\/wp-json\/wp\/v2\/types\/post"}],"author":[{"embeddable":true,"href":"https:\/\/www.meinweinkeller.ch\/weinclub\/wp-json\/wp\/v2\/users\/1"}],"replies":[{"embeddable":true,"href":"https:\/\/www.meinweinkeller.ch\/weinclub\/wp-json\/wp\/v2\/comments?post=4570"}],"version-history":[{"count":27,"href":"https:\/\/www.meinweinkeller.ch\/weinclub\/wp-json\/wp\/v2\/posts\/4570\/revisions"}],"predecessor-version":[{"id":4625,"href":"https:\/\/www.meinweinkeller.ch\/weinclub\/wp-json\/wp\/v2\/posts\/4570\/revisions\/4625"}],"wp:attachment":[{"href":"https:\/\/www.meinweinkeller.ch\/weinclub\/wp-json\/wp\/v2\/media?parent=4570"}],"wp:term":[{"taxonomy":"category","embeddable":true,"href":"https:\/\/www.meinweinkeller.ch\/weinclub\/wp-json\/wp\/v2\/categories?post=4570"},{"taxonomy":"post_tag","embeddable":true,"href":"https:\/\/www.meinweinkeller.ch\/weinclub\/wp-json\/wp\/v2\/tags?post=4570"}],"curies":[{"name":"wp","href":"https:\/\/api.w.org\/{rel}","templated":true}]}}