{"id":4535,"date":"2020-03-28T13:55:27","date_gmt":"2020-03-28T13:55:27","guid":{"rendered":"http:\/\/www.meinweinkeller.ch\/weinclub\/?p=4535"},"modified":"2020-04-09T18:55:16","modified_gmt":"2020-04-09T18:55:16","slug":"donnerstag-2-april-2020-serie-home-drinking-mein-fruehlingswein","status":"publish","type":"post","link":"https:\/\/www.meinweinkeller.ch\/weinclub\/donnerstag-degustationen\/donnerstag-2-april-2020-serie-home-drinking-mein-fruehlingswein\/","title":{"rendered":"Donnerstag, 2. April 2020: Serie &#8218;home drinking&#8216;: mein Fr\u00fchlingswein"},"content":{"rendered":"\n<p>Welcher Wein ist deine Empfehlung f\u00fcr den Fr\u00fchling?<\/p>\n\n\n\n<p>Letzten Donnerstag war ja echt was los und es war lustig! Ben\u00fctze einer der vielen Kan\u00e4le um dabei zu sein: <strong>mail, facebook, WhatsApp, ab 19 Uhr Skype<\/strong><\/p>\n\n\n\n<p> Seid erfinderisch und schickt uns Eure Donnerstag-Abend-Schnappsch\u00fcsse mit kurzer Degunotiz zu auf <a href=\"http:\/\/www.meinweinkeller.ch\/weinclub\/wp-admin\/mobile.hintermeister@gmail.com\">mobile.hintermeister@gmail.com<\/a> oder als Kommentar auf <a rel=\"noreferrer noopener\" href=\"https:\/\/www.facebook.com\/weinclub.meinweinkeller\" target=\"_blank\">https:\/\/www.facebook.com\/weinclub.meinweinkeller<\/a> . Wir werden sie auf unserer Homepage f\u00fcr euch alle ver\u00f6ffentlichen! <\/p>\n\n\n\n<p>Neu hat Otti auch eine <strong>WhatsApp <\/strong>Gruppe \u201aHome  drinking\u2018 er\u00f6ffnet. Marcel er\u00f6ffnet den Abend mit einer <strong>Skype<\/strong> Session &#8211; auch ohne Skype kannst du dabei sein (einfach den link aktivieren den ich dir ab 19 Uhr sende oder in der WhatsApp Gruppe). Schon viele sind dabei \u2013 falls du noch nicht, hat  Otti vermutlich deinen Kontakt nicht oder du bist nicht bei WhatsApp.  Wenn du dabei sein willst, dann sende mir dein Kontakt auf das Mail oben  \ud83d\ude42<\/p>\n\n\n\n<figure class=\"wp-block-image\"><img loading=\"lazy\" decoding=\"async\" width=\"791\" height=\"659\" src=\"http:\/\/www.meinweinkeller.ch\/weinclub\/wp-content\/uploads\/2020\/04\/snapshot857365234285675418.jpeg\" alt=\"\" class=\"wp-image-4542\" srcset=\"https:\/\/www.meinweinkeller.ch\/weinclub\/wp-content\/uploads\/2020\/04\/snapshot857365234285675418.jpeg 791w, https:\/\/www.meinweinkeller.ch\/weinclub\/wp-content\/uploads\/2020\/04\/snapshot857365234285675418-300x250.jpeg 300w, https:\/\/www.meinweinkeller.ch\/weinclub\/wp-content\/uploads\/2020\/04\/snapshot857365234285675418-768x640.jpeg 768w, https:\/\/www.meinweinkeller.ch\/weinclub\/wp-content\/uploads\/2020\/04\/snapshot857365234285675418-360x300.jpeg 360w\" sizes=\"auto, (max-width: 791px) 100vw, 791px\" \/><\/figure>\n\n\n\n<p>Infolge des warmen Fr\u00fchlingswetters und der dazu passenden, prickelnden Tranksame<br \/>habe ich den heutigen \u201eFr\u00fchlingsClubAbend\u201c auf den Nachmittag vorverlegt.<br \/>Dieser Grand Cru de Cramant braucht keine Beschreibung, weil unbeschreiblich aufstellend<br \/>in dieser schwierigen Zeit \u2013 einzig drei Tulpen haben den Corona-Koller.&nbsp; Bliibed xund!<\/p>\n\n\n\n<p>Liebe Gr\u00fcsse<br \/>Rolf<\/p>\n\n\n\n<figure class=\"wp-block-image\"><img decoding=\"async\" src=\"http:\/\/www.meinweinkeller.ch\/weinclub\/wp-content\/uploads\/2020\/04\/ChapTulipesChT-001-745x1024.jpg\" alt=\"\" class=\"wp-image-4539\"\/><figcaption>von Rolf<\/figcaption><\/figure>\n\n\n\n<figure class=\"wp-block-image\"><img loading=\"lazy\" decoding=\"async\" width=\"768\" height=\"1024\" src=\"http:\/\/www.meinweinkeller.ch\/weinclub\/wp-content\/uploads\/2020\/04\/IMG-20200402-WA0013-768x1024.jpg\" alt=\"\" class=\"wp-image-4540\" srcset=\"https:\/\/www.meinweinkeller.ch\/weinclub\/wp-content\/uploads\/2020\/04\/IMG-20200402-WA0013.jpg 768w, https:\/\/www.meinweinkeller.ch\/weinclub\/wp-content\/uploads\/2020\/04\/IMG-20200402-WA0013-225x300.jpg 225w\" sizes=\"auto, (max-width: 768px) 100vw, 768px\" \/><\/figure>\n\n\n\n<figure class=\"wp-block-image\"><img loading=\"lazy\" decoding=\"async\" width=\"768\" height=\"1024\" src=\"http:\/\/www.meinweinkeller.ch\/weinclub\/wp-content\/uploads\/2020\/04\/IMG-20200402-WA0011-768x1024.jpg\" alt=\"\" class=\"wp-image-4544\" srcset=\"https:\/\/www.meinweinkeller.ch\/weinclub\/wp-content\/uploads\/2020\/04\/IMG-20200402-WA0011-768x1024.jpg 768w, https:\/\/www.meinweinkeller.ch\/weinclub\/wp-content\/uploads\/2020\/04\/IMG-20200402-WA0011-225x300.jpg 225w, https:\/\/www.meinweinkeller.ch\/weinclub\/wp-content\/uploads\/2020\/04\/IMG-20200402-WA0011.jpg 1488w\" sizes=\"auto, (max-width: 768px) 100vw, 768px\" \/><figcaption>von Andi &#8211; er weiss nicht wirklich ob er die Weine gern hat: Il Quercio, 2013, elegant, fein, intergriertes Holz,R\u00f6staromatik, Holunder, Gew\u00fcrze bleibt lang, Weinreise in den Tessin<\/figcaption><\/figure>\n\n\n\n<p><\/p>\n\n\n\n<figure class=\"wp-block-image\"><img loading=\"lazy\" decoding=\"async\" width=\"576\" height=\"1024\" src=\"http:\/\/www.meinweinkeller.ch\/weinclub\/wp-content\/uploads\/2020\/04\/IMG-20200402-WA0010-576x1024.jpg\" alt=\"\" class=\"wp-image-4547\" srcset=\"https:\/\/www.meinweinkeller.ch\/weinclub\/wp-content\/uploads\/2020\/04\/IMG-20200402-WA0010-576x1024.jpg 576w, https:\/\/www.meinweinkeller.ch\/weinclub\/wp-content\/uploads\/2020\/04\/IMG-20200402-WA0010-169x300.jpg 169w, https:\/\/www.meinweinkeller.ch\/weinclub\/wp-content\/uploads\/2020\/04\/IMG-20200402-WA0010-768x1365.jpg 768w, https:\/\/www.meinweinkeller.ch\/weinclub\/wp-content\/uploads\/2020\/04\/IMG-20200402-WA0010.jpg 1152w\" sizes=\"auto, (max-width: 576px) 100vw, 576px\" \/><figcaption>Ledgrig, zedernholz, schwarze Beeren &#8211; wirkt fast elegant<br \/><\/figcaption><\/figure>\n\n\n\n<figure class=\"wp-block-image\"><img loading=\"lazy\" decoding=\"async\" width=\"768\" height=\"1024\" src=\"http:\/\/www.meinweinkeller.ch\/weinclub\/wp-content\/uploads\/2020\/04\/IMG-20200402-WA0009-768x1024.jpg\" alt=\"\" class=\"wp-image-4551\" srcset=\"https:\/\/www.meinweinkeller.ch\/weinclub\/wp-content\/uploads\/2020\/04\/IMG-20200402-WA0009-768x1024.jpg 768w, https:\/\/www.meinweinkeller.ch\/weinclub\/wp-content\/uploads\/2020\/04\/IMG-20200402-WA0009-225x300.jpg 225w, https:\/\/www.meinweinkeller.ch\/weinclub\/wp-content\/uploads\/2020\/04\/IMG-20200402-WA0009.jpg 1536w\" sizes=\"auto, (max-width: 768px) 100vw, 768px\" \/><\/figure>\n\n\n\n<p><\/p>\n\n\n\n<figure class=\"wp-block-image\"><img loading=\"lazy\" decoding=\"async\" width=\"768\" height=\"1024\" src=\"http:\/\/www.meinweinkeller.ch\/weinclub\/wp-content\/uploads\/2020\/04\/IMG-20200402-WA0003-768x1024.jpg\" alt=\"\" class=\"wp-image-4554\" srcset=\"https:\/\/www.meinweinkeller.ch\/weinclub\/wp-content\/uploads\/2020\/04\/IMG-20200402-WA0003-768x1024.jpg 768w, https:\/\/www.meinweinkeller.ch\/weinclub\/wp-content\/uploads\/2020\/04\/IMG-20200402-WA0003-225x300.jpg 225w, https:\/\/www.meinweinkeller.ch\/weinclub\/wp-content\/uploads\/2020\/04\/IMG-20200402-WA0003.jpg 1536w\" sizes=\"auto, (max-width: 768px) 100vw, 768px\" \/><\/figure>\n\n\n\n<p><\/p>\n\n\n\n<figure class=\"wp-block-image\"><img loading=\"lazy\" decoding=\"async\" width=\"768\" height=\"1024\" src=\"http:\/\/www.meinweinkeller.ch\/weinclub\/wp-content\/uploads\/2020\/04\/IMG-20200402-WA0005-768x1024.jpg\" alt=\"\" class=\"wp-image-4549\" srcset=\"https:\/\/www.meinweinkeller.ch\/weinclub\/wp-content\/uploads\/2020\/04\/IMG-20200402-WA0005-768x1024.jpg 768w, https:\/\/www.meinweinkeller.ch\/weinclub\/wp-content\/uploads\/2020\/04\/IMG-20200402-WA0005-225x300.jpg 225w, https:\/\/www.meinweinkeller.ch\/weinclub\/wp-content\/uploads\/2020\/04\/IMG-20200402-WA0005.jpg 1536w\" sizes=\"auto, (max-width: 768px) 100vw, 768px\" \/><figcaption>F\u00fcr mich d\u00e4 Inbegriff vo Fr\u00fchlig. En feine Florin. Das isch en Rheinriesling ci Stein am Rhein. Wunderbari frischi Rieslingnote nach neue grad usegwachsne Fr\u00fchligschr\u00fctli und sch\u00f6ne Bl\u00fcete vo Holunder und Pfirsich. Dezue gits Schnitzeli vom Kabier vom Sepp <br \/>D\u00e4hler<\/figcaption><\/figure>\n\n\n\n<figure class=\"wp-block-image\"><img loading=\"lazy\" decoding=\"async\" width=\"768\" height=\"1024\" src=\"http:\/\/www.meinweinkeller.ch\/weinclub\/wp-content\/uploads\/2020\/04\/IMG-20200402-WA0004-768x1024.jpg\" alt=\"\" class=\"wp-image-4553\" srcset=\"https:\/\/www.meinweinkeller.ch\/weinclub\/wp-content\/uploads\/2020\/04\/IMG-20200402-WA0004.jpg 768w, https:\/\/www.meinweinkeller.ch\/weinclub\/wp-content\/uploads\/2020\/04\/IMG-20200402-WA0004-225x300.jpg 225w\" sizes=\"auto, (max-width: 768px) 100vw, 768px\" \/><\/figure>\n\n\n\n<p><\/p>\n\n\n\n<figure class=\"wp-block-image\"><img loading=\"lazy\" decoding=\"async\" width=\"577\" height=\"1024\" src=\"http:\/\/www.meinweinkeller.ch\/weinclub\/wp-content\/uploads\/2020\/04\/IMG-20200402-WA0002-577x1024.jpg\" alt=\"\" class=\"wp-image-4556\" srcset=\"https:\/\/www.meinweinkeller.ch\/weinclub\/wp-content\/uploads\/2020\/04\/IMG-20200402-WA0002-577x1024.jpg 577w, https:\/\/www.meinweinkeller.ch\/weinclub\/wp-content\/uploads\/2020\/04\/IMG-20200402-WA0002-169x300.jpg 169w, https:\/\/www.meinweinkeller.ch\/weinclub\/wp-content\/uploads\/2020\/04\/IMG-20200402-WA0002-768x1364.jpg 768w, https:\/\/www.meinweinkeller.ch\/weinclub\/wp-content\/uploads\/2020\/04\/IMG-20200402-WA0002.jpg 1153w\" sizes=\"auto, (max-width: 577px) 100vw, 577px\" \/><\/figure>\n\n\n\n<p><\/p>\n\n\n\n<figure class=\"wp-block-image\"><img loading=\"lazy\" decoding=\"async\" width=\"796\" height=\"737\" src=\"http:\/\/www.meinweinkeller.ch\/weinclub\/wp-content\/uploads\/2020\/04\/Skype-20200402-194602.jpeg\" alt=\"\" class=\"wp-image-4559\" srcset=\"https:\/\/www.meinweinkeller.ch\/weinclub\/wp-content\/uploads\/2020\/04\/Skype-20200402-194602.jpeg 796w, https:\/\/www.meinweinkeller.ch\/weinclub\/wp-content\/uploads\/2020\/04\/Skype-20200402-194602-300x278.jpeg 300w, https:\/\/www.meinweinkeller.ch\/weinclub\/wp-content\/uploads\/2020\/04\/Skype-20200402-194602-768x711.jpeg 768w, https:\/\/www.meinweinkeller.ch\/weinclub\/wp-content\/uploads\/2020\/04\/Skype-20200402-194602-324x300.jpeg 324w\" sizes=\"auto, (max-width: 796px) 100vw, 796px\" \/><\/figure>\n\n\n\n<p><\/p>\n\n\n\n<figure class=\"wp-block-image\"><img loading=\"lazy\" decoding=\"async\" width=\"768\" height=\"1024\" src=\"http:\/\/www.meinweinkeller.ch\/weinclub\/wp-content\/uploads\/2020\/04\/IMG-20200402-WA0013-1-768x1024.jpg\" alt=\"\" class=\"wp-image-4564\" srcset=\"https:\/\/www.meinweinkeller.ch\/weinclub\/wp-content\/uploads\/2020\/04\/IMG-20200402-WA0013-1-768x1024.jpg 768w, https:\/\/www.meinweinkeller.ch\/weinclub\/wp-content\/uploads\/2020\/04\/IMG-20200402-WA0013-1-225x300.jpg 225w, https:\/\/www.meinweinkeller.ch\/weinclub\/wp-content\/uploads\/2020\/04\/IMG-20200402-WA0013-1.jpg 1536w\" sizes=\"auto, (max-width: 768px) 100vw, 768px\" \/><figcaption>Weissherbst Klettgau 2019, Markus Ruch. Vom Ablaufsaft des Pinot Noirs. Es braucht viel, bis ich Weissherbst in den Keller stelle. Den von Markus Ruch garantiert jedes Jahr! Cheers!<\/figcaption><\/figure>\n\n\n\n<figure class=\"wp-block-image\"><img loading=\"lazy\" decoding=\"async\" width=\"576\" height=\"1024\" src=\"http:\/\/www.meinweinkeller.ch\/weinclub\/wp-content\/uploads\/2020\/04\/IMG-20200402-WA0012-576x1024.jpg\" alt=\"\" class=\"wp-image-4566\" srcset=\"https:\/\/www.meinweinkeller.ch\/weinclub\/wp-content\/uploads\/2020\/04\/IMG-20200402-WA0012-576x1024.jpg 576w, https:\/\/www.meinweinkeller.ch\/weinclub\/wp-content\/uploads\/2020\/04\/IMG-20200402-WA0012-169x300.jpg 169w, https:\/\/www.meinweinkeller.ch\/weinclub\/wp-content\/uploads\/2020\/04\/IMG-20200402-WA0012-768x1365.jpg 768w, https:\/\/www.meinweinkeller.ch\/weinclub\/wp-content\/uploads\/2020\/04\/IMG-20200402-WA0012.jpg 1152w\" sizes=\"auto, (max-width: 576px) 100vw, 576px\" \/><figcaption>Toller Abend, danke euch allen!<br \/>Cem. Reis: W\u00fcrzig und vielschichtig, Brombeere, Kakao, Kaffee, Tabak, Weihrauch, Zedern, leichte Sch\u00e4rfe, gut integriertes Tannin, leicht animalisch (Leder), w\u00fcrzig\/brombeeriger mittellanger Abgang<br \/><br \/>Oloroso: Intensives attraktives Rancio, Baumn\u00fcsse, D\u00f6rrzwetschgen, Lavendel; \u00f6lig schmelzig und f\u00fcllig, lnger m\u00fcssig getoasteter Finish.<\/figcaption><\/figure>\n\n\n\n<figure class=\"wp-block-image\"><img loading=\"lazy\" decoding=\"async\" width=\"1024\" height=\"577\" src=\"http:\/\/www.meinweinkeller.ch\/weinclub\/wp-content\/uploads\/2020\/04\/IMG-20200402-WA0014-1024x577.jpg\" alt=\"\" class=\"wp-image-4591\" srcset=\"https:\/\/www.meinweinkeller.ch\/weinclub\/wp-content\/uploads\/2020\/04\/IMG-20200402-WA0014-1024x577.jpg 1024w, https:\/\/www.meinweinkeller.ch\/weinclub\/wp-content\/uploads\/2020\/04\/IMG-20200402-WA0014-300x169.jpg 300w, https:\/\/www.meinweinkeller.ch\/weinclub\/wp-content\/uploads\/2020\/04\/IMG-20200402-WA0014-768x432.jpg 768w, https:\/\/www.meinweinkeller.ch\/weinclub\/wp-content\/uploads\/2020\/04\/IMG-20200402-WA0014-500x281.jpg 500w, https:\/\/www.meinweinkeller.ch\/weinclub\/wp-content\/uploads\/2020\/04\/IMG-20200402-WA0014.jpg 2048w\" sizes=\"auto, (max-width: 1024px) 100vw, 1024px\" \/><figcaption>Benni<\/figcaption><\/figure>\n","protected":false},"excerpt":{"rendered":"<p>Welcher Wein ist deine Empfehlung f\u00fcr den Fr\u00fchling? Letzten Donnerstag war ja echt was los und es war lustig! Ben\u00fctze einer der vielen Kan\u00e4le um dabei zu sein: mail, facebook, WhatsApp, ab 19 Uhr Skype Seid erfinderisch und schickt uns &hellip; <a href=\"https:\/\/www.meinweinkeller.ch\/weinclub\/donnerstag-degustationen\/donnerstag-2-april-2020-serie-home-drinking-mein-fruehlingswein\/\">Weiterlesen <span class=\"meta-nav\">&rarr;<\/span><\/a><\/p>\n","protected":false},"author":1,"featured_media":4559,"comment_status":"closed","ping_status":"closed","sticky":false,"template":"","format":"standard","meta":{"footnotes":""},"categories":[4],"tags":[],"class_list":["post-4535","post","type-post","status-publish","format-standard","has-post-thumbnail","hentry","category-donnerstag-degustationen"],"_links":{"self":[{"href":"https:\/\/www.meinweinkeller.ch\/weinclub\/wp-json\/wp\/v2\/posts\/4535","targetHints":{"allow":["GET"]}}],"collection":[{"href":"https:\/\/www.meinweinkeller.ch\/weinclub\/wp-json\/wp\/v2\/posts"}],"about":[{"href":"https:\/\/www.meinweinkeller.ch\/weinclub\/wp-json\/wp\/v2\/types\/post"}],"author":[{"embeddable":true,"href":"https:\/\/www.meinweinkeller.ch\/weinclub\/wp-json\/wp\/v2\/users\/1"}],"replies":[{"embeddable":true,"href":"https:\/\/www.meinweinkeller.ch\/weinclub\/wp-json\/wp\/v2\/comments?post=4535"}],"version-history":[{"count":14,"href":"https:\/\/www.meinweinkeller.ch\/weinclub\/wp-json\/wp\/v2\/posts\/4535\/revisions"}],"predecessor-version":[{"id":4592,"href":"https:\/\/www.meinweinkeller.ch\/weinclub\/wp-json\/wp\/v2\/posts\/4535\/revisions\/4592"}],"wp:featuredmedia":[{"embeddable":true,"href":"https:\/\/www.meinweinkeller.ch\/weinclub\/wp-json\/wp\/v2\/media\/4559"}],"wp:attachment":[{"href":"https:\/\/www.meinweinkeller.ch\/weinclub\/wp-json\/wp\/v2\/media?parent=4535"}],"wp:term":[{"taxonomy":"category","embeddable":true,"href":"https:\/\/www.meinweinkeller.ch\/weinclub\/wp-json\/wp\/v2\/categories?post=4535"},{"taxonomy":"post_tag","embeddable":true,"href":"https:\/\/www.meinweinkeller.ch\/weinclub\/wp-json\/wp\/v2\/tags?post=4535"}],"curies":[{"name":"wp","href":"https:\/\/api.w.org\/{rel}","templated":true}]}}