{"id":4453,"date":"2020-03-16T19:49:52","date_gmt":"2020-03-16T19:49:52","guid":{"rendered":"http:\/\/www.meinweinkeller.ch\/weinclub\/?p=4453"},"modified":"2020-03-20T18:48:00","modified_gmt":"2020-03-20T18:48:00","slug":"donnerstag-19-maerz-2020-serie-home-drinking-mein-happy-wine","status":"publish","type":"post","link":"https:\/\/www.meinweinkeller.ch\/weinclub\/donnerstag-degustationen\/donnerstag-19-maerz-2020-serie-home-drinking-mein-happy-wine\/","title":{"rendered":"Donnerstag, 19. M\u00e4rz 2020: Serie Home-Drinking!  &#8211; mein happy Wine"},"content":{"rendered":"\n<p>Wir wechseln vom kuschelig-romantischen Nahbeisammensein-Modus im Obertor zum radikalen Home-Drinking! <\/p>\n\n\n\n<p>Seid erfinderisch und schickt uns Eure Donnerstag-Abend-Schnappsch\u00fcsse mit kurzer Degunotiz zu auf <a href=\"mobile.hintermeister@gmail.com\">mobile.hintermeister@gmail.com<\/a> oder als Kommentar auf <a rel=\"noreferrer noopener\" aria-label=\"https:\/\/www.facebook.com\/weinclub.meinweinkeller (\u00f6ffnet in neuem Tab)\" href=\"https:\/\/www.facebook.com\/weinclub.meinweinkeller\" target=\"_blank\">https:\/\/www.facebook.com\/weinclub.meinweinkeller<\/a> . Wir werden sie auf unserer Homepage f\u00fcr euch alle ver\u00f6ffentlichen!<\/p>\n\n\n\n<p>Und da wir seit \u00fcber 15 Jahren Donnerstag f\u00fcr Donnerstag ein Thema w\u00e4hlten, k\u00f6nnen wir es auch f\u00fcr diesen Donnerstag nicht lassen: berichte \u00fcber deinen &#8218;happy wine&#8216; aus dem Keller \ud83d\ude42<\/p>\n\n\n\n<p>Bleibt gesund und durstig und wir freuen uns \u00fcber eure Posts!<\/p>\n\n\n\n<p><strong>Wow &#8211; toll, was ihr alles getrunken habt! &#8230; wir machen weiter so! Meldet uns doch alle Ideen zum Homedrinking und nat\u00fcrlich eure Themenideen \ud83d\ude42<\/strong><\/p>\n\n\n\n<p><strong>Otti&#8217;s Post: 19:57 mein Weinabend beginnt \ud83d\ude09<\/strong><\/p>\n\n\n\n<p>Ich trinke mit euch einen Brunello di Montalcion Il Poggione 2015. Das ist mein &#8218;happy Wein&#8216;, weil die Weinkritiker die Brunello 2015 als ein noch nie dagewesenes Brunello &#8211; Jahr bezeichnen. Das Wetter war toll und warm und vor allem die N\u00e4chte herrlich k\u00fchl und der wenige Regen kam zu richtigen Zeit. Dem Il Poggione gibt der Winespectator 95, Parker 97 und Suckling 96 Punkte &#8211; mal sehen ob das stimmt \ud83d\ude09<\/p>\n\n\n\n<p>Live 20:12: huiii, schon beim Einschenken ein bet\u00f6render warmer Duft nach reifen Kirschen, Brombeeren und Zwetschgen! 20:14 Die Farbe ist fast blass wie ein gereifter Bugunder oder Barolo.  20:16 an der Nase wieder die tollen edlen warmen Fr\u00fcchte mit etwas Schokolade und Tabak. 20:18 huiii, am Gaumen dieser tolle Druck und ich muss es gleich loswerden &#8211; unendlich lang!! Seidige Struktur wie ein Barolo, geballte Kraft, entwickelndes Feuer, da ist noch eine jugendliche Sch\u00e4rfe, gut abgewogene Gew\u00fcrze, noch eine jugendliche S\u00e4ure &#8211; also unbedingt noch reifen lassen! hooow, dieser Duft f\u00fcllt den ganzen Raum! &#8230;. und nochmals lang lang lang &#8211; der geht gar nicht aus dem Rachen! Wein zum weglegen: jetzt 93 &#8211; Potential 96 \ud83d\ude42  cheers!<\/p>\n\n\n\n<p>21:15: Il Poggione nach 1 Stunde: huuiii, nun \u00e4ndert sich der Duft zu aristokrat D\u00fcften mit Schwarzen Beeren, Lakritz, Leder und Tabak;  am Gaumen huuuiiii, geht mit der Aristokratie und Harmonie von Nase und Mund endlos &#8211; sorry &#8211; neu 96 Punkte &#8211; Potential 98 Punkte &#8211; cheers<\/p>\n\n\n\n<figure class=\"wp-block-image\"><img loading=\"lazy\" decoding=\"async\" width=\"768\" height=\"1024\" src=\"http:\/\/www.meinweinkeller.ch\/weinclub\/wp-content\/uploads\/2020\/03\/IMG_20200319_195548-768x1024.jpg\" alt=\"\" class=\"wp-image-4457\" srcset=\"https:\/\/www.meinweinkeller.ch\/weinclub\/wp-content\/uploads\/2020\/03\/IMG_20200319_195548-768x1024.jpg 768w, https:\/\/www.meinweinkeller.ch\/weinclub\/wp-content\/uploads\/2020\/03\/IMG_20200319_195548-225x300.jpg 225w\" sizes=\"auto, (max-width: 768px) 100vw, 768px\" \/><\/figure>\n\n\n\n<p>ausserdem noch degustiert: Seis Quintas de Martue, Reserva, 2013, Douro &#8211; warme dunkle Fr\u00fcchte, Kirschen, Heidelbeeren, Schokolade, Am Gaumen saftig und harmonisch, vielschichtig, Leder, leicht sandige Tanine, sch\u00f6ner Wein \/ Volpaia Chianti Classico 2012: warmer bet\u00f6render Duft; am Gaumen reif aber nicht zu reif mit saftiger Struktur, vielschichtig, rote Fr\u00fcchte und Leder &#8211; toll \/ Volpaia Chianti Classico Riserva 2012: In der Nase herrlich spielerische rote Fr\u00fcchte, am Gaumen harmonisch, Hauch von Erdbeeren, edle Bittermandeln, saftig, trinkig,  in den n\u00e4chsten 4 J toll zu trinken.<\/p>\n\n\n\n<p><strong>Benjamin Kissling&#8217;s post: gesendet 19:41<\/strong><\/p>\n\n\n\n<p>Freunde<br \/>Mein Happy Wein:<br \/>Beaucastel Roussanne Vieille Vingne 2012. Jugentlich Frisch. Cremig. Leichte angenehme Bitterkeit. Dicht und extrem lang. Exotische Fr\u00fcchte. Nasser Stein.<br \/>Dazu das erste Abendessen im Garten in 2020. Grillierter Lauch, Zwibeln, Peperoni, Tomte, Aubehine, Oel aus halbwilden Oliven, Bratwurst und frisches Brot.<br \/>Kaum ge\u00f6ffnet war der Wein schon weg. Ich liebe diesen Wein.<br \/>Beste Gr\u00fcsse<br \/>Benjamin<\/p>\n\n\n\n<figure class=\"wp-block-image\"><img loading=\"lazy\" decoding=\"async\" width=\"576\" height=\"1024\" src=\"http:\/\/www.meinweinkeller.ch\/weinclub\/wp-content\/uploads\/2020\/03\/20200319_180918-576x1024.jpg\" alt=\"\" class=\"wp-image-4459\" srcset=\"https:\/\/www.meinweinkeller.ch\/weinclub\/wp-content\/uploads\/2020\/03\/20200319_180918-576x1024.jpg 576w, https:\/\/www.meinweinkeller.ch\/weinclub\/wp-content\/uploads\/2020\/03\/20200319_180918-169x300.jpg 169w, https:\/\/www.meinweinkeller.ch\/weinclub\/wp-content\/uploads\/2020\/03\/20200319_180918-768x1365.jpg 768w\" sizes=\"auto, (max-width: 576px) 100vw, 576px\" \/><\/figure>\n\n\n\n<p><\/p>\n\n\n\n<p><strong>Marcs Post, 21.21: Home-Drinking mit einem Walliser! Clos de Tsamp\u00e9hro Blanc 2016 (Heida, R\u00e8ze, Completer):<\/strong> Die Flasche ist derart schwer, da bekommt man gleich &#8217;ne Sehnenscheidenentz\u00fcndung! Doch ist das Glas mal voll, da denkt man sofort weder an Sehnen- noch -entz\u00fcndungen noch sonstwas &#8211; ausser: an Agrumen! Haufenweise davon, dazu auch noch Blumen aller Art, Bl\u00fcten vom Feinsten, das kitzelt nur so in der Nase und man w\u00fcrde niesen wenn man denn d\u00fcrfte&#8230; Klar, das Holz ist noch voll pr\u00e4sent, der Wein noch zu jung. Aber dieser geniale Schmelz am Gaumen, die bestens integrierte S\u00e4ure, das Mineralisch-Raffinierte &#8211; wow, das ist Meursault aus dem Wallis! Prost liebe Freunde &#8211; ich hab die Flasche nicht allein geschafft &#8211; Ihr fehlt mir!<\/p>\n\n\n\n<figure class=\"wp-block-image\"><img loading=\"lazy\" decoding=\"async\" width=\"768\" height=\"1024\" src=\"http:\/\/www.meinweinkeller.ch\/weinclub\/wp-content\/uploads\/2020\/03\/IMG_2547-768x1024.jpg\" alt=\"\" class=\"wp-image-4466\" srcset=\"https:\/\/www.meinweinkeller.ch\/weinclub\/wp-content\/uploads\/2020\/03\/IMG_2547-768x1024.jpg 768w, https:\/\/www.meinweinkeller.ch\/weinclub\/wp-content\/uploads\/2020\/03\/IMG_2547-225x300.jpg 225w\" sizes=\"auto, (max-width: 768px) 100vw, 768px\" \/><\/figure>\n\n\n\n<p><strong>Rolf Widmer&#8217;s Post:<\/strong><\/p>\n\n\n\n<p>In Gedanken an den vom Covid19 arg gebeutelten Tessin kochten wir uns ein Carnaroli-Risotto mit Porcini und dazu einen f\u00fcr mich umwerfenden Spitzenwein von Gialdi: ESTRO.<br \/>Einen nie erwarteten Trinkgenuss bereitete uns dieser Estro 2015 &nbsp;&#8211; 58% CS \/ nur 17% Merlot \/ 13% CF \/ 12% PV&nbsp; &#8211; also ein im Tessin seltener Bx-Blend.&nbsp; Brombeeren, schwarze Johannisbeeren und schwarze Chrieseli, etwas Lakritz und ein Hauch von Pfeffer, dazu aber auch florale Noten, etwa eine dezent duftende rote Rose.&nbsp; Eine keinesfalls erwartete Eleganz und Feinheit mit langem Abgang \u2013 schade hatte ich nicht mehr gekauft \u2013 ein wirklicher \u201eHappy Wine\u201c, der Hoffnung macht, dass der Tessin den Virus bald in den Griff bekommt.<\/p>\n\n\n\n<figure class=\"wp-block-image\"><img loading=\"lazy\" decoding=\"async\" width=\"1024\" height=\"576\" src=\"http:\/\/www.meinweinkeller.ch\/weinclub\/wp-content\/uploads\/2020\/03\/20200318_180357-1024x576.jpg\" alt=\"\" class=\"wp-image-4473\" srcset=\"https:\/\/www.meinweinkeller.ch\/weinclub\/wp-content\/uploads\/2020\/03\/20200318_180357-1024x576.jpg 1024w, https:\/\/www.meinweinkeller.ch\/weinclub\/wp-content\/uploads\/2020\/03\/20200318_180357-300x169.jpg 300w, https:\/\/www.meinweinkeller.ch\/weinclub\/wp-content\/uploads\/2020\/03\/20200318_180357-768x432.jpg 768w, https:\/\/www.meinweinkeller.ch\/weinclub\/wp-content\/uploads\/2020\/03\/20200318_180357-500x281.jpg 500w\" sizes=\"auto, (max-width: 1024px) 100vw, 1024px\" \/><\/figure>\n\n\n\n<p><strong>Marcel&#8217;s Post:<\/strong><\/p>\n\n\n\n<p>Hallo zusammen,<\/p>\n\n\n\n<p>Viele haben sicher schon vermutet dass ich wohl einen Pinot Noir trinke &#8211; und die konnte ich nat\u00fcrlich nicht entt\u00e4uschen. Wobei ich dann doch etwas abweichen musste \ud83d\ude02<br \/>Ein bisschen Champagner geht immer \ud83d\ude09<\/p>\n\n\n\n<p>Fein cremig und geschmeidig, dezente und feinperlige Perlage, hohe S\u00e4ure geringe Rests\u00fcsse, Gras, nur dezent Hefenoten, Zitrus, Apfel, wenn man sich viel Zeit nimmt meint man fast auch noch ein paar rote Fr\u00fcchte zu erhaschen<\/p>\n\n\n\n<p>&#8222;Jahrgang&#8220; und Degorgierdatum schau ich noch<\/p>\n\n\n\n<p>Hoffe wir k\u00f6nnen bald wieder in einer kleinen Gruppe testen.<\/p>\n\n\n\n<figure class=\"wp-block-image\"><img loading=\"lazy\" decoding=\"async\" width=\"355\" height=\"1024\" src=\"http:\/\/www.meinweinkeller.ch\/weinclub\/wp-content\/uploads\/2020\/03\/IMG_20200319_182338__01-355x1024.jpg\" alt=\"\" class=\"wp-image-4475\" srcset=\"https:\/\/www.meinweinkeller.ch\/weinclub\/wp-content\/uploads\/2020\/03\/IMG_20200319_182338__01-355x1024.jpg 355w, https:\/\/www.meinweinkeller.ch\/weinclub\/wp-content\/uploads\/2020\/03\/IMG_20200319_182338__01-104x300.jpg 104w, https:\/\/www.meinweinkeller.ch\/weinclub\/wp-content\/uploads\/2020\/03\/IMG_20200319_182338__01-768x2214.jpg 768w, https:\/\/www.meinweinkeller.ch\/weinclub\/wp-content\/uploads\/2020\/03\/IMG_20200319_182338__01.jpg 1608w\" sizes=\"auto, (max-width: 355px) 100vw, 355px\" \/><\/figure>\n\n\n\n<p><strong>Stefan Reali&#8217;s Post on facebook:<\/strong><\/p>\n\n\n\n<p><a href=\"https:\/\/www.facebook.com\/stefan.realihuwiler?comment_id=Y29tbWVudDoxMDIxNDg1OTY5MDcxNzU5NV8xMDIxNDg4OTI5NTU3NzY5OA%3D%3D\">Stefan Reali-Huwiler<\/a>&nbsp;@ Home drinking&nbsp;<br \/>Chablis 1er Cru 1979<br \/><a target=\"_blank\" href=\"http:\/\/www.meinweinkeller.ch\/?fbclid=IwAR2OsKnHBA7sdwqEys_kJ8pO8fWKuxofG8nAKnzrjdSWAOirxaZl8tsZHYQ\" rel=\"noreferrer noopener\">www.meinweinkeller.ch<\/a>&nbsp;# Home drinking&nbsp;<br \/>Leider nein. Aus und vorbei. Medizinale Noten \u00fcberwiegen, Gem\u00fcse, Blumenkohl. Ganz im Hintergrund sind noch Butternoten und Bienenwachs wahrzunehmen. Am Gaumen praktisch untrinkbar.<\/p>\n\n\n\n<p>Bourgogne Aligot\u00e9 1977&nbsp;<br \/>Noch einmal leider nein. Staubig, alter Kasten, altes Holz. Am Gaumen untrinkbar. Da gibt\u2018s nur eins =&gt; auskippen. Oder l\u00e4sst sich auch so das Coronavirus vertreiben???<\/p>\n\n\n\n<p>Nach 4 Stunden offen dann doch noch eine kleine \u00dcberraschung feine Nussnoten, Caramell \u00e4hnlich einem Weissen Port. +1\u2b50\ufe0f<\/p>\n\n\n\n<p>Vin de Pays Terre de Bussi\u00e8re Principaut\u00e9 d\u2018Orange 2014<br \/>Kr\u00e4ftige Nase, reife Pflaumen, ein bisschen Zedernholz und Teer. Am Gaumen zuerst etwas st\u00f6rendes CO2, dann auch feine Fruchtnoten. Im Abgang aber auch leicht gr\u00fcne Noten. Man merkt auch den eher hohen Alkoholgehalt von 14.5%.<\/p>\n\n\n\n<p>Aber sind wir einmal ehrlich, Spass macht das so nicht wirklich!!! Hoffentlich geht das bald vor\u00fcber, damit wir uns wieder im MeinWeinkeller am Obertor treffen k\u00f6nnen.<\/p>\n\n\n\n<figure class=\"wp-block-image\"><img loading=\"lazy\" decoding=\"async\" width=\"1024\" height=\"768\" src=\"http:\/\/www.meinweinkeller.ch\/weinclub\/wp-content\/uploads\/2020\/03\/90487545_10222705451690438_1234635568105652224_o-1024x768.jpg\" alt=\"\" class=\"wp-image-4478\" srcset=\"https:\/\/www.meinweinkeller.ch\/weinclub\/wp-content\/uploads\/2020\/03\/90487545_10222705451690438_1234635568105652224_o-1024x768.jpg 1024w, https:\/\/www.meinweinkeller.ch\/weinclub\/wp-content\/uploads\/2020\/03\/90487545_10222705451690438_1234635568105652224_o-300x225.jpg 300w, https:\/\/www.meinweinkeller.ch\/weinclub\/wp-content\/uploads\/2020\/03\/90487545_10222705451690438_1234635568105652224_o-768x576.jpg 768w, https:\/\/www.meinweinkeller.ch\/weinclub\/wp-content\/uploads\/2020\/03\/90487545_10222705451690438_1234635568105652224_o-400x300.jpg 400w, https:\/\/www.meinweinkeller.ch\/weinclub\/wp-content\/uploads\/2020\/03\/90487545_10222705451690438_1234635568105652224_o.jpg 2048w\" sizes=\"auto, (max-width: 1024px) 100vw, 1024px\" \/><\/figure>\n\n\n\n<p><strong>Ursi Maag&#8217;s post on facebook:<\/strong><\/p>\n\n\n\n<p><a href=\"https:\/\/www.facebook.com\/ursi.maag?comment_id=Y29tbWVudDoxMDIxNDg1OTY5MDcxNzU5NV8xMDIxNDg4OTkyNjM5MzQ2OA%3D%3D\">Ursi Maag<\/a>&nbsp;Hallo liebe \u201eVin\u201cterthurer, ich hab mich k\u00f6stlich am\u00fcsiert beim Lesen Eurer Beitr\u00e4ge! You made my day&#8230; Ich hoffe, wir schaffen\u2019s baldm\u00f6glichst wiedermal in Eure Runde&#8230; bis hoffentlich bald! In der Zwischenzeit auch im Namen von&nbsp;<a class=\"\" href=\"https:\/\/www.facebook.com\/eveline.berli.9?hc_location=ufi\">Eveline Berli<\/a>&nbsp;und meinerseits ein herzliches Prost&#8230; Ursi<\/p>\n\n\n\n<p><strong>Duri Campell&#8217;s post \u00fcber messenger:<\/strong><\/p>\n\n\n\n<p>Fruchtig, mineralisch, Zitrusfr\u00fcchte, langer Abgang &#8211; einer meiner absoluten Sauvignon Blanc Favoriten. Super zu SPAGHETTI VONGOLE!<\/p>\n\n\n\n<ul class=\"wp-block-gallery columns-3 is-cropped wp-block-gallery-1 is-layout-flex wp-block-gallery-is-layout-flex\"><li class=\"blocks-gallery-item\"><figure><img loading=\"lazy\" decoding=\"async\" width=\"768\" height=\"1024\" src=\"http:\/\/www.meinweinkeller.ch\/weinclub\/wp-content\/uploads\/2020\/03\/90482641_2931179460308566_416728109656571904_n-768x1024.jpg\" alt=\"\" data-id=\"4480\" data-link=\"http:\/\/www.meinweinkeller.ch\/weinclub\/donnerstag-degustationen\/donnerstag-19-maerz-2020-serie-home-drinking-mein-happy-wine\/attachment\/90482641_2931179460308566_416728109656571904_n\/\" class=\"wp-image-4480\" srcset=\"https:\/\/www.meinweinkeller.ch\/weinclub\/wp-content\/uploads\/2020\/03\/90482641_2931179460308566_416728109656571904_n-768x1024.jpg 768w, https:\/\/www.meinweinkeller.ch\/weinclub\/wp-content\/uploads\/2020\/03\/90482641_2931179460308566_416728109656571904_n-225x300.jpg 225w, https:\/\/www.meinweinkeller.ch\/weinclub\/wp-content\/uploads\/2020\/03\/90482641_2931179460308566_416728109656571904_n.jpg 1536w\" sizes=\"auto, (max-width: 768px) 100vw, 768px\" \/><\/figure><\/li><li class=\"blocks-gallery-item\"><figure><img loading=\"lazy\" decoding=\"async\" width=\"768\" height=\"1024\" src=\"http:\/\/www.meinweinkeller.ch\/weinclub\/wp-content\/uploads\/2020\/03\/90204550_913107225787448_1090687054825652224_n-768x1024.jpg\" alt=\"\" data-id=\"4481\" data-link=\"http:\/\/www.meinweinkeller.ch\/weinclub\/donnerstag-degustationen\/donnerstag-19-maerz-2020-serie-home-drinking-mein-happy-wine\/attachment\/90204550_913107225787448_1090687054825652224_n\/\" class=\"wp-image-4481\" srcset=\"https:\/\/www.meinweinkeller.ch\/weinclub\/wp-content\/uploads\/2020\/03\/90204550_913107225787448_1090687054825652224_n-768x1024.jpg 768w, https:\/\/www.meinweinkeller.ch\/weinclub\/wp-content\/uploads\/2020\/03\/90204550_913107225787448_1090687054825652224_n-225x300.jpg 225w, https:\/\/www.meinweinkeller.ch\/weinclub\/wp-content\/uploads\/2020\/03\/90204550_913107225787448_1090687054825652224_n.jpg 1536w\" sizes=\"auto, (max-width: 768px) 100vw, 768px\" \/><\/figure><\/li><li class=\"blocks-gallery-item\"><figure><img loading=\"lazy\" decoding=\"async\" width=\"576\" height=\"1024\" src=\"http:\/\/www.meinweinkeller.ch\/weinclub\/wp-content\/uploads\/2020\/03\/90272324_208775667126464_1360544690461474816_n-576x1024.jpg\" alt=\"\" data-id=\"4482\" data-link=\"http:\/\/www.meinweinkeller.ch\/weinclub\/donnerstag-degustationen\/donnerstag-19-maerz-2020-serie-home-drinking-mein-happy-wine\/attachment\/90272324_208775667126464_1360544690461474816_n\/\" class=\"wp-image-4482\" srcset=\"https:\/\/www.meinweinkeller.ch\/weinclub\/wp-content\/uploads\/2020\/03\/90272324_208775667126464_1360544690461474816_n-576x1024.jpg 576w, https:\/\/www.meinweinkeller.ch\/weinclub\/wp-content\/uploads\/2020\/03\/90272324_208775667126464_1360544690461474816_n-169x300.jpg 169w, https:\/\/www.meinweinkeller.ch\/weinclub\/wp-content\/uploads\/2020\/03\/90272324_208775667126464_1360544690461474816_n-768x1365.jpg 768w, https:\/\/www.meinweinkeller.ch\/weinclub\/wp-content\/uploads\/2020\/03\/90272324_208775667126464_1360544690461474816_n.jpg 1080w\" sizes=\"auto, (max-width: 576px) 100vw, 576px\" \/><\/figure><\/li><li class=\"blocks-gallery-item\"><figure><img loading=\"lazy\" decoding=\"async\" width=\"576\" height=\"1024\" src=\"http:\/\/www.meinweinkeller.ch\/weinclub\/wp-content\/uploads\/2020\/03\/90474619_895546880895349_3558589865996058624_n-576x1024.jpg\" alt=\"\" data-id=\"4483\" data-link=\"http:\/\/www.meinweinkeller.ch\/weinclub\/donnerstag-degustationen\/donnerstag-19-maerz-2020-serie-home-drinking-mein-happy-wine\/attachment\/90474619_895546880895349_3558589865996058624_n\/\" class=\"wp-image-4483\" srcset=\"https:\/\/www.meinweinkeller.ch\/weinclub\/wp-content\/uploads\/2020\/03\/90474619_895546880895349_3558589865996058624_n-576x1024.jpg 576w, https:\/\/www.meinweinkeller.ch\/weinclub\/wp-content\/uploads\/2020\/03\/90474619_895546880895349_3558589865996058624_n-169x300.jpg 169w, https:\/\/www.meinweinkeller.ch\/weinclub\/wp-content\/uploads\/2020\/03\/90474619_895546880895349_3558589865996058624_n-768x1365.jpg 768w, https:\/\/www.meinweinkeller.ch\/weinclub\/wp-content\/uploads\/2020\/03\/90474619_895546880895349_3558589865996058624_n.jpg 1080w\" sizes=\"auto, (max-width: 576px) 100vw, 576px\" \/><\/figure><\/li><\/ul>\n\n\n\n<p><strong>Andy Ruckstuhl&#8217;s post:<\/strong><\/p>\n\n\n\n<p>Habe gestern auch was feines aufgetan. Meinen Beitrag an den Home-drinking Abend&#8230; einen 02er Musar Gaston Hochar<\/p>\n\n\n\n<p>Kommt \u00fcberraschend modern daher, fruchtig-w\u00fcrziges Bouquet, vielschichtige aromatische Nase nach konzentrierten Himbeeren, Schokolade und Leder, Gaumen schmelzig-weich mit herzhafter S\u00e4ure, tolle L\u00e4nge, noch jugendlich, kann also noch etwas liegenbleiben<\/p>\n\n\n\n<p>W\u00fcnsche euch ein sch\u00f6nes Wochenende, bleibt gesund!<\/p>\n\n\n\n<figure class=\"wp-block-image\"><img loading=\"lazy\" decoding=\"async\" width=\"768\" height=\"1024\" src=\"http:\/\/www.meinweinkeller.ch\/weinclub\/wp-content\/uploads\/2020\/03\/Andy_Homedrinking_19_03_2020-768x1024.jpg\" alt=\"\" class=\"wp-image-4487\" srcset=\"https:\/\/www.meinweinkeller.ch\/weinclub\/wp-content\/uploads\/2020\/03\/Andy_Homedrinking_19_03_2020-768x1024.jpg 768w, https:\/\/www.meinweinkeller.ch\/weinclub\/wp-content\/uploads\/2020\/03\/Andy_Homedrinking_19_03_2020-225x300.jpg 225w, https:\/\/www.meinweinkeller.ch\/weinclub\/wp-content\/uploads\/2020\/03\/Andy_Homedrinking_19_03_2020.jpg 1488w\" sizes=\"auto, (max-width: 768px) 100vw, 768px\" \/><\/figure>\n","protected":false},"excerpt":{"rendered":"<p>Wir wechseln vom kuschelig-romantischen Nahbeisammensein-Modus im Obertor zum radikalen Home-Drinking! Seid erfinderisch und schickt uns Eure Donnerstag-Abend-Schnappsch\u00fcsse mit kurzer Degunotiz zu auf mobile.hintermeister@gmail.com oder als Kommentar auf https:\/\/www.facebook.com\/weinclub.meinweinkeller . Wir werden sie auf unserer Homepage f\u00fcr euch alle ver\u00f6ffentlichen! Und &hellip; <a href=\"https:\/\/www.meinweinkeller.ch\/weinclub\/donnerstag-degustationen\/donnerstag-19-maerz-2020-serie-home-drinking-mein-happy-wine\/\">Weiterlesen <span class=\"meta-nav\">&rarr;<\/span><\/a><\/p>\n","protected":false},"author":1,"featured_media":0,"comment_status":"closed","ping_status":"closed","sticky":false,"template":"","format":"standard","meta":{"footnotes":""},"categories":[4],"tags":[],"class_list":["post-4453","post","type-post","status-publish","format-standard","hentry","category-donnerstag-degustationen"],"_links":{"self":[{"href":"https:\/\/www.meinweinkeller.ch\/weinclub\/wp-json\/wp\/v2\/posts\/4453","targetHints":{"allow":["GET"]}}],"collection":[{"href":"https:\/\/www.meinweinkeller.ch\/weinclub\/wp-json\/wp\/v2\/posts"}],"about":[{"href":"https:\/\/www.meinweinkeller.ch\/weinclub\/wp-json\/wp\/v2\/types\/post"}],"author":[{"embeddable":true,"href":"https:\/\/www.meinweinkeller.ch\/weinclub\/wp-json\/wp\/v2\/users\/1"}],"replies":[{"embeddable":true,"href":"https:\/\/www.meinweinkeller.ch\/weinclub\/wp-json\/wp\/v2\/comments?post=4453"}],"version-history":[{"count":17,"href":"https:\/\/www.meinweinkeller.ch\/weinclub\/wp-json\/wp\/v2\/posts\/4453\/revisions"}],"predecessor-version":[{"id":4489,"href":"https:\/\/www.meinweinkeller.ch\/weinclub\/wp-json\/wp\/v2\/posts\/4453\/revisions\/4489"}],"wp:attachment":[{"href":"https:\/\/www.meinweinkeller.ch\/weinclub\/wp-json\/wp\/v2\/media?parent=4453"}],"wp:term":[{"taxonomy":"category","embeddable":true,"href":"https:\/\/www.meinweinkeller.ch\/weinclub\/wp-json\/wp\/v2\/categories?post=4453"},{"taxonomy":"post_tag","embeddable":true,"href":"https:\/\/www.meinweinkeller.ch\/weinclub\/wp-json\/wp\/v2\/tags?post=4453"}],"curies":[{"name":"wp","href":"https:\/\/api.w.org\/{rel}","templated":true}]}}