{"id":4351,"date":"2019-12-09T20:22:56","date_gmt":"2019-12-09T20:22:56","guid":{"rendered":"http:\/\/www.meinweinkeller.ch\/weinclub\/?p=4351"},"modified":"2019-12-13T09:08:07","modified_gmt":"2019-12-13T09:08:07","slug":"donnerstag-12-dezember-2019-keine-degustation-meinweinkeller-ist-am-feiern-wir-wuenschen-allen-schoene-festtage-und-freuen-uns-auf-ein-wiedersehen-im-2020","status":"publish","type":"post","link":"https:\/\/www.meinweinkeller.ch\/weinclub\/donnerstag-degustationen\/donnerstag-12-dezember-2019-keine-degustation-meinweinkeller-ist-am-feiern-wir-wuenschen-allen-schoene-festtage-und-freuen-uns-auf-ein-wiedersehen-im-2020\/","title":{"rendered":"Donnerstag, 12. Dezember 2019: keine Degustation &#8211; MeinWeinkeller ist am Feiern! Wir w\u00fcnschen allen sch\u00f6ne Festtage und freuen uns auf ein Wiedersehen im 2020!"},"content":{"rendered":"\n<p>Wir w\u00fcnschen allen Weinfreaks gen\u00fcssliche Festtage und freuen uns auf ein Wiedersehen ab <strong>9. Januar 2020<\/strong> im Weinclub!<\/p>\n\n\n\n<p>Wir feierten mit unseren treusten Magnum-Migliedern Wein-Nachten. Besten Dank, Roman, f\u00fcr das gesponserte feine Essen, und ein herzliches Dankesch\u00f6n f\u00fcr Eure tollen Weine! Weinthema war dieses Jahr Languedoc-Roussillon.<\/p>\n\n\n\n<p>Getrunkene Weine:<\/p>\n\n\n\n<p><strong>Weiss:<\/strong> Mas Jullien Blanc 2016 (2 Flaschen), Domaine des Enfants Tabula Rasa blanc 2013 (2 Flaschen), Deusyls La Peira 2010<\/p>\n\n\n\n<p><strong>Rot Serie 1:<\/strong> Domaine de Bila Haut v.i.t. 2009, Thunevin-Calvet Hugo 2006 (Magnum), Mas Gabinele Rarissime 2010,  Mas de Daumas Gassac 1994<\/p>\n\n\n\n<p><strong>Rot Serie 2: <\/strong>Domaine des Enfants Suis L&#8217;Etoile 2012, La P\u00e8ira Terrasses du Larzac 2010, Mas Amiel Origine 2010<\/p>\n\n\n\n<p><strong>Rot Serie 3:<\/strong> Thunevin-Calvet Les trois Marie 2013, Ch\u00e2teau de la Negly La Porte du Ciel 2003<\/p>\n\n\n\n<p><strong>S\u00fcss:<\/strong> Mas Amiel Cuv\u00e9e Sp\u00e9ciale 10 ans d&#8217;\u00e2ge, Mas Amiel Vintage R\u00e9serve 2002<\/p>\n\n\n\n<p><\/p>\n\n\n\n<figure class=\"wp-block-image\"><img loading=\"lazy\" decoding=\"async\" width=\"1024\" height=\"514\" src=\"http:\/\/www.meinweinkeller.ch\/weinclub\/wp-content\/uploads\/2019\/12\/IMG_0974-1024x514.jpg\" alt=\"\" class=\"wp-image-4355\" srcset=\"https:\/\/www.meinweinkeller.ch\/weinclub\/wp-content\/uploads\/2019\/12\/IMG_0974-1024x514.jpg 1024w, https:\/\/www.meinweinkeller.ch\/weinclub\/wp-content\/uploads\/2019\/12\/IMG_0974-300x151.jpg 300w, https:\/\/www.meinweinkeller.ch\/weinclub\/wp-content\/uploads\/2019\/12\/IMG_0974-768x386.jpg 768w, https:\/\/www.meinweinkeller.ch\/weinclub\/wp-content\/uploads\/2019\/12\/IMG_0974-500x251.jpg 500w\" sizes=\"auto, (max-width: 1024px) 100vw, 1024px\" \/><\/figure>\n\n\n\n<div class=\"wp-block-image\"><figure class=\"aligncenter\"><img loading=\"lazy\" decoding=\"async\" width=\"225\" height=\"300\" src=\"http:\/\/www.meinweinkeller.ch\/weinclub\/wp-content\/uploads\/2019\/12\/IMG_0964-225x300.jpg\" alt=\"\" class=\"wp-image-4356\" srcset=\"https:\/\/www.meinweinkeller.ch\/weinclub\/wp-content\/uploads\/2019\/12\/IMG_0964-225x300.jpg 225w, https:\/\/www.meinweinkeller.ch\/weinclub\/wp-content\/uploads\/2019\/12\/IMG_0964-768x1024.jpg 768w\" sizes=\"auto, (max-width: 225px) 100vw, 225px\" \/><\/figure><\/div>\n","protected":false},"excerpt":{"rendered":"<p>Wir w\u00fcnschen allen Weinfreaks gen\u00fcssliche Festtage und freuen uns auf ein Wiedersehen ab 9. Januar 2020 im Weinclub! Wir feierten mit unseren treusten Magnum-Migliedern Wein-Nachten. Besten Dank, Roman, f\u00fcr das gesponserte feine Essen, und ein herzliches Dankesch\u00f6n f\u00fcr Eure tollen &hellip; <a href=\"https:\/\/www.meinweinkeller.ch\/weinclub\/donnerstag-degustationen\/donnerstag-12-dezember-2019-keine-degustation-meinweinkeller-ist-am-feiern-wir-wuenschen-allen-schoene-festtage-und-freuen-uns-auf-ein-wiedersehen-im-2020\/\">Weiterlesen <span class=\"meta-nav\">&rarr;<\/span><\/a><\/p>\n","protected":false},"author":1,"featured_media":0,"comment_status":"closed","ping_status":"closed","sticky":false,"template":"","format":"standard","meta":{"footnotes":""},"categories":[4],"tags":[],"class_list":["post-4351","post","type-post","status-publish","format-standard","hentry","category-donnerstag-degustationen"],"_links":{"self":[{"href":"https:\/\/www.meinweinkeller.ch\/weinclub\/wp-json\/wp\/v2\/posts\/4351","targetHints":{"allow":["GET"]}}],"collection":[{"href":"https:\/\/www.meinweinkeller.ch\/weinclub\/wp-json\/wp\/v2\/posts"}],"about":[{"href":"https:\/\/www.meinweinkeller.ch\/weinclub\/wp-json\/wp\/v2\/types\/post"}],"author":[{"embeddable":true,"href":"https:\/\/www.meinweinkeller.ch\/weinclub\/wp-json\/wp\/v2\/users\/1"}],"replies":[{"embeddable":true,"href":"https:\/\/www.meinweinkeller.ch\/weinclub\/wp-json\/wp\/v2\/comments?post=4351"}],"version-history":[{"count":3,"href":"https:\/\/www.meinweinkeller.ch\/weinclub\/wp-json\/wp\/v2\/posts\/4351\/revisions"}],"predecessor-version":[{"id":4358,"href":"https:\/\/www.meinweinkeller.ch\/weinclub\/wp-json\/wp\/v2\/posts\/4351\/revisions\/4358"}],"wp:attachment":[{"href":"https:\/\/www.meinweinkeller.ch\/weinclub\/wp-json\/wp\/v2\/media?parent=4351"}],"wp:term":[{"taxonomy":"category","embeddable":true,"href":"https:\/\/www.meinweinkeller.ch\/weinclub\/wp-json\/wp\/v2\/categories?post=4351"},{"taxonomy":"post_tag","embeddable":true,"href":"https:\/\/www.meinweinkeller.ch\/weinclub\/wp-json\/wp\/v2\/tags?post=4351"}],"curies":[{"name":"wp","href":"https:\/\/api.w.org\/{rel}","templated":true}]}}