{"id":4164,"date":"2019-06-15T13:52:51","date_gmt":"2019-06-15T13:52:51","guid":{"rendered":"http:\/\/www.meinweinkeller.ch\/weinclub\/?p=4164"},"modified":"2019-06-24T18:59:47","modified_gmt":"2019-06-24T18:59:47","slug":"donnerstag-20-juni-2019-von-blanc-de-blanc-nach-blanc-de-blanc","status":"publish","type":"post","link":"https:\/\/www.meinweinkeller.ch\/weinclub\/donnerstag-degustationen\/donnerstag-20-juni-2019-von-blanc-de-blanc-nach-blanc-de-blanc\/","title":{"rendered":"Donnerstag, 20. Juni 2019: von Blanc de Blancs nach Blanc de Blancs&#8230;"},"content":{"rendered":"\n<p>Wir reisten mit dem Champagner-Sommelier Ruedi durch die Champagne und erkundeten die verschiedenen Regionen und ihre Typizit\u00e4ten. Vielen Dank, Ruedi, f\u00fcr den sehr spannenden Abend!<\/p>\n\n\n\n<p>Getrunkene Weine:<\/p>\n\n\n\n<p><strong>H\u00e9ritage 85 Brut Champagne, Laurent Lequart: <\/strong>Zum Auftakt ein Cuv\u00e9e, um erst mal die Lippen anzufeuchten und den ersten Champagnerdurst zu l\u00f6schen &#8211; frisch, leicht hefig, die 30% Pinot sind nicht zu \u00fcberriechen.<\/p>\n\n\n\n<p><strong>Parall\u00e8le Blanc de Blancs Extra Brut Champagne Premier Cru, Colin:<\/strong> weisser Kreideboden. Zitrusnoten, Apfel, Pfirsich, hefig, knochentrocken, frische S\u00e4ure.<\/p>\n\n\n\n<p><strong>Cuv\u00e9e H\u00e9ritage Champagne Premier Cru, Jean Baillette Prudhomme:<\/strong> Kreide\/Koralle. Riecht wie ein Weisswein! Floral, etwas Grapefruit, leicht mineralisch, salziges Finale.<\/p>\n\n\n\n<p><strong>Champagne R\u00e9v\u00e9lation Brut, Mary-Sessile:<\/strong> Sandgestein, D\u00fcnen. Apfelig, mineralisch, etwas spitze S\u00e4ure. <\/p>\n\n\n\n<p><strong>Blanc de Blancs Brut Champagne, Laurent Lequart:<\/strong> Weicher Kalk. Zitrus, sehr mineralisch, Kalk, endet leicht bitter.<\/p>\n\n\n\n<p><strong>Blanc de Blancs Brut Champagne, Le Brun de Neuville:<\/strong> Sand, Lehm, Kalk. Feuerstein, Brioche, w\u00fcrzig. Frische S\u00e4ure. <\/p>\n\n\n\n<p><strong>Pur&#8216; Blanc de Blancs Brut Champagne, Christophe:<\/strong> Jurakalk, Ton. Etwas schwefelig, Zitrusfr\u00fcchte, gelbe Sultaninen, hefig, recht kr\u00e4ftige S\u00e4ure.<\/p>\n\n\n\n<p><strong>Chardonnay Fassprobe 2018, Aurore Casanova:<\/strong> Fassprobe eines Chardonnays aus der Champagne! Recht \u00fcppig, Zitrus, leicht floral &#8211; das wird mal Champagner!<\/p>\n\n\n\n<p><strong>Blanc de Blancs Brut Grand Cru Terres de Noel Vielles Vignes 2011, Jean Milan:<\/strong> Tiefe H\u00f6henlage. Brioche, toastig, sehr kreidig, mit frischer S\u00e4ure, trocken.<\/p>\n\n\n\n<p><strong>Blanc de Blancs Extra-Brut Champagne Grand Cru Vieilles Vignes 2006, Clos Cazals:<\/strong> Mittlere H\u00f6henlage. Honig, Kreide, Orangenschalen, Haseln\u00fcsse, breit gef\u00e4chert und ausdrucksstark, mit feiner Perlage und kr\u00e4ftiger S\u00e4ure. Toll!<\/p>\n\n\n\n<p><strong>La Chapelle du Clos Blanc de Blancs Brut Champagne Grand Cru 2012, Clos Cazals:<\/strong> H\u00f6henlage, leicht h\u00f6here Lage als der Vorg\u00e4nger. Intensiv, floral, Aepfel, Himbeeren, fein mineralisch, noch sehr jung, druckvoll und sehr lang.<\/p>\n\n\n\n<p><strong>Cuv\u00e9e des Caudalies Le Mesnil Extra Brut Champagne Grand Cru 2005, De Sousa:<\/strong> H\u00f6henlage hoch. Honignoten, Safran, Brioche, Quitten, Marzipan. Ausgewogen, fein, mit guter S\u00e4ure und beachtlicher L\u00e4nge.<\/p>\n\n\n\n<p><\/p>\n\n\n\n<figure class=\"wp-block-image\"><img loading=\"lazy\" decoding=\"async\" width=\"1024\" height=\"472\" src=\"http:\/\/www.meinweinkeller.ch\/weinclub\/wp-content\/uploads\/2019\/06\/IMG_20190620_230345-1024x472.jpg\" alt=\"\" class=\"wp-image-4174\" srcset=\"https:\/\/www.meinweinkeller.ch\/weinclub\/wp-content\/uploads\/2019\/06\/IMG_20190620_230345-1024x472.jpg 1024w, https:\/\/www.meinweinkeller.ch\/weinclub\/wp-content\/uploads\/2019\/06\/IMG_20190620_230345-300x138.jpg 300w, https:\/\/www.meinweinkeller.ch\/weinclub\/wp-content\/uploads\/2019\/06\/IMG_20190620_230345-768x354.jpg 768w, https:\/\/www.meinweinkeller.ch\/weinclub\/wp-content\/uploads\/2019\/06\/IMG_20190620_230345-500x230.jpg 500w\" sizes=\"auto, (max-width: 1024px) 100vw, 1024px\" \/><\/figure>\n\n\n\n<div class=\"wp-block-image\"><figure class=\"aligncenter\"><img loading=\"lazy\" decoding=\"async\" width=\"178\" height=\"300\" src=\"http:\/\/www.meinweinkeller.ch\/weinclub\/wp-content\/uploads\/2019\/06\/IMG_7239-178x300.jpg\" alt=\"\" class=\"wp-image-4185\" srcset=\"https:\/\/www.meinweinkeller.ch\/weinclub\/wp-content\/uploads\/2019\/06\/IMG_7239-178x300.jpg 178w, https:\/\/www.meinweinkeller.ch\/weinclub\/wp-content\/uploads\/2019\/06\/IMG_7239-768x1291.jpg 768w, https:\/\/www.meinweinkeller.ch\/weinclub\/wp-content\/uploads\/2019\/06\/IMG_7239-609x1024.jpg 609w\" sizes=\"auto, (max-width: 178px) 100vw, 178px\" \/><\/figure><\/div>\n\n\n\n<div class=\"wp-block-image\"><figure class=\"alignright\"><img loading=\"lazy\" decoding=\"async\" width=\"249\" height=\"300\" src=\"http:\/\/www.meinweinkeller.ch\/weinclub\/wp-content\/uploads\/2019\/06\/IMG_7246-249x300.jpg\" alt=\"\" class=\"wp-image-4187\" srcset=\"https:\/\/www.meinweinkeller.ch\/weinclub\/wp-content\/uploads\/2019\/06\/IMG_7246-249x300.jpg 249w, https:\/\/www.meinweinkeller.ch\/weinclub\/wp-content\/uploads\/2019\/06\/IMG_7246-768x925.jpg 768w, https:\/\/www.meinweinkeller.ch\/weinclub\/wp-content\/uploads\/2019\/06\/IMG_7246-850x1024.jpg 850w\" sizes=\"auto, (max-width: 249px) 100vw, 249px\" \/><\/figure><\/div>\n\n\n\n<div class=\"wp-block-image\"><figure class=\"alignleft\"><img loading=\"lazy\" decoding=\"async\" width=\"225\" height=\"300\" src=\"http:\/\/www.meinweinkeller.ch\/weinclub\/wp-content\/uploads\/2019\/06\/IMG_7247-225x300.jpg\" alt=\"\" class=\"wp-image-4188\" srcset=\"https:\/\/www.meinweinkeller.ch\/weinclub\/wp-content\/uploads\/2019\/06\/IMG_7247-225x300.jpg 225w, https:\/\/www.meinweinkeller.ch\/weinclub\/wp-content\/uploads\/2019\/06\/IMG_7247-768x1024.jpg 768w\" sizes=\"auto, (max-width: 225px) 100vw, 225px\" \/><\/figure><\/div>\n\n\n\n<div class=\"wp-block-image\"><figure class=\"alignleft\"><img loading=\"lazy\" decoding=\"async\" width=\"225\" height=\"300\" src=\"http:\/\/www.meinweinkeller.ch\/weinclub\/wp-content\/uploads\/2019\/06\/IMG_7248-225x300.jpg\" alt=\"\" class=\"wp-image-4189\" srcset=\"https:\/\/www.meinweinkeller.ch\/weinclub\/wp-content\/uploads\/2019\/06\/IMG_7248-225x300.jpg 225w, https:\/\/www.meinweinkeller.ch\/weinclub\/wp-content\/uploads\/2019\/06\/IMG_7248-768x1024.jpg 768w\" sizes=\"auto, (max-width: 225px) 100vw, 225px\" \/><\/figure><\/div>\n\n\n\n<figure class=\"wp-block-image\"><img loading=\"lazy\" decoding=\"async\" width=\"216\" height=\"300\" src=\"http:\/\/www.meinweinkeller.ch\/weinclub\/wp-content\/uploads\/2019\/06\/IMG_7245-216x300.jpg\" alt=\"\" class=\"wp-image-4186\" srcset=\"https:\/\/www.meinweinkeller.ch\/weinclub\/wp-content\/uploads\/2019\/06\/IMG_7245-216x300.jpg 216w, https:\/\/www.meinweinkeller.ch\/weinclub\/wp-content\/uploads\/2019\/06\/IMG_7245-768x1067.jpg 768w, https:\/\/www.meinweinkeller.ch\/weinclub\/wp-content\/uploads\/2019\/06\/IMG_7245-737x1024.jpg 737w\" sizes=\"auto, (max-width: 216px) 100vw, 216px\" \/><\/figure>\n","protected":false},"excerpt":{"rendered":"<p>Wir reisten mit dem Champagner-Sommelier Ruedi durch die Champagne und erkundeten die verschiedenen Regionen und ihre Typizit\u00e4ten. Vielen Dank, Ruedi, f\u00fcr den sehr spannenden Abend! Getrunkene Weine: H\u00e9ritage 85 Brut Champagne, Laurent Lequart: Zum Auftakt ein Cuv\u00e9e, um erst mal &hellip; <a href=\"https:\/\/www.meinweinkeller.ch\/weinclub\/donnerstag-degustationen\/donnerstag-20-juni-2019-von-blanc-de-blanc-nach-blanc-de-blanc\/\">Weiterlesen <span class=\"meta-nav\">&rarr;<\/span><\/a><\/p>\n","protected":false},"author":1,"featured_media":1956,"comment_status":"closed","ping_status":"closed","sticky":false,"template":"","format":"standard","meta":{"footnotes":""},"categories":[4],"tags":[],"class_list":["post-4164","post","type-post","status-publish","format-standard","has-post-thumbnail","hentry","category-donnerstag-degustationen"],"_links":{"self":[{"href":"https:\/\/www.meinweinkeller.ch\/weinclub\/wp-json\/wp\/v2\/posts\/4164","targetHints":{"allow":["GET"]}}],"collection":[{"href":"https:\/\/www.meinweinkeller.ch\/weinclub\/wp-json\/wp\/v2\/posts"}],"about":[{"href":"https:\/\/www.meinweinkeller.ch\/weinclub\/wp-json\/wp\/v2\/types\/post"}],"author":[{"embeddable":true,"href":"https:\/\/www.meinweinkeller.ch\/weinclub\/wp-json\/wp\/v2\/users\/1"}],"replies":[{"embeddable":true,"href":"https:\/\/www.meinweinkeller.ch\/weinclub\/wp-json\/wp\/v2\/comments?post=4164"}],"version-history":[{"count":8,"href":"https:\/\/www.meinweinkeller.ch\/weinclub\/wp-json\/wp\/v2\/posts\/4164\/revisions"}],"predecessor-version":[{"id":4193,"href":"https:\/\/www.meinweinkeller.ch\/weinclub\/wp-json\/wp\/v2\/posts\/4164\/revisions\/4193"}],"wp:featuredmedia":[{"embeddable":true,"href":"https:\/\/www.meinweinkeller.ch\/weinclub\/wp-json\/wp\/v2\/media\/1956"}],"wp:attachment":[{"href":"https:\/\/www.meinweinkeller.ch\/weinclub\/wp-json\/wp\/v2\/media?parent=4164"}],"wp:term":[{"taxonomy":"category","embeddable":true,"href":"https:\/\/www.meinweinkeller.ch\/weinclub\/wp-json\/wp\/v2\/categories?post=4164"},{"taxonomy":"post_tag","embeddable":true,"href":"https:\/\/www.meinweinkeller.ch\/weinclub\/wp-json\/wp\/v2\/tags?post=4164"}],"curies":[{"name":"wp","href":"https:\/\/api.w.org\/{rel}","templated":true}]}}