{"id":3825,"date":"2018-08-21T16:31:01","date_gmt":"2018-08-21T16:31:01","guid":{"rendered":"http:\/\/www.meinweinkeller.ch\/weinclub\/?p=3825"},"modified":"2018-09-01T18:36:01","modified_gmt":"2018-09-01T18:36:01","slug":"donnerstag-23-august-2018-noerdliche-rhone","status":"publish","type":"post","link":"https:\/\/www.meinweinkeller.ch\/weinclub\/donnerstag-degustationen\/donnerstag-23-august-2018-noerdliche-rhone\/","title":{"rendered":"Donnerstag, 23. August 2018: N\u00f6rdliche Rhone"},"content":{"rendered":"<p>Degustierte Weine:<\/p>\n<p>Viognier 2014, Yves Cuilleron: An der Nase buttrig und Fruchtcocktail, leicht g\u00fcmmelig; am Gaumen buttrig, eher leicht und kurz, aber einfach und sch\u00f6n<\/p>\n<p>Condrieu 1995, Clos Boucher, Delas Fr\u00e8re: Goldgelb und an der Nase und am Gaumen etwas Sauterne Affinit\u00e4t &#8211; buttrig, Aprikosen, feine Frucht, etwas apfelig<\/p>\n<p>Condrieu 2015, E. Guigal: Umwerfende Nase, sch\u00f6n laktisch, leicht g\u00fcmmelig; am Gaumen dicht, buttrig, leicht nussig, mandelig<\/p>\n<p>Cotes du Rhone 1997, E. Guigal: vorbei<\/p>\n<p>Saint Joseph 2014, Gerard Courbis: Mineralisch, laktisch, Zwetschgen, kr\u00e4ftig, rostiges Eisen, Tanin &#8211; \u00f6ffnet sich nach und nach<\/p>\n<p>Crozes-Hermitage 1991, Les Meysonniers, Chapoutier: reife Fr\u00fcchte, \u00fcberreife Zwetschgen, stahlig, sch\u00f6ne Harznote<\/p>\n<p>Crozes-Hermitage 2014, Les Meysonniers, Chapoutier: Zwetschgen, Kirschen, milchig, saftig, pfeffrig, S\u00e4ure &#8211; viel zu jung<\/p>\n<p>Crozes-Hermitage 2012, Sil\u00e8ne, J.L. Chave: Zwetschgen und Kirschen, S\u00e4ure und Tanin, noch recht angriffig<\/p>\n<p>Cote Roti 1995, Les Jamelles, Paul Jaboulet Ain\u00e9: In der Nase Pferdestall, Speck, Tabak, Lakritze, Espresso; am Gaumen S\u00fcssholz, Sauerkirschen, Lekritz, Tabak, Espresso, langer genialer Abgang &#8211; ein m\u00e4nnlicher Wein<\/p>\n<p>Cote Roti, M. Chapoutier: An der Nase Zwetschgencreme und Stall, Am Gaumen klassisch und baut Druck auf! Kirschen, lebendige S\u00e4ure, Tanin, lang<\/p>\n<p>Hermitage, Velours 1982, M. Chapoutier: In der Nase Blumen und Caramel; am Gaumen Honig, Hefeton, Caramel, sch\u00f6n oxidiert, Jerrynote, lang<\/p>\n<p>&nbsp;<\/p>\n","protected":false},"excerpt":{"rendered":"<p>Degustierte Weine: Viognier 2014, Yves Cuilleron: An der Nase buttrig und Fruchtcocktail, leicht g\u00fcmmelig; am Gaumen buttrig, eher leicht und kurz, aber einfach und sch\u00f6n Condrieu 1995, Clos Boucher, Delas Fr\u00e8re: Goldgelb und an der Nase und am Gaumen etwas &hellip; <a href=\"https:\/\/www.meinweinkeller.ch\/weinclub\/donnerstag-degustationen\/donnerstag-23-august-2018-noerdliche-rhone\/\">Weiterlesen <span class=\"meta-nav\">&rarr;<\/span><\/a><\/p>\n","protected":false},"author":1,"featured_media":3827,"comment_status":"closed","ping_status":"closed","sticky":false,"template":"","format":"standard","meta":{"footnotes":""},"categories":[4],"tags":[],"class_list":["post-3825","post","type-post","status-publish","format-standard","has-post-thumbnail","hentry","category-donnerstag-degustationen"],"_links":{"self":[{"href":"https:\/\/www.meinweinkeller.ch\/weinclub\/wp-json\/wp\/v2\/posts\/3825","targetHints":{"allow":["GET"]}}],"collection":[{"href":"https:\/\/www.meinweinkeller.ch\/weinclub\/wp-json\/wp\/v2\/posts"}],"about":[{"href":"https:\/\/www.meinweinkeller.ch\/weinclub\/wp-json\/wp\/v2\/types\/post"}],"author":[{"embeddable":true,"href":"https:\/\/www.meinweinkeller.ch\/weinclub\/wp-json\/wp\/v2\/users\/1"}],"replies":[{"embeddable":true,"href":"https:\/\/www.meinweinkeller.ch\/weinclub\/wp-json\/wp\/v2\/comments?post=3825"}],"version-history":[{"count":3,"href":"https:\/\/www.meinweinkeller.ch\/weinclub\/wp-json\/wp\/v2\/posts\/3825\/revisions"}],"predecessor-version":[{"id":3846,"href":"https:\/\/www.meinweinkeller.ch\/weinclub\/wp-json\/wp\/v2\/posts\/3825\/revisions\/3846"}],"wp:featuredmedia":[{"embeddable":true,"href":"https:\/\/www.meinweinkeller.ch\/weinclub\/wp-json\/wp\/v2\/media\/3827"}],"wp:attachment":[{"href":"https:\/\/www.meinweinkeller.ch\/weinclub\/wp-json\/wp\/v2\/media?parent=3825"}],"wp:term":[{"taxonomy":"category","embeddable":true,"href":"https:\/\/www.meinweinkeller.ch\/weinclub\/wp-json\/wp\/v2\/categories?post=3825"},{"taxonomy":"post_tag","embeddable":true,"href":"https:\/\/www.meinweinkeller.ch\/weinclub\/wp-json\/wp\/v2\/tags?post=3825"}],"curies":[{"name":"wp","href":"https:\/\/api.w.org\/{rel}","templated":true}]}}