{"id":3682,"date":"2018-04-01T21:43:23","date_gmt":"2018-04-01T21:43:23","guid":{"rendered":"http:\/\/www.meinweinkeller.ch\/weinclub\/?p=3682"},"modified":"2018-04-06T06:19:04","modified_gmt":"2018-04-06T06:19:04","slug":"donnerstag-5-april-2018-chateau-faugeres","status":"publish","type":"post","link":"https:\/\/www.meinweinkeller.ch\/weinclub\/donnerstag-degustationen\/donnerstag-5-april-2018-chateau-faugeres\/","title":{"rendered":"Donnerstag, 5. April 2018: Serie Bordeaux &#8211; Ch\u00e2teau Faug\u00e8res"},"content":{"rendered":"<p>&nbsp;<\/p>\n<p>Getrunkene Weine:<\/p>\n<p><strong>&#8211; Ch\u00e2teau Faug\u00e8res blanc 2015:\u00a0<\/strong>Lindenbl\u00fcten, floral, Grapefruit. Am Gaumen fehlt es etwas an Druck, die S\u00e4ure d\u00fcrfte pr\u00e4senter sein.<\/p>\n<p><strong>&#8211; Cap de Faug\u00e8res 1992:\u00a0<\/strong>Keineswegs schon tot wie bef\u00fcrchtet: die Frucht ist zwar weg, aber an den Waldbodennoten inklusive Pilzen l\u00e4sst sich gut rumschn\u00fcffeln. Am Gaumen dann bitter, unharmonisch. Der Wein war wahrscheinlich nie besser.<\/p>\n<p><strong>&#8211; Haut Faug\u00e8res 2004: <\/strong>Schwarze Fr\u00fcchte, interessante mineralische Noten, erdig; am Gaumen leicht bitter, wirkt eher einfach gestrickt.<\/p>\n<p><strong>&#8211; La Mouleyre Cap de Faug\u00e8res\u00a0 2012: <\/strong>Sehr fruchtig. Cassis, Vanille, Karamell, schwarze Schokolade. Am Gaumen saftig und dicht, mit sehr guter L\u00e4nge.<\/p>\n<p><strong>&#8211; Le Merle de Peby Faug\u00e8res 2010: <\/strong>Sehr kr\u00e4ftige Nase. Schwarze Schokolade, dunkle reife Beeren, recht opulent. Nicht typisch Merlot, erinnert eher an Ribera del Duero oder Toro. Am Gaumen dann mit enormem Druck, sehr breit und lang anhaltend. Toll!<\/p>\n<p><a href=\"http:\/\/www.meinweinkeller.ch\/weinclub\/wp-content\/uploads\/2018\/04\/IMG_8305.jpg\"><img loading=\"lazy\" decoding=\"async\" class=\"alignnone size-full wp-image-3689\" src=\"http:\/\/www.meinweinkeller.ch\/weinclub\/wp-content\/uploads\/2018\/04\/IMG_8305.jpg\" alt=\"\" width=\"3596\" height=\"2771\" srcset=\"https:\/\/www.meinweinkeller.ch\/weinclub\/wp-content\/uploads\/2018\/04\/IMG_8305.jpg 3596w, https:\/\/www.meinweinkeller.ch\/weinclub\/wp-content\/uploads\/2018\/04\/IMG_8305-300x231.jpg 300w, https:\/\/www.meinweinkeller.ch\/weinclub\/wp-content\/uploads\/2018\/04\/IMG_8305-768x592.jpg 768w, https:\/\/www.meinweinkeller.ch\/weinclub\/wp-content\/uploads\/2018\/04\/IMG_8305-1024x789.jpg 1024w, https:\/\/www.meinweinkeller.ch\/weinclub\/wp-content\/uploads\/2018\/04\/IMG_8305-389x300.jpg 389w\" sizes=\"auto, (max-width: 3596px) 100vw, 3596px\" \/><\/a><\/p>\n<p>Und hier die Gesamtkollektion Faug\u00e8res &#8211; die nicht ge\u00f6ffneten Flaschen trinken wir dann ein ander Mal, wenn mehr Mitglieder anwesend sind&#8230;<\/p>\n<p><a href=\"http:\/\/www.meinweinkeller.ch\/weinclub\/wp-content\/uploads\/2018\/04\/IMG_8304.jpg\"><img loading=\"lazy\" decoding=\"async\" class=\"alignnone size-full wp-image-3690\" src=\"http:\/\/www.meinweinkeller.ch\/weinclub\/wp-content\/uploads\/2018\/04\/IMG_8304.jpg\" alt=\"\" width=\"4032\" height=\"3024\" srcset=\"https:\/\/www.meinweinkeller.ch\/weinclub\/wp-content\/uploads\/2018\/04\/IMG_8304.jpg 4032w, https:\/\/www.meinweinkeller.ch\/weinclub\/wp-content\/uploads\/2018\/04\/IMG_8304-300x225.jpg 300w, https:\/\/www.meinweinkeller.ch\/weinclub\/wp-content\/uploads\/2018\/04\/IMG_8304-768x576.jpg 768w, https:\/\/www.meinweinkeller.ch\/weinclub\/wp-content\/uploads\/2018\/04\/IMG_8304-1024x768.jpg 1024w, https:\/\/www.meinweinkeller.ch\/weinclub\/wp-content\/uploads\/2018\/04\/IMG_8304-400x300.jpg 400w\" sizes=\"auto, (max-width: 4032px) 100vw, 4032px\" \/><\/a><\/p>\n","protected":false},"excerpt":{"rendered":"<p>&nbsp; Getrunkene Weine: &#8211; Ch\u00e2teau Faug\u00e8res blanc 2015:\u00a0Lindenbl\u00fcten, floral, Grapefruit. Am Gaumen fehlt es etwas an Druck, die S\u00e4ure d\u00fcrfte pr\u00e4senter sein. &#8211; Cap de Faug\u00e8res 1992:\u00a0Keineswegs schon tot wie bef\u00fcrchtet: die Frucht ist zwar weg, aber an den Waldbodennoten &hellip; <a href=\"https:\/\/www.meinweinkeller.ch\/weinclub\/donnerstag-degustationen\/donnerstag-5-april-2018-chateau-faugeres\/\">Weiterlesen <span class=\"meta-nav\">&rarr;<\/span><\/a><\/p>\n","protected":false},"author":1,"featured_media":0,"comment_status":"closed","ping_status":"closed","sticky":false,"template":"","format":"standard","meta":{"footnotes":""},"categories":[4],"tags":[],"class_list":["post-3682","post","type-post","status-publish","format-standard","hentry","category-donnerstag-degustationen"],"_links":{"self":[{"href":"https:\/\/www.meinweinkeller.ch\/weinclub\/wp-json\/wp\/v2\/posts\/3682","targetHints":{"allow":["GET"]}}],"collection":[{"href":"https:\/\/www.meinweinkeller.ch\/weinclub\/wp-json\/wp\/v2\/posts"}],"about":[{"href":"https:\/\/www.meinweinkeller.ch\/weinclub\/wp-json\/wp\/v2\/types\/post"}],"author":[{"embeddable":true,"href":"https:\/\/www.meinweinkeller.ch\/weinclub\/wp-json\/wp\/v2\/users\/1"}],"replies":[{"embeddable":true,"href":"https:\/\/www.meinweinkeller.ch\/weinclub\/wp-json\/wp\/v2\/comments?post=3682"}],"version-history":[{"count":3,"href":"https:\/\/www.meinweinkeller.ch\/weinclub\/wp-json\/wp\/v2\/posts\/3682\/revisions"}],"predecessor-version":[{"id":3691,"href":"https:\/\/www.meinweinkeller.ch\/weinclub\/wp-json\/wp\/v2\/posts\/3682\/revisions\/3691"}],"wp:attachment":[{"href":"https:\/\/www.meinweinkeller.ch\/weinclub\/wp-json\/wp\/v2\/media?parent=3682"}],"wp:term":[{"taxonomy":"category","embeddable":true,"href":"https:\/\/www.meinweinkeller.ch\/weinclub\/wp-json\/wp\/v2\/categories?post=3682"},{"taxonomy":"post_tag","embeddable":true,"href":"https:\/\/www.meinweinkeller.ch\/weinclub\/wp-json\/wp\/v2\/tags?post=3682"}],"curies":[{"name":"wp","href":"https:\/\/api.w.org\/{rel}","templated":true}]}}