{"id":362,"date":"2012-05-18T14:24:48","date_gmt":"2012-05-18T12:24:48","guid":{"rendered":"http:\/\/www.meinweinkeller.ch\/weinclub\/uncategorized\/do-degustation-vom-24-mai-2012-grosse-toscana-schlemmerei-1\/"},"modified":"2012-05-18T14:24:48","modified_gmt":"2012-05-18T12:24:48","slug":"do-degustation-vom-24-mai-2012-grosse-toscana-schlemmerei-1","status":"publish","type":"post","link":"https:\/\/www.meinweinkeller.ch\/weinclub\/donnerstag-degustationen\/do-degustation-vom-24-mai-2012-grosse-toscana-schlemmerei-1\/","title":{"rendered":"Do-Degustation vom  24. Mai 2012: grosse Toscana Schlemmerei 1"},"content":{"rendered":"<p>Otti und Jorge waren auf Schlemmereinkauf in der Toscana. K\u00f6stlichkeiten, Wein, Oliven\u00f6le und Balsamicos &#8211; mmmh, war das ein Schlemmerabend! Und weil es soviele feine Sachen sind gibts am 31. Mai einen zweiten Teil &#8230;.<br \/>Zur Degustation bereitgestellt waren 8 der besten Oliven\u00f6le der Toscana (gem\u00e4ss Merum Oliven\u00f6l Degustation), <br \/>5 herrliche Acetos Balsamico und Weinempfehlungen von aufgestellten Capos del diferente Enotecas in der Toscana mit kleinen eher unbekannten Toscana Trouvaillen.<br \/>&#8230;. und nat\u00fcrlich Leckereien wie Wildschweinsalami, Parmaschinken, Peccorino in Weintrester, Mozarella di Buffalo, Toscana-Speck am Kr\u00e4utermantel und und und &#8230;. <\/p>\n<p>Degustierte Weine:<\/p>\n<p>&#8211; Chianti Classico 2009, Podere Castellinuzza<br \/>&#8211; Chianti Classico Riserva Altiero 2008, Paolo Baldini<br \/>&#8211; Chianti Classico Riserva 2008, Renzo Marinai<br \/>&#8211; Chianti Classico Riserva Bibbiano 2007, V. del Capannino<br \/>&#8211; Sonora 2009, Vedi Torre<\/p>\n<p>Fotos: Im Weinkeller von Petrolo: Galatrona, in der Enoteca bei der Weinauswahl mit Antonio, auf der Terasse ein paar gluschtige Sachen zusammengestellt &#8230;. mmmmhhhh<\/p>\n<p><img decoding=\"async\" src=\"http:\/\/meinweinkeller.blogg.de\/files\/2012\/07\/img_195.jpg\" \/><img decoding=\"async\" src=\"http:\/\/meinweinkeller.blogg.de\/files\/2012\/07\/img_1964.jpg\" \/><img decoding=\"async\" src=\"http:\/\/meinweinkeller.blogg.de\/files\/2012\/07\/img_197.jpg\" \/><br \/>\n<!--more--><br \/>\n<br \/>&#8211; Chianti Classico 2009, Podere Castellinuzza:<br \/>Mittlere bis helle Farbe; eher einfaches Bukett, Lakritze, etwas Frucht; am Gaumen zuviel CO2, nicht ganz harmonisch, einfach.<\/p>\n<p>&#8211; Chianti Classico Riserva Altiero 2008, Paolo Baldini:<br \/>Etwas Holz, schwarze Beeren, Lakritze, edel; am Gaumen breit, mittellang.<\/p>\n<p>&#8211; Chianti Classico Riserva 2008, Renzo Marinai:<br \/>R\u00f6staromen, schwarze Beeren, fruchtig; am Gaumen breit, Abgang lang, Tannine noch nicht abgebaut.<\/p>\n<p>&#8211; Chianti Classico Riserva Bibbiano 2007, V. del Capannino:<br \/>Schwarze Kirschen, Holz, w\u00fcrzig, nobel; am Gaumen wenig Holz, breit, modern, vielschichtig, langes Finale. Beeindruckend.<\/p>\n<p>&#8211; Sonora 2009, Vedi Torre:<br \/>Violette Farbe; Cassis, Cranberry, S\u00fcssholz; am Gaumen s\u00fcsslich, aber gehaltvoll, bleibt lang, wirkt exotisch, aber keinesfalls plump &#8211; spannend!<\/p>\n","protected":false},"excerpt":{"rendered":"<p>Otti und Jorge waren auf Schlemmereinkauf in der Toscana. K\u00f6stlichkeiten, Wein, Oliven\u00f6le und Balsamicos &#8211; mmmh, war das ein Schlemmerabend! Und weil es soviele feine Sachen sind gibts am 31. Mai einen zweiten Teil &#8230;.Zur Degustation bereitgestellt waren 8 der &hellip; <a href=\"https:\/\/www.meinweinkeller.ch\/weinclub\/donnerstag-degustationen\/do-degustation-vom-24-mai-2012-grosse-toscana-schlemmerei-1\/\">Weiterlesen <span class=\"meta-nav\">&rarr;<\/span><\/a><\/p>\n","protected":false},"author":1,"featured_media":0,"comment_status":"open","ping_status":"open","sticky":false,"template":"","format":"standard","meta":{"footnotes":""},"categories":[4],"tags":[],"class_list":["post-362","post","type-post","status-publish","format-standard","hentry","category-donnerstag-degustationen"],"_links":{"self":[{"href":"https:\/\/www.meinweinkeller.ch\/weinclub\/wp-json\/wp\/v2\/posts\/362","targetHints":{"allow":["GET"]}}],"collection":[{"href":"https:\/\/www.meinweinkeller.ch\/weinclub\/wp-json\/wp\/v2\/posts"}],"about":[{"href":"https:\/\/www.meinweinkeller.ch\/weinclub\/wp-json\/wp\/v2\/types\/post"}],"author":[{"embeddable":true,"href":"https:\/\/www.meinweinkeller.ch\/weinclub\/wp-json\/wp\/v2\/users\/1"}],"replies":[{"embeddable":true,"href":"https:\/\/www.meinweinkeller.ch\/weinclub\/wp-json\/wp\/v2\/comments?post=362"}],"version-history":[{"count":0,"href":"https:\/\/www.meinweinkeller.ch\/weinclub\/wp-json\/wp\/v2\/posts\/362\/revisions"}],"wp:attachment":[{"href":"https:\/\/www.meinweinkeller.ch\/weinclub\/wp-json\/wp\/v2\/media?parent=362"}],"wp:term":[{"taxonomy":"category","embeddable":true,"href":"https:\/\/www.meinweinkeller.ch\/weinclub\/wp-json\/wp\/v2\/categories?post=362"},{"taxonomy":"post_tag","embeddable":true,"href":"https:\/\/www.meinweinkeller.ch\/weinclub\/wp-json\/wp\/v2\/tags?post=362"}],"curies":[{"name":"wp","href":"https:\/\/api.w.org\/{rel}","templated":true}]}}