{"id":3573,"date":"2017-12-09T17:44:12","date_gmt":"2017-12-09T17:44:12","guid":{"rendered":"http:\/\/www.meinweinkeller.ch\/weinclub\/?p=3573"},"modified":"2017-12-10T14:11:12","modified_gmt":"2017-12-10T14:11:12","slug":"donnerstag-14-dezember-2016-keine-degustation-meinweinkeller-ist-am-feiern-wir-wuenschen-allen-schoene-festtage-und-freuen-uns-auf-ein-wiedersehen-im-2018","status":"publish","type":"post","link":"https:\/\/www.meinweinkeller.ch\/weinclub\/donnerstag-degustationen\/donnerstag-14-dezember-2016-keine-degustation-meinweinkeller-ist-am-feiern-wir-wuenschen-allen-schoene-festtage-und-freuen-uns-auf-ein-wiedersehen-im-2018\/","title":{"rendered":"Donnerstag, 14. Dezember 2016: keine Degustation \u2013 MeinWeinkeller ist am Feiern! Wir w\u00fcnschen allen sch\u00f6ne Festtage und freuen uns auf ein Wiedersehen im 2018!"},"content":{"rendered":"<p>Traditionsgem\u00e4ss feiert MeinWeinkeller mit seinen treuen geladenen Magnummitgliedern die Wein-Nachten.<\/p>\n<p>Aus diesem Grund findet keine \u00f6ffentliche Degustation statt.<\/p>\n<p>Wir w\u00fcnschen allen Weinfreaks gen\u00fcssliche Festtage und wir freuen uns auf ein Wiedersehen ab <strong>11. Januar 2018<\/strong> im Weinclub!<\/p>\n<p><a href=\"http:\/\/www.meinweinkeller.ch\/weinclub\/wp-content\/uploads\/2017\/07\/IMG_0777.jpg\"><img loading=\"lazy\" decoding=\"async\" class=\"alignnone size-medium wp-image-3424\" src=\"http:\/\/www.meinweinkeller.ch\/weinclub\/wp-content\/uploads\/2017\/07\/IMG_0777-200x300.jpg\" alt=\"\" width=\"200\" height=\"300\" srcset=\"https:\/\/www.meinweinkeller.ch\/weinclub\/wp-content\/uploads\/2017\/07\/IMG_0777-200x300.jpg 200w, https:\/\/www.meinweinkeller.ch\/weinclub\/wp-content\/uploads\/2017\/07\/IMG_0777-768x1151.jpg 768w, https:\/\/www.meinweinkeller.ch\/weinclub\/wp-content\/uploads\/2017\/07\/IMG_0777-683x1024.jpg 683w, https:\/\/www.meinweinkeller.ch\/weinclub\/wp-content\/uploads\/2017\/07\/IMG_0777.jpg 1804w\" sizes=\"auto, (max-width: 200px) 100vw, 200px\" \/><\/a><a href=\"http:\/\/www.meinweinkeller.ch\/weinclub\/wp-content\/uploads\/2015\/07\/IMG_1842.jpg\"><img loading=\"lazy\" decoding=\"async\" class=\"size-medium wp-image-2638 alignright\" src=\"http:\/\/www.meinweinkeller.ch\/weinclub\/wp-content\/uploads\/2015\/07\/IMG_1842-300x224.jpg\" alt=\"\" width=\"300\" height=\"224\" srcset=\"https:\/\/www.meinweinkeller.ch\/weinclub\/wp-content\/uploads\/2015\/07\/IMG_1842-300x224.jpg 300w, https:\/\/www.meinweinkeller.ch\/weinclub\/wp-content\/uploads\/2015\/07\/IMG_1842-1024x765.jpg 1024w, https:\/\/www.meinweinkeller.ch\/weinclub\/wp-content\/uploads\/2015\/07\/IMG_1842-402x300.jpg 402w\" sizes=\"auto, (max-width: 300px) 100vw, 300px\" \/><\/a><\/p>\n<p>&nbsp;<\/p>\n","protected":false},"excerpt":{"rendered":"<p>Traditionsgem\u00e4ss feiert MeinWeinkeller mit seinen treuen geladenen Magnummitgliedern die Wein-Nachten. Aus diesem Grund findet keine \u00f6ffentliche Degustation statt. Wir w\u00fcnschen allen Weinfreaks gen\u00fcssliche Festtage und wir freuen uns auf ein Wiedersehen ab 11. Januar 2018 im Weinclub! &nbsp;<\/p>\n","protected":false},"author":1,"featured_media":2901,"comment_status":"closed","ping_status":"closed","sticky":false,"template":"","format":"standard","meta":{"footnotes":""},"categories":[4],"tags":[],"class_list":["post-3573","post","type-post","status-publish","format-standard","has-post-thumbnail","hentry","category-donnerstag-degustationen"],"_links":{"self":[{"href":"https:\/\/www.meinweinkeller.ch\/weinclub\/wp-json\/wp\/v2\/posts\/3573","targetHints":{"allow":["GET"]}}],"collection":[{"href":"https:\/\/www.meinweinkeller.ch\/weinclub\/wp-json\/wp\/v2\/posts"}],"about":[{"href":"https:\/\/www.meinweinkeller.ch\/weinclub\/wp-json\/wp\/v2\/types\/post"}],"author":[{"embeddable":true,"href":"https:\/\/www.meinweinkeller.ch\/weinclub\/wp-json\/wp\/v2\/users\/1"}],"replies":[{"embeddable":true,"href":"https:\/\/www.meinweinkeller.ch\/weinclub\/wp-json\/wp\/v2\/comments?post=3573"}],"version-history":[{"count":4,"href":"https:\/\/www.meinweinkeller.ch\/weinclub\/wp-json\/wp\/v2\/posts\/3573\/revisions"}],"predecessor-version":[{"id":3579,"href":"https:\/\/www.meinweinkeller.ch\/weinclub\/wp-json\/wp\/v2\/posts\/3573\/revisions\/3579"}],"wp:featuredmedia":[{"embeddable":true,"href":"https:\/\/www.meinweinkeller.ch\/weinclub\/wp-json\/wp\/v2\/media\/2901"}],"wp:attachment":[{"href":"https:\/\/www.meinweinkeller.ch\/weinclub\/wp-json\/wp\/v2\/media?parent=3573"}],"wp:term":[{"taxonomy":"category","embeddable":true,"href":"https:\/\/www.meinweinkeller.ch\/weinclub\/wp-json\/wp\/v2\/categories?post=3573"},{"taxonomy":"post_tag","embeddable":true,"href":"https:\/\/www.meinweinkeller.ch\/weinclub\/wp-json\/wp\/v2\/tags?post=3573"}],"curies":[{"name":"wp","href":"https:\/\/api.w.org\/{rel}","templated":true}]}}