{"id":3469,"date":"2017-09-16T06:49:48","date_gmt":"2017-09-16T06:49:48","guid":{"rendered":"http:\/\/www.meinweinkeller.ch\/weinclub\/?p=3469"},"modified":"2017-09-24T09:24:54","modified_gmt":"2017-09-24T09:24:54","slug":"frontag-21-september-2017-wallis-waadt-westschweiz","status":"publish","type":"post","link":"https:\/\/www.meinweinkeller.ch\/weinclub\/donnerstag-degustationen\/frontag-21-september-2017-wallis-waadt-westschweiz\/","title":{"rendered":"Frontag, 21. September 2017: Wallis &#8211; Waadt &#8211; Westschweiz!"},"content":{"rendered":"<p>T\u00fco de nid gad zgidannt triichu&#8230;\u00a0\u00a0\u00a0 Denkste &#8211; mit 17 Weinen haben wir wahrscheinlich einen neuen Quantit\u00e4tsrekord aufgestellt&#8230;<\/p>\n<p><strong>&#8211; Nectar d&#8217;Ambre Brut 2012, St\u00e9phane Gros (Kt Genf): <\/strong>Weisse Grapefruitnoten, Holunder, Pfirsich, Pomelo; am Gaumen trocken, fadengrad, mundf\u00fcllendes Agrumenabenteuer.<\/p>\n<p><strong>&#8211; Sauvignon Gris Le Savant 2013, La Cave de Gen\u00e8ve (Kt Genf): <\/strong>Litschi, Stachelbeeren, Lindenbl\u00fctentee, Eisz\u00e4ltli; am Gaumen eher kurzatmig, ohne st\u00fctzende S\u00e4ure.<\/p>\n<p><strong>&#8211; Grand Cru Morges 2013, Bolle (Kt Waadt, La C\u00f4te): <\/strong>Williamsbirne, Traubenzucker, Lindenbl\u00fcten; am Gaumen buttrig, sch\u00f6n cremig, mittellang.<\/p>\n<p><strong>&#8211; F\u00e9chy Bayel La Colombe 2013, Domaine La Colombe (Kt Waadt, La C\u00f4te): <\/strong>Feuerstein, wieder Lindenbl\u00fcte, Zitrusfrucht, mineralisch fein; am Gaumen fehlt etwas die Frische.<\/p>\n<p><strong>&#8211; Saint-Saphorin Le Magistrat 2014, Neyroud-Fonjallaz (Kt Waadt, Lavaux): <\/strong>sch\u00f6ne Fruchtigkeit, mineralische Noten, sehr ausgewogener Chasselas mit sch\u00f6ner S\u00e4urestruktur.<\/p>\n<p><strong>&#8211; Yvorne Chant des Resses 2016, Label Or Terravin (Kt Waadt, Chablais): <\/strong>Muskatnuss, Nordpolz\u00e4ltli, aufgesetzte S\u00fcsse, leicht bitterer Abgang. Zu einfach.<\/p>\n<p><strong>&#8211; D\u00e9zalay Millesime 2009, Domaine Bovy (Kt Waadt, Lavaux): <\/strong>Kamille, geschmolzene Butter, mineralisch, Honig; am Gaumen Heuballen, salziger, langer Abgang. Wundersch\u00f6n gereifter Chasselas!<\/p>\n<p><strong>&#8211; Chardonnay Grand Cru Lonay 2013, Jean-Fran\u00e7ois Croisier (Kt Waadt, La C\u00f4te): <\/strong>Kork.<\/p>\n<p><strong>&#8211; Pinot Gris noblesse attire 2012, I. &amp; S. Kellenberger (Kt Wallis, Leuk): <\/strong>Etwas Sweet Corn, Tannensch\u00f6sslinge, schon recht weit, am Gaumen fehlt es etwas an Frische.<\/p>\n<p><strong>&#8211; Les Vins de Philippe Chevrier Merlot\/Caberne Sauv. 2012, La Cave de Gen\u00e8ve (Kt Genf): <\/strong>R\u00f6staromatik, recht fruchtig, Merlot dr\u00fcckt durch; am Gaumen Efeu, leicht C02, mittellang.<\/p>\n<p><strong>&#8211; Relais C\u00e9pages Nobles Chardonne 2014, Neyroud-Fonjallaz (Kt Waadt, Lavaux): <\/strong>Pinot Noir, Gamay und Gamaret. Wirkt unharmonisch, viel zuviel animalische Noten, ist da was mit der Flasche passiert?<\/p>\n<p><strong>&#8211; Pinot Noir Bielersee 2014, Tschanz (Kt Bern): <\/strong>Himbeeren, S\u00fcssholz, sehr fruchtig, fast schon \u00fcppig s\u00fcss; am Gaumen weich und rund, wieder viel S\u00fcssholz.<\/p>\n<p>&#8211;<strong> Humagne Rouge Ma\u00eetre de Chais R\u00e9serve Speciale 2011, Provins (Kt Wallis): <\/strong>Teer, R\u00f6staromen, feurig, viel Graphit, typische Tabaknoten, am Gaumen mit leicht gr\u00fcnen Noten, aber viel Druck.<\/p>\n<p><strong>&#8211; Cayas Syrah R\u00e9serve 2010, Jean-Ren\u00e9 Germanier (Kt Wallis): <\/strong>Kaffeenoten, Rauchspeck, w\u00fcrzig, Cayennepfeffer; am Gaumen floraler Touch, voller K\u00f6rper, gute L\u00e4nge!<\/p>\n<p><strong>&#8211; Tourbillon Grains Nobles d&#8217;Ermitage 1995, Provins (Kt Wallis): <\/strong>Wer h\u00e4tte das gedacht, dass dieser S\u00fcsswein noch trinkbar ist &#8211; aber er ist es, und wie! Reife bis \u00fcberreife Quitten, zu Tode ged\u00f6rrte Aprikosen, fermentierte N\u00fcsse, sicher passend zu Blauschimmelk\u00e4se.<\/p>\n<p><strong>&#8211; Elixir Vendange Tardive 2005, Hammel (Kt Waadt): <\/strong>Sweet Corn, Ananassaft, eine Prise Safran, sehr s\u00fcss, st\u00fctzende S\u00e4ure &#8211; hervorragender S\u00fcsswein!<\/p>\n<p><strong>&#8211; Grain Cinq 2013, Marie-Th\u00e9r\u00e8se Chappaz (Kt Wallis): <\/strong>F\u00fcnf weisse Rebsorten zu einem Wein vereint &#8211; furztrocken, Zitrusfr\u00fcchte, Ananas, mit tragender S\u00e4ure. Und wir Banausen dachten, der sei s\u00fcss&#8230;<\/p>\n<p>&nbsp;<\/p>\n<p><a href=\"http:\/\/www.meinweinkeller.ch\/weinclub\/wp-content\/uploads\/2017\/09\/IMG_2753.jpg\"><img loading=\"lazy\" decoding=\"async\" class=\"alignnone size-full wp-image-3476\" src=\"http:\/\/www.meinweinkeller.ch\/weinclub\/wp-content\/uploads\/2017\/09\/IMG_2753.jpg\" alt=\"\" width=\"3128\" height=\"818\" srcset=\"https:\/\/www.meinweinkeller.ch\/weinclub\/wp-content\/uploads\/2017\/09\/IMG_2753.jpg 3128w, https:\/\/www.meinweinkeller.ch\/weinclub\/wp-content\/uploads\/2017\/09\/IMG_2753-300x78.jpg 300w, https:\/\/www.meinweinkeller.ch\/weinclub\/wp-content\/uploads\/2017\/09\/IMG_2753-768x201.jpg 768w, https:\/\/www.meinweinkeller.ch\/weinclub\/wp-content\/uploads\/2017\/09\/IMG_2753-1024x268.jpg 1024w, https:\/\/www.meinweinkeller.ch\/weinclub\/wp-content\/uploads\/2017\/09\/IMG_2753-500x131.jpg 500w\" sizes=\"auto, (max-width: 3128px) 100vw, 3128px\" \/><\/a><\/p>\n<p>&nbsp;<\/p>\n<p>&nbsp;<\/p>\n<p>&nbsp;<\/p>\n<p>&nbsp;<\/p>\n","protected":false},"excerpt":{"rendered":"<p>T\u00fco de nid gad zgidannt triichu&#8230;\u00a0\u00a0\u00a0 Denkste &#8211; mit 17 Weinen haben wir wahrscheinlich einen neuen Quantit\u00e4tsrekord aufgestellt&#8230; &#8211; Nectar d&#8217;Ambre Brut 2012, St\u00e9phane Gros (Kt Genf): Weisse Grapefruitnoten, Holunder, Pfirsich, Pomelo; am Gaumen trocken, fadengrad, mundf\u00fcllendes Agrumenabenteuer. &#8211; Sauvignon &hellip; <a href=\"https:\/\/www.meinweinkeller.ch\/weinclub\/donnerstag-degustationen\/frontag-21-september-2017-wallis-waadt-westschweiz\/\">Weiterlesen <span class=\"meta-nav\">&rarr;<\/span><\/a><\/p>\n","protected":false},"author":1,"featured_media":0,"comment_status":"closed","ping_status":"closed","sticky":false,"template":"","format":"standard","meta":{"footnotes":""},"categories":[4],"tags":[],"class_list":["post-3469","post","type-post","status-publish","format-standard","hentry","category-donnerstag-degustationen"],"_links":{"self":[{"href":"https:\/\/www.meinweinkeller.ch\/weinclub\/wp-json\/wp\/v2\/posts\/3469","targetHints":{"allow":["GET"]}}],"collection":[{"href":"https:\/\/www.meinweinkeller.ch\/weinclub\/wp-json\/wp\/v2\/posts"}],"about":[{"href":"https:\/\/www.meinweinkeller.ch\/weinclub\/wp-json\/wp\/v2\/types\/post"}],"author":[{"embeddable":true,"href":"https:\/\/www.meinweinkeller.ch\/weinclub\/wp-json\/wp\/v2\/users\/1"}],"replies":[{"embeddable":true,"href":"https:\/\/www.meinweinkeller.ch\/weinclub\/wp-json\/wp\/v2\/comments?post=3469"}],"version-history":[{"count":5,"href":"https:\/\/www.meinweinkeller.ch\/weinclub\/wp-json\/wp\/v2\/posts\/3469\/revisions"}],"predecessor-version":[{"id":3479,"href":"https:\/\/www.meinweinkeller.ch\/weinclub\/wp-json\/wp\/v2\/posts\/3469\/revisions\/3479"}],"wp:attachment":[{"href":"https:\/\/www.meinweinkeller.ch\/weinclub\/wp-json\/wp\/v2\/media?parent=3469"}],"wp:term":[{"taxonomy":"category","embeddable":true,"href":"https:\/\/www.meinweinkeller.ch\/weinclub\/wp-json\/wp\/v2\/categories?post=3469"},{"taxonomy":"post_tag","embeddable":true,"href":"https:\/\/www.meinweinkeller.ch\/weinclub\/wp-json\/wp\/v2\/tags?post=3469"}],"curies":[{"name":"wp","href":"https:\/\/api.w.org\/{rel}","templated":true}]}}