{"id":321,"date":"2011-06-26T17:53:02","date_gmt":"2011-06-26T15:53:02","guid":{"rendered":"http:\/\/www.meinweinkeller.ch\/weinclub\/uncategorized\/do-degu-vom-30-juni-2011-neue-weingiganten-aus-dem-roussillon\/"},"modified":"2011-06-26T17:53:02","modified_gmt":"2011-06-26T15:53:02","slug":"do-degu-vom-30-juni-2011-neue-weingiganten-aus-dem-roussillon","status":"publish","type":"post","link":"https:\/\/www.meinweinkeller.ch\/weinclub\/donnerstag-degustationen\/do-degu-vom-30-juni-2011-neue-weingiganten-aus-dem-roussillon\/","title":{"rendered":"Do-Degu vom 30. Juni 2011: neue Weingiganten aus dem Roussillon!"},"content":{"rendered":"<p>Degustierte Weine:<\/p>\n<p>&#8211; Abbaye Fontfroide Deo Gratias, Corbi\u00e8res blanc, 2009<br \/>&#8211; Sabina du Clos del Rey 2009 <br \/>&#8211; Thunevin-Calvet Cuv\u00e9e Constance, 2008<br \/>&#8211; Thunevin-Calvet Les Dentelles, 2007<br \/>&#8211; Clos del Rey 2008<br \/>&#8211; Thunevin-Calvet Hugo, 2006<br \/>&#8211; Clos del Rey 2004<br \/>&#8211; Grande Cuv\u00e9e Dom. de L&#8217;Hortus, 2007<\/p>\n<p><img decoding=\"async\" src=\"http:\/\/meinweinkeller.blogg.de\/files\/2012\/07\/calvet.jpg\" \/><br \/>\n<!--more--><br \/>\nZahlreiche Weinfreunde, der Tisch im Toskanast\u00fcbli \u00fcbers\u00e4t mit den besten K\u00e4sen und W\u00fcrsten, dazu jede Menge hochstehender Tropfen, eine entspannte, gem\u00fctliche Stimmung &#8211; was will man mehr?<\/p>\n<p>&#8211; Abbaye Fontfroide Deo Gratias, Corbi\u00e8res blanc 2009: Kamille, etwas Quitte, Blumend\u00fcfte, feine Mineralik; am Gaumen feine Sortentypizit\u00e4t, den einen fehlt etwas die S\u00e4ure.<\/p>\n<p>&#8211; Sabina du Clos del Rey, 2009: Cassis und Holunder, mineralisch; am Gaumen kraftvoll, ganz leicht austrocknend im langen Finale. Braucht noch etwas Zeit, sich zu b\u00e4ndigen und zu entwickeln.<\/p>\n<p>&#8211; Thunevin-Calvet Cuv\u00e9e Constance, 2008: schwarze Beeren, Kaffee, Schokolade; s\u00e4mig, weicher als Sabina. <\/p>\n<p>&#8211; Thunevin-Calvet Les Dentelles, 2007: Hinreissende Aromenf\u00fclle, angef\u00fchrt von schwarzen, fetten Beeren, Gew\u00fcrzmischung, Pfefferminze, Kaffee, etwas Rauch; am Gaumen Aenis, wunderbare Dichte, voll, unheimlich Druck, sehr lang. Wie kann man das noch steigern?<\/p>\n<p>&#8211; Clos del Rey 2008: schwarze Beeren, samtige Struktur, feine Lavendelnoten; am Gaumen unheimlich viel Druck, grosse Geschmacksf\u00fclle, sehr lang. <\/p>\n<p>&#8211; Thunevin-Calvet Hugo 2006: Milchschokolade, Lakritze, etwas Cassis; am Gaumen diverse Gew\u00fcrze, Graphit, sch\u00f6nes Tanninger\u00fcst, sehr lang. Aber ist er wirklich besser als der billigere Les Dentelles??<\/p>\n<p>&#8211; Clos del Rey 2004: Braucht Luft, ganz anderer Stil als der 08er, klassischer, absolut authentisch mit seiner genialen Mineralit\u00e4t; der Abgang ist sehr lang.<\/p>\n<p>&#8211; Grande Cuv\u00e9e Dom de L&#8217;Hortus 2007: Als Vergleich noch ein Pic St Loup zum Schluss &#8211; v\u00f6llig anders als die Roussillons, sch\u00f6n zwar, aber nicht vergleichbar. <\/p>\n<p>Vive la France &#8211; auch dieser Abend d\u00fcrfte unvergesslich bleiben &#8211; und der Morgen danach erst recht&#8230;<\/p>\n<p><\/p>\n","protected":false},"excerpt":{"rendered":"<p>Degustierte Weine: &#8211; Abbaye Fontfroide Deo Gratias, Corbi\u00e8res blanc, 2009&#8211; Sabina du Clos del Rey 2009 &#8211; Thunevin-Calvet Cuv\u00e9e Constance, 2008&#8211; Thunevin-Calvet Les Dentelles, 2007&#8211; Clos del Rey 2008&#8211; Thunevin-Calvet Hugo, 2006&#8211; Clos del Rey 2004&#8211; Grande Cuv\u00e9e Dom. de &hellip; <a href=\"https:\/\/www.meinweinkeller.ch\/weinclub\/donnerstag-degustationen\/do-degu-vom-30-juni-2011-neue-weingiganten-aus-dem-roussillon\/\">Weiterlesen <span class=\"meta-nav\">&rarr;<\/span><\/a><\/p>\n","protected":false},"author":1,"featured_media":0,"comment_status":"open","ping_status":"open","sticky":false,"template":"","format":"standard","meta":{"footnotes":""},"categories":[4],"tags":[],"class_list":["post-321","post","type-post","status-publish","format-standard","hentry","category-donnerstag-degustationen"],"_links":{"self":[{"href":"https:\/\/www.meinweinkeller.ch\/weinclub\/wp-json\/wp\/v2\/posts\/321","targetHints":{"allow":["GET"]}}],"collection":[{"href":"https:\/\/www.meinweinkeller.ch\/weinclub\/wp-json\/wp\/v2\/posts"}],"about":[{"href":"https:\/\/www.meinweinkeller.ch\/weinclub\/wp-json\/wp\/v2\/types\/post"}],"author":[{"embeddable":true,"href":"https:\/\/www.meinweinkeller.ch\/weinclub\/wp-json\/wp\/v2\/users\/1"}],"replies":[{"embeddable":true,"href":"https:\/\/www.meinweinkeller.ch\/weinclub\/wp-json\/wp\/v2\/comments?post=321"}],"version-history":[{"count":0,"href":"https:\/\/www.meinweinkeller.ch\/weinclub\/wp-json\/wp\/v2\/posts\/321\/revisions"}],"wp:attachment":[{"href":"https:\/\/www.meinweinkeller.ch\/weinclub\/wp-json\/wp\/v2\/media?parent=321"}],"wp:term":[{"taxonomy":"category","embeddable":true,"href":"https:\/\/www.meinweinkeller.ch\/weinclub\/wp-json\/wp\/v2\/categories?post=321"},{"taxonomy":"post_tag","embeddable":true,"href":"https:\/\/www.meinweinkeller.ch\/weinclub\/wp-json\/wp\/v2\/tags?post=321"}],"curies":[{"name":"wp","href":"https:\/\/api.w.org\/{rel}","templated":true}]}}