{"id":318,"date":"2011-06-03T20:09:52","date_gmt":"2011-06-03T18:09:52","guid":{"rendered":"http:\/\/www.meinweinkeller.ch\/weinclub\/uncategorized\/do-degustation-vom-9-juni-2011-provence-bandol\/"},"modified":"2011-06-03T20:09:52","modified_gmt":"2011-06-03T18:09:52","slug":"do-degustation-vom-9-juni-2011-provence-bandol","status":"publish","type":"post","link":"https:\/\/www.meinweinkeller.ch\/weinclub\/donnerstag-degustationen\/do-degustation-vom-9-juni-2011-provence-bandol\/","title":{"rendered":"Do-Degustation vom 9. Juni 2011: Provence  &#8211; Bandol"},"content":{"rendered":"<p>Degustierte Weine:<\/p>\n<p>&#8211; Ch\u00e2teau de Selles Ros\u00e9 2004, Domaines Ott<br \/>&#8211; Ch\u00e2teau de Selles Cuv\u00e9e 2001, Domaines Ott<br \/>&#8211; Bandol Ch\u00e2teau de Pibarnon 1997<br \/>&#8211; Grange des P\u00e8res 2007, Domaine de la Grange des P\u00e8res<\/p>\n<p><!--more--><br \/>\n\u00a0<br \/>\n<br \/>In schwarze Gl\u00e4ser gef\u00fcllt der ber\u00fchmte Ros\u00e9 der Domaines Ott: sehr schwierig herauszufinden, dass es ein Ros\u00e9 ist. Die Mehrheit tippt auf Weisswein.<br \/>Im grossen Glas dann etwas Quitte; am Gaumen eher magere Kost, nichts Grosses, viel zu teuer.<\/p>\n<p>Ch\u00e2teau de Selles Cuv\u00e9e 2001, Domaines Ott:<br \/>Wenn man sich einmal auf ein Gut eingeschossen hat, wird&#8217;s schwierig: die Mehrheit tut diesen Rotwein als einfachen, uninspirierten Franzosen ab. Eigentlich haben sie recht &#8211; der Preis von \u00fcber 30 Franken ist nicht nachvollziehbar.<\/p>\n<p>Bandol Ch\u00e2teau de Pibarnon 1997:<br \/>Herrliche W\u00fcrzigkeit, wirkt noch jung, sicher erst in der mittleren Trinkreife, Kr\u00e4uter vom Feinsten, leichte animalisch Noten, st\u00fctzendes Tanninger\u00fcst, sehr langes, feuriges Finale. Zu den franz\u00f6sischen W\u00fcrsten und vor allem zum K\u00e4se ein Gedicht! Keine einfache Kost, aber die Mehrheit verneigt sich vor diesem klassischen Bandol und applaudiert.<\/p>\n<p>Grange des P\u00e8res 2007: Zur Einstimmung in den Languedoc-Roussillon-Abend n\u00e4chsten Donnerstag einer der rarsten und teuersten Languedoc-Weine: Das pure Gegenteil vom Bandol: dunkle Beeren, w\u00fcrzig, &quot;W\u00e4rme&quot; ausstrahlend, man sp\u00fcrt, hier ist etwas ganz, ganz Grosses im Glas; am Gaumen eine selten erlebte Vielschichtigkeit; eine Dichte, ein origin\u00e4res Gesamtkunstwerk, diese L\u00e4nge, nie aufh\u00f6rend, bet\u00f6rend &#8211; ein Genuss &#8211; diesen Wein m\u00fcsste man umarmen k\u00f6nnen!!!<br \/>\u00a0<\/p>\n","protected":false},"excerpt":{"rendered":"<p>Degustierte Weine: &#8211; Ch\u00e2teau de Selles Ros\u00e9 2004, Domaines Ott&#8211; Ch\u00e2teau de Selles Cuv\u00e9e 2001, Domaines Ott&#8211; Bandol Ch\u00e2teau de Pibarnon 1997&#8211; Grange des P\u00e8res 2007, Domaine de la Grange des P\u00e8res<\/p>\n","protected":false},"author":1,"featured_media":0,"comment_status":"open","ping_status":"open","sticky":false,"template":"","format":"standard","meta":{"footnotes":""},"categories":[4],"tags":[],"class_list":["post-318","post","type-post","status-publish","format-standard","hentry","category-donnerstag-degustationen"],"_links":{"self":[{"href":"https:\/\/www.meinweinkeller.ch\/weinclub\/wp-json\/wp\/v2\/posts\/318","targetHints":{"allow":["GET"]}}],"collection":[{"href":"https:\/\/www.meinweinkeller.ch\/weinclub\/wp-json\/wp\/v2\/posts"}],"about":[{"href":"https:\/\/www.meinweinkeller.ch\/weinclub\/wp-json\/wp\/v2\/types\/post"}],"author":[{"embeddable":true,"href":"https:\/\/www.meinweinkeller.ch\/weinclub\/wp-json\/wp\/v2\/users\/1"}],"replies":[{"embeddable":true,"href":"https:\/\/www.meinweinkeller.ch\/weinclub\/wp-json\/wp\/v2\/comments?post=318"}],"version-history":[{"count":0,"href":"https:\/\/www.meinweinkeller.ch\/weinclub\/wp-json\/wp\/v2\/posts\/318\/revisions"}],"wp:attachment":[{"href":"https:\/\/www.meinweinkeller.ch\/weinclub\/wp-json\/wp\/v2\/media?parent=318"}],"wp:term":[{"taxonomy":"category","embeddable":true,"href":"https:\/\/www.meinweinkeller.ch\/weinclub\/wp-json\/wp\/v2\/categories?post=318"},{"taxonomy":"post_tag","embeddable":true,"href":"https:\/\/www.meinweinkeller.ch\/weinclub\/wp-json\/wp\/v2\/tags?post=318"}],"curies":[{"name":"wp","href":"https:\/\/api.w.org\/{rel}","templated":true}]}}