{"id":30,"date":"2005-10-20T18:45:20","date_gmt":"2005-10-20T16:45:20","guid":{"rendered":"http:\/\/www.meinweinkeller.ch\/weinclub\/uncategorized\/degustation-vom-27-oktober-2005-piemonte\/"},"modified":"2005-10-20T18:45:20","modified_gmt":"2005-10-20T16:45:20","slug":"degustation-vom-27-oktober-2005-piemonte","status":"publish","type":"post","link":"https:\/\/www.meinweinkeller.ch\/weinclub\/donnerstag-degustationen\/degustation-vom-27-oktober-2005-piemonte\/","title":{"rendered":"Degustation vom 27. Oktober 2005, Piemonte"},"content":{"rendered":"<p>Weine aus dem Piemont! Die erste Degustation nach den Herbstferien hat viele Weinfans in den Keller gelockt! So konnten wir viele Spitzenweine degustieren:<br \/>\nLa Lune e i Falo, Barbera d&#8217;Asti 1995, 3 MeinWeinkeller-Gl\u00e4ser<br \/>\nAnssem A, Barbera d&#8217;Asti 2001, 2-3 Weingl\u00e4ser<br \/>\nScovino, Barolo 1989, 3 Weingl\u00e4ser<br \/>\nPrunotto, Barolo Bussia 1988, 3 Weingl\u00e4ser<br \/>\nSandrone, Cannubi Boschis 1990, 5 Weingl\u00e4ser<br \/>\nNotarpanaro 1988, 3 Weingl\u00e4ser<br \/>\nMoscato d&#8217;Asti, Zagaro<br \/>\n<!--more--><br \/>\nEin ganzes Dutzend Weinfreunde hat den Weg in den Keller gefunden, so dass wir eine gr\u00f6ssere Degustation im Eventraum durchf\u00fchren konnten. Die Weine aus dem Piemont wurden begleitet mit Alpk\u00e4sen aus dem Tessin und herrlichen Salamis aus dem Piemont.<br \/>\nDer La Lune e i Falo ist ein g\u00fcnstiger guter Barbera d&#8217;Asti. F\u00fcr die einen war es Wein der sch\u00f6n gereift gefallen hat, den anderen war er zu s\u00e4uerlich und hatte zuwenig frucht.<br \/>\nDer Anssem wirkte noch jung und ungest\u00fcm, viel Saft und Samt, vielleicht etwas eindimensional aber sch\u00f6ner frucht.<br \/>\nDer Scovino 1989 gefiel als gereifter sch\u00f6ner Barolo. Viel W\u00e4rme und biss hat dieser Wein ausgestralt.<br \/>\nDer Barolo von Punotto wirkte etwas verschlossen. In der Nase vornehm mit etwas Gummi. Viel Stoff am Gaumen; \u00fcberhaupt nicht alt wirkend sonder sehr vornehm mit schwarzen Beeren, Leder und dunkler Schokolade.<br \/>\nDas Highlight des Abends war sicher der Mitgliederwein von Sandrone. Eine Explosion von einem Wein. Sofort mundf\u00fcllend mit viel Stoff, W\u00e4rme und W\u00fcrze. Langer Abgang, aber im Moment dennoch etwas verschossen.<\/p>\n","protected":false},"excerpt":{"rendered":"<p>Weine aus dem Piemont! Die erste Degustation nach den Herbstferien hat viele Weinfans in den Keller gelockt! So konnten wir viele Spitzenweine degustieren: La Lune e i Falo, Barbera d&#8217;Asti 1995, 3 MeinWeinkeller-Gl\u00e4ser Anssem A, Barbera d&#8217;Asti 2001, 2-3 Weingl\u00e4ser &hellip; <a href=\"https:\/\/www.meinweinkeller.ch\/weinclub\/donnerstag-degustationen\/degustation-vom-27-oktober-2005-piemonte\/\">Weiterlesen <span class=\"meta-nav\">&rarr;<\/span><\/a><\/p>\n","protected":false},"author":1,"featured_media":0,"comment_status":"open","ping_status":"open","sticky":false,"template":"","format":"standard","meta":{"footnotes":""},"categories":[4],"tags":[19,33,38,62,64],"class_list":["post-30","post","type-post","status-publish","format-standard","hentry","category-donnerstag-degustationen","tag-degustation","tag-meinweinkeller","tag-piemont","tag-wein","tag-winterthur"],"_links":{"self":[{"href":"https:\/\/www.meinweinkeller.ch\/weinclub\/wp-json\/wp\/v2\/posts\/30","targetHints":{"allow":["GET"]}}],"collection":[{"href":"https:\/\/www.meinweinkeller.ch\/weinclub\/wp-json\/wp\/v2\/posts"}],"about":[{"href":"https:\/\/www.meinweinkeller.ch\/weinclub\/wp-json\/wp\/v2\/types\/post"}],"author":[{"embeddable":true,"href":"https:\/\/www.meinweinkeller.ch\/weinclub\/wp-json\/wp\/v2\/users\/1"}],"replies":[{"embeddable":true,"href":"https:\/\/www.meinweinkeller.ch\/weinclub\/wp-json\/wp\/v2\/comments?post=30"}],"version-history":[{"count":0,"href":"https:\/\/www.meinweinkeller.ch\/weinclub\/wp-json\/wp\/v2\/posts\/30\/revisions"}],"wp:attachment":[{"href":"https:\/\/www.meinweinkeller.ch\/weinclub\/wp-json\/wp\/v2\/media?parent=30"}],"wp:term":[{"taxonomy":"category","embeddable":true,"href":"https:\/\/www.meinweinkeller.ch\/weinclub\/wp-json\/wp\/v2\/categories?post=30"},{"taxonomy":"post_tag","embeddable":true,"href":"https:\/\/www.meinweinkeller.ch\/weinclub\/wp-json\/wp\/v2\/tags?post=30"}],"curies":[{"name":"wp","href":"https:\/\/api.w.org\/{rel}","templated":true}]}}