{"id":295,"date":"2010-12-05T21:23:14","date_gmt":"2010-12-05T19:23:14","guid":{"rendered":"http:\/\/www.meinweinkeller.ch\/weinclub\/uncategorized\/do-degu-vom-9-dezember-2010-chile-die-sonne-im-keller\/"},"modified":"2010-12-05T21:23:14","modified_gmt":"2010-12-05T19:23:14","slug":"do-degu-vom-9-dezember-2010-chile-die-sonne-im-keller","status":"publish","type":"post","link":"https:\/\/www.meinweinkeller.ch\/weinclub\/donnerstag-degustationen\/do-degu-vom-9-dezember-2010-chile-die-sonne-im-keller\/","title":{"rendered":"Do-Degu vom  9. Dezember 2010: Chile &#8211; die Sonne im Keller!"},"content":{"rendered":"<p>Degustierte Weine:<\/p>\n<p>&#8211; Chardonnay Reserva Especial Maycas del Limari 2007<br \/>&#8211; Loco 2005, Vina Tierra y Fuego<br \/>&#8211; Malbec Reserva 2005, Vina Tierra y Fuego<br \/>&#8211; Montes Alpha Cabernet Sauvignon 1989, Montes SA<br \/>&#8211; Syrah Marqu\u00e9s de Casa Concha 2006, Concha y Toro<br \/>&#8211; Pinot Noir 20 Barrel 2000, Cono Sur<br \/>&#8211; El Parron Cabernet Reserva 2008, Errazuriz<br \/>&#8211; Terrunyo Carm\u00e9n\u00e8re Block 27 2007, Concha y Toro<\/p>\n<p><img decoding=\"async\" src=\"http:\/\/meinweinkeller.blogg.de\/files\/2012\/07\/chil.jpg\" \/><br \/>\n<!--more--><br \/>\n<br \/>&#8211; Chardonnay Reserva Especial Maycas del Limari 2007: Knackig frisch, sch\u00f6ne S\u00e4ure, langes Finale. <\/p>\n<p>&#8211; Loco 2005, Vina Tierra y Fuego: Staubig, Cassis, w\u00fcrzig, leicht gr\u00fcn, eher kurz. <\/p>\n<p>&#8211; Malbec Reserva 2005, Vina Tierra y Fuego: Cassis, Kaffee, Lakritze, Heuballen, vollsaftig; am Gaumen viel F\u00fclle, jetzt perfekt trinkreif. Macht unheimlich Spass!<\/p>\n<p>&#8211; Montes Alpha Cabernet Sauvignon 1989, Monttes SA: Leider vorbei.<\/p>\n<p>&#8211; Syrah Marqu\u00e9s de Casa Concha 2006, Concha y Toro: Vanille, Cassis, sch\u00f6ne W\u00e4rme, f\u00fcllig, schwarze Schokolade, mittel- bis langer Abgang.<\/p>\n<p>&#8211; Pinot Noir 20 Barrel 2000, Cono Sur: Spanischi N\u00fcssli, jemand spricht von Pampers, rote Beeren, g\u00fcmmelet, kontroverse Beurteilung, sicher nicht ein Pinot, so wie wir ihn kennen.<\/p>\n<p>&#8211; El Parron Cabernet Reserva 2008, Errazuriz: Cassis, warm, Vanille, w\u00fcrzig; am Gaumen sch\u00f6n cremig, lang, voll. Toller Wein!<\/p>\n<p>&#8211; Terrunyo Carm\u00e9n\u00e8re Block 27 2007, Concha y Toro: Dunkle Beeren, Cassis, tief, komplex, braucht Luft, noch in der Anfangsphase, braucht noch viel Zeit, um sich zu entwickeln; am Gaumen vollreife Beeren, sehr langes Finale. K\u00f6nnte den 06er \u00fcbertreffen!<\/p>\n<p>\u00a0<\/p>\n","protected":false},"excerpt":{"rendered":"<p>Degustierte Weine: &#8211; Chardonnay Reserva Especial Maycas del Limari 2007&#8211; Loco 2005, Vina Tierra y Fuego&#8211; Malbec Reserva 2005, Vina Tierra y Fuego&#8211; Montes Alpha Cabernet Sauvignon 1989, Montes SA&#8211; Syrah Marqu\u00e9s de Casa Concha 2006, Concha y Toro&#8211; Pinot &hellip; <a href=\"https:\/\/www.meinweinkeller.ch\/weinclub\/donnerstag-degustationen\/do-degu-vom-9-dezember-2010-chile-die-sonne-im-keller\/\">Weiterlesen <span class=\"meta-nav\">&rarr;<\/span><\/a><\/p>\n","protected":false},"author":1,"featured_media":0,"comment_status":"open","ping_status":"open","sticky":false,"template":"","format":"standard","meta":{"footnotes":""},"categories":[4],"tags":[],"class_list":["post-295","post","type-post","status-publish","format-standard","hentry","category-donnerstag-degustationen"],"_links":{"self":[{"href":"https:\/\/www.meinweinkeller.ch\/weinclub\/wp-json\/wp\/v2\/posts\/295","targetHints":{"allow":["GET"]}}],"collection":[{"href":"https:\/\/www.meinweinkeller.ch\/weinclub\/wp-json\/wp\/v2\/posts"}],"about":[{"href":"https:\/\/www.meinweinkeller.ch\/weinclub\/wp-json\/wp\/v2\/types\/post"}],"author":[{"embeddable":true,"href":"https:\/\/www.meinweinkeller.ch\/weinclub\/wp-json\/wp\/v2\/users\/1"}],"replies":[{"embeddable":true,"href":"https:\/\/www.meinweinkeller.ch\/weinclub\/wp-json\/wp\/v2\/comments?post=295"}],"version-history":[{"count":0,"href":"https:\/\/www.meinweinkeller.ch\/weinclub\/wp-json\/wp\/v2\/posts\/295\/revisions"}],"wp:attachment":[{"href":"https:\/\/www.meinweinkeller.ch\/weinclub\/wp-json\/wp\/v2\/media?parent=295"}],"wp:term":[{"taxonomy":"category","embeddable":true,"href":"https:\/\/www.meinweinkeller.ch\/weinclub\/wp-json\/wp\/v2\/categories?post=295"},{"taxonomy":"post_tag","embeddable":true,"href":"https:\/\/www.meinweinkeller.ch\/weinclub\/wp-json\/wp\/v2\/tags?post=295"}],"curies":[{"name":"wp","href":"https:\/\/api.w.org\/{rel}","templated":true}]}}