{"id":293,"date":"2010-11-21T19:47:11","date_gmt":"2010-11-21T17:47:11","guid":{"rendered":"http:\/\/www.meinweinkeller.ch\/weinclub\/uncategorized\/do-degu-vom-25-november-2010-grande-revue-languedoc-rousillon\/"},"modified":"2010-11-21T19:47:11","modified_gmt":"2010-11-21T17:47:11","slug":"do-degu-vom-25-november-2010-grande-revue-languedoc-rousillon","status":"publish","type":"post","link":"https:\/\/www.meinweinkeller.ch\/weinclub\/donnerstag-degustationen\/do-degu-vom-25-november-2010-grande-revue-languedoc-rousillon\/","title":{"rendered":"Do-Degu vom  25. November 2010: Grande Revue &#8218;Languedoc &#8211; Rousillon&#8216;"},"content":{"rendered":"<p>Degustierte Weine:<\/p>\n<p>&#8211; Ch\u00e2teau del Ranq 2009, Les Vignerons du Pic Saint Loup<br \/>&#8211; Ch\u00e2teau La Voulte Gasparet Romain Pauc 2008, Corbi\u00e8res<br \/>&#8211; Carr\u00e9ment Rouge 2009,\u00a0 Dom. de l&#8217;Edre, C. d. Roussillon-Vill.<br \/>&#8211; Latude P\u00e9zenas 2007, Cave de Fontes<br \/>&#8211; Mas Cristine Coume del Mas 2007, C. d. Roussillon<br \/>&#8211; Etoile du Sud 2007, Calvet-Thunevin, C\u00f4tes Catalanes<\/p>\n<p><img decoding=\"async\" src=\"http:\/\/meinweinkeller.blogg.de\/files\/2012\/07\/rouss.jpg\" \/><br \/>\n<!--more--><br \/>\n\u00a0<br \/>\n<br \/>&#8211; Ch\u00e2teau del Ranq 2009, Les Vignerons du Pic Saint Loup:<br \/>Zu Beginn etwas mostig; am Gaumen Kirschen, hat eigentlich recht Druck, ein eher einfacher, aber sauber gemachter Wein.<\/p>\n<p>&#8211; Chateau La Voulte Gasparet Romain Pauc 2008, Corbi\u00e8res:<br \/>Exotische Nase, Gl\u00fchwein, Zuckerwatte, Jasmin, schwarze Fr\u00fcchte, Leder; am Gaumen bleibt der ganz grosse Schub aus. Macht aber Spass.<\/p>\n<p>&#8211; Carr\u00e9ment Rouge 2009, Dom de l&#8217;Edre, C\u00f4tes du Roussillon-Villages:<br \/>Beerige Nase, modern, sch\u00f6ne W\u00fcrzigkeit; am Gaumen sehr viel Druck, schwarze Fr\u00fcchte, Lakritze, langes Finale.<\/p>\n<p>&#8211; Latude P\u00e9zenas 2007, Cave de Fontes: <br \/>Leder, rauchig, sehr spannendes Bukett; am Gaumen reife dunkle Beeren, hat nicht die ganz grosse L\u00e4nge, aber wir m\u00f6gen ihn! <\/p>\n<p>&#8211; Mas Cristine Coume del Mas 2007, C\u00f4tes du Roussillon:<br \/>w\u00fcrzig, sexy, dunkle Fr\u00fcchte; am Gaumen etwas Kohlens\u00e4ure, mittellang.<\/p>\n<p>&#8211; Etoile du Sud 2007, Calvet-Thunevin, C\u00f4tes du Catalanes:<br \/>Etwas viel Alkohol, schon in der Nase sp\u00fcrbar, dick; grosser Druck, aber der Alkohol vermasselt das ganz grosse Erlebnis.<\/p>\n","protected":false},"excerpt":{"rendered":"<p>Degustierte Weine: &#8211; Ch\u00e2teau del Ranq 2009, Les Vignerons du Pic Saint Loup&#8211; Ch\u00e2teau La Voulte Gasparet Romain Pauc 2008, Corbi\u00e8res&#8211; Carr\u00e9ment Rouge 2009,\u00a0 Dom. de l&#8217;Edre, C. d. Roussillon-Vill.&#8211; Latude P\u00e9zenas 2007, Cave de Fontes&#8211; Mas Cristine Coume del &hellip; <a href=\"https:\/\/www.meinweinkeller.ch\/weinclub\/donnerstag-degustationen\/do-degu-vom-25-november-2010-grande-revue-languedoc-rousillon\/\">Weiterlesen <span class=\"meta-nav\">&rarr;<\/span><\/a><\/p>\n","protected":false},"author":1,"featured_media":0,"comment_status":"open","ping_status":"open","sticky":false,"template":"","format":"standard","meta":{"footnotes":""},"categories":[4],"tags":[],"class_list":["post-293","post","type-post","status-publish","format-standard","hentry","category-donnerstag-degustationen"],"_links":{"self":[{"href":"https:\/\/www.meinweinkeller.ch\/weinclub\/wp-json\/wp\/v2\/posts\/293","targetHints":{"allow":["GET"]}}],"collection":[{"href":"https:\/\/www.meinweinkeller.ch\/weinclub\/wp-json\/wp\/v2\/posts"}],"about":[{"href":"https:\/\/www.meinweinkeller.ch\/weinclub\/wp-json\/wp\/v2\/types\/post"}],"author":[{"embeddable":true,"href":"https:\/\/www.meinweinkeller.ch\/weinclub\/wp-json\/wp\/v2\/users\/1"}],"replies":[{"embeddable":true,"href":"https:\/\/www.meinweinkeller.ch\/weinclub\/wp-json\/wp\/v2\/comments?post=293"}],"version-history":[{"count":0,"href":"https:\/\/www.meinweinkeller.ch\/weinclub\/wp-json\/wp\/v2\/posts\/293\/revisions"}],"wp:attachment":[{"href":"https:\/\/www.meinweinkeller.ch\/weinclub\/wp-json\/wp\/v2\/media?parent=293"}],"wp:term":[{"taxonomy":"category","embeddable":true,"href":"https:\/\/www.meinweinkeller.ch\/weinclub\/wp-json\/wp\/v2\/categories?post=293"},{"taxonomy":"post_tag","embeddable":true,"href":"https:\/\/www.meinweinkeller.ch\/weinclub\/wp-json\/wp\/v2\/tags?post=293"}],"curies":[{"name":"wp","href":"https:\/\/api.w.org\/{rel}","templated":true}]}}