{"id":292,"date":"2010-11-12T17:15:36","date_gmt":"2010-11-12T15:15:36","guid":{"rendered":"http:\/\/www.meinweinkeller.ch\/weinclub\/uncategorized\/do-degu-vom-18-november-2010-mit-reise-nach-zurich-zur-languedoc-degustation-im-rest-uniturm\/"},"modified":"2010-11-12T17:15:36","modified_gmt":"2010-11-12T15:15:36","slug":"do-degu-vom-18-november-2010-mit-reise-nach-zurich-zur-languedoc-degustation-im-rest-uniturm","status":"publish","type":"post","link":"https:\/\/www.meinweinkeller.ch\/weinclub\/donnerstag-degustationen\/do-degu-vom-18-november-2010-mit-reise-nach-zurich-zur-languedoc-degustation-im-rest-uniturm\/","title":{"rendered":"Do-Degu vom 18. November  2010: &#8230; mit Reise nach Z\u00fcrich zur Languedoc Degustation im Rest. UniTurm"},"content":{"rendered":"<p><span style=\"font-weight: bold;\"><\/span>&#8230;. wir gingen n\u00e4mlich fremd, zur Languedoc Degustation im Restaurant UniTurm in Z\u00fcrich.<br \/>Die Weinbauern verw\u00f6hnten uns tats\u00e4chlich! Nicht nur mit der tollen Weinauswahl, die uns wirklich \u00fcberzeugte, sondern auch mit toller Organisation und passenden H\u00e4ppchen w\u00e4hrend der ganzen Degu. Unser gemeinsamer Favorit den &#8218;Latude&#8216; &#8211; den k\u00f6nnt ihr \u00fcbrigens an unserer Grande Revue n\u00e4chste Woche degustieren.<weiterlesen><\/p>\n<p><img decoding=\"async\" src=\"http:\/\/meinweinkeller.blogg.de\/files\/2012\/07\/wb3.jpg\" \/><\/weiterlesen><br \/>\n<!--more--><br \/>\n<font color=\"#1f497d\"><font size=\"5\"><font face=\"Calibri Bold\"><span style=\"font-size: 20pt;\"><\/span><\/font><\/font><font size=\"2\"><font face=\"Calibri, Verdana, Helvetica, Arial\"><span style=\"font-size: 11pt;\"><br \/>\n<\/span><\/font><span style=\"font-size: 11pt;\"><font face=\"Calibri Bold\"><span style=\"font-weight: bold;\">\u2026lassen Sie sich in die leidenschaftliche Welt der Languedoc-Weine entf\u00fchren.<\/span><br \/>\n<\/font><font face=\"Calibri, Verdana, Helvetica, Arial\"><br \/>\nZum Erscheinen der neuen Ausgabe des Magazins \u201eVertiges de France\u201c<br \/>\nladen Sie der CIVL-Conseil Interprofessionnel des Vins du Languedoc, Sopexa und Atout France<br \/>\nzu einer <\/font><font face=\"Calibri Bold\">Degustation von Grands Crus aus dem Languedoc<\/font><font face=\"Calibri, Verdana, Helvetica, Arial\"> ein.<br \/>\n\u00a0<br \/>\nEntdecken Sie eine breite Auswahl von 66 Weinen aus <\/font><font face=\"Calibri Bold\">diversen Appellationen<\/font><font face=\"Calibri, Verdana, Helvetica, Arial\"> (Corbi\u00e8res Boutenac, Minervois Linvini\u00e8re, Clape, Gr\u00e8s De Montpellier, Pezenas, Pic Saint Loup, Terrasses Du Larzac, Saint-Chinian, Limoux)<\/p>\n<p>Es w\u00fcrde uns sehr freuen, Sie<br \/>\n\u00a0<br \/>\n<\/font><\/span><\/font><font face=\"Calibri Bold Italic\"><span style=\"font-size: 14pt;\">Am 18. November 2010 ab 18h00<br \/>\nim Restaurant UniTurm,<br \/>\n<\/span><\/font><font size=\"2\"><font face=\"Calibri Italic\"><span style=\"font-size: 12pt;\">an der<\/span><\/font><\/font><font face=\"Calibri Bold Italic\"><span style=\"font-size: 14pt;\">&nbsp;<\/span><\/font><font size=\"2\"><font face=\"Calibri Italic\"><span style=\"font-size: 12pt;\">R\u00e4mistrasse 71, 8006 Z\u00fcrich<br \/>\n<\/span><\/font><\/font><\/font><font size=\"2\"><font face=\"Calibri, Verdana, Helvetica, Arial\"><span style=\"font-size: 11pt;\"><br \/>\n<\/span><font color=\"#1f497d\"><span style=\"font-size: 12pt;\">begr\u00fcssen zu d\u00fcrfen!<\/span><\/font><\/font><\/font><\/p>\n","protected":false},"excerpt":{"rendered":"<p>&#8230;. wir gingen n\u00e4mlich fremd, zur Languedoc Degustation im Restaurant UniTurm in Z\u00fcrich.Die Weinbauern verw\u00f6hnten uns tats\u00e4chlich! Nicht nur mit der tollen Weinauswahl, die uns wirklich \u00fcberzeugte, sondern auch mit toller Organisation und passenden H\u00e4ppchen w\u00e4hrend der ganzen Degu. Unser &hellip; <a href=\"https:\/\/www.meinweinkeller.ch\/weinclub\/donnerstag-degustationen\/do-degu-vom-18-november-2010-mit-reise-nach-zurich-zur-languedoc-degustation-im-rest-uniturm\/\">Weiterlesen <span class=\"meta-nav\">&rarr;<\/span><\/a><\/p>\n","protected":false},"author":1,"featured_media":0,"comment_status":"open","ping_status":"open","sticky":false,"template":"","format":"standard","meta":{"footnotes":""},"categories":[4],"tags":[],"class_list":["post-292","post","type-post","status-publish","format-standard","hentry","category-donnerstag-degustationen"],"_links":{"self":[{"href":"https:\/\/www.meinweinkeller.ch\/weinclub\/wp-json\/wp\/v2\/posts\/292","targetHints":{"allow":["GET"]}}],"collection":[{"href":"https:\/\/www.meinweinkeller.ch\/weinclub\/wp-json\/wp\/v2\/posts"}],"about":[{"href":"https:\/\/www.meinweinkeller.ch\/weinclub\/wp-json\/wp\/v2\/types\/post"}],"author":[{"embeddable":true,"href":"https:\/\/www.meinweinkeller.ch\/weinclub\/wp-json\/wp\/v2\/users\/1"}],"replies":[{"embeddable":true,"href":"https:\/\/www.meinweinkeller.ch\/weinclub\/wp-json\/wp\/v2\/comments?post=292"}],"version-history":[{"count":0,"href":"https:\/\/www.meinweinkeller.ch\/weinclub\/wp-json\/wp\/v2\/posts\/292\/revisions"}],"wp:attachment":[{"href":"https:\/\/www.meinweinkeller.ch\/weinclub\/wp-json\/wp\/v2\/media?parent=292"}],"wp:term":[{"taxonomy":"category","embeddable":true,"href":"https:\/\/www.meinweinkeller.ch\/weinclub\/wp-json\/wp\/v2\/categories?post=292"},{"taxonomy":"post_tag","embeddable":true,"href":"https:\/\/www.meinweinkeller.ch\/weinclub\/wp-json\/wp\/v2\/tags?post=292"}],"curies":[{"name":"wp","href":"https:\/\/api.w.org\/{rel}","templated":true}]}}