{"id":289,"date":"2010-10-23T13:48:43","date_gmt":"2010-10-23T11:48:43","guid":{"rendered":"http:\/\/www.meinweinkeller.ch\/weinclub\/uncategorized\/do-degu-vom-28-oktober-2010-christophe-rieder-von-der-domaine-des-planes-zu-besuch\/"},"modified":"2010-10-23T13:48:43","modified_gmt":"2010-10-23T11:48:43","slug":"do-degu-vom-28-oktober-2010-christophe-rieder-von-der-domaine-des-planes-zu-besuch","status":"publish","type":"post","link":"https:\/\/www.meinweinkeller.ch\/weinclub\/donnerstag-degustationen\/do-degu-vom-28-oktober-2010-christophe-rieder-von-der-domaine-des-planes-zu-besuch\/","title":{"rendered":"Do-Degu vom 28. Oktober 2010: Christophe Rieder von der Domaine des Planes zu Besuch!"},"content":{"rendered":"<p>Zum Abschluss unseres Themenmonats S\u00fcdfrankreich kam Christophe Rieder von der Domaine des Planes (www.dom-planes.com) ins Obertor zu Besuch. Charmant und kurzweilig pr\u00e4sentierte er seine umfangreiche Weinkollektion und wusste so einiges von seinem Leben als Herr \u00fcber das 30 ha Rebland umfassende Gut zu erz\u00e4hlen. Die mitgebrachten Provence-K\u00e4se harmonierten dabei aufs Vorz\u00fcglichste mit den\u00a0 Weinen. <br \/>Ein herzliches Dankesch\u00f6n der sympathischen Winzerfamilie sowie den Organisatoren dieses Anlasses!<\/p>\n<p>Degustierte Weine:<\/p>\n<p>&#8211; Blanc de Blancs 2009, S\u00e9millon-Rolle<br \/>&#8211; Ros\u00e9 Tiboulen 2009<br \/>&#8211; Ros\u00e9 Admirable 2009, Mourv\u00e8dre<br \/>&#8211; Rouge Sanglier 2007, Grenache-Syrah<br \/>&#8211; Cuv\u00e9e Reserv\u00e9e 2007, Cabernet Sauv.-Grenache<br \/>&#8211; La Triade 2009, Petite Syrah<br \/>&#8211; Mourv\u00e8dre 2007<br \/>&#8211; Blanc de Blanc Elegance 2009, S\u00e9millon<br \/>&#8211; Rieder Brut Blanc m\u00e9thode traditionelle<\/p>\n<p><img decoding=\"async\" src=\"http:\/\/meinweinkeller.blogg.de\/files\/2012\/07\/aerien.jpg\" \/><br \/>\n<!--more--><br \/>\n<br \/>\u00a0<\/p>\n","protected":false},"excerpt":{"rendered":"<p>Zum Abschluss unseres Themenmonats S\u00fcdfrankreich kam Christophe Rieder von der Domaine des Planes (www.dom-planes.com) ins Obertor zu Besuch. Charmant und kurzweilig pr\u00e4sentierte er seine umfangreiche Weinkollektion und wusste so einiges von seinem Leben als Herr \u00fcber das 30 ha Rebland &hellip; <a href=\"https:\/\/www.meinweinkeller.ch\/weinclub\/donnerstag-degustationen\/do-degu-vom-28-oktober-2010-christophe-rieder-von-der-domaine-des-planes-zu-besuch\/\">Weiterlesen <span class=\"meta-nav\">&rarr;<\/span><\/a><\/p>\n","protected":false},"author":1,"featured_media":0,"comment_status":"open","ping_status":"open","sticky":false,"template":"","format":"standard","meta":{"footnotes":""},"categories":[4],"tags":[],"class_list":["post-289","post","type-post","status-publish","format-standard","hentry","category-donnerstag-degustationen"],"_links":{"self":[{"href":"https:\/\/www.meinweinkeller.ch\/weinclub\/wp-json\/wp\/v2\/posts\/289","targetHints":{"allow":["GET"]}}],"collection":[{"href":"https:\/\/www.meinweinkeller.ch\/weinclub\/wp-json\/wp\/v2\/posts"}],"about":[{"href":"https:\/\/www.meinweinkeller.ch\/weinclub\/wp-json\/wp\/v2\/types\/post"}],"author":[{"embeddable":true,"href":"https:\/\/www.meinweinkeller.ch\/weinclub\/wp-json\/wp\/v2\/users\/1"}],"replies":[{"embeddable":true,"href":"https:\/\/www.meinweinkeller.ch\/weinclub\/wp-json\/wp\/v2\/comments?post=289"}],"version-history":[{"count":0,"href":"https:\/\/www.meinweinkeller.ch\/weinclub\/wp-json\/wp\/v2\/posts\/289\/revisions"}],"wp:attachment":[{"href":"https:\/\/www.meinweinkeller.ch\/weinclub\/wp-json\/wp\/v2\/media?parent=289"}],"wp:term":[{"taxonomy":"category","embeddable":true,"href":"https:\/\/www.meinweinkeller.ch\/weinclub\/wp-json\/wp\/v2\/categories?post=289"},{"taxonomy":"post_tag","embeddable":true,"href":"https:\/\/www.meinweinkeller.ch\/weinclub\/wp-json\/wp\/v2\/tags?post=289"}],"curies":[{"name":"wp","href":"https:\/\/api.w.org\/{rel}","templated":true}]}}