{"id":2874,"date":"2016-02-28T19:38:21","date_gmt":"2016-02-28T19:38:21","guid":{"rendered":"http:\/\/www.meinweinkeller.ch\/weinclub\/?p=2874"},"modified":"2016-03-04T08:20:31","modified_gmt":"2016-03-04T08:20:31","slug":"vorschau-donnerstag-3-maerz-2016-bordeaux-2006-1996-1986-1976-1966-1956-1945","status":"publish","type":"post","link":"https:\/\/www.meinweinkeller.ch\/weinclub\/donnerstag-degustationen\/vorschau-donnerstag-3-maerz-2016-bordeaux-2006-1996-1986-1976-1966-1956-1945\/","title":{"rendered":"Donnerstag, 3. M\u00e4rz 2016: Bordeaux 2006 &#8211; 1996 &#8211; 1986 &#8211; 1976 &#8211; 1966"},"content":{"rendered":"<p>F\u00fcnf verschiedene Jahrg\u00e4nge, jeweils zehn Jahre Unterschied &#8211; Mann, war das spannend!<\/p>\n<p>Degustierte Weine:<\/p>\n<p><strong>&#8211; La Garde blanc, 2006:<\/strong> leicht mostelig, Boskop, etwas grasig, Bienenwachs, mineralisch, eher kurz &#8211; scheint den Zenith bereits \u00fcberschritten zu haben.<\/p>\n<p><strong>&#8211; Montgrand-Milon, 1966:<\/strong> Torf, Muskat, Zedernholz, erstaunlicherweise nur wenige Altersnoten, am Gaumen dann nicht mehr so attraktiv, recht hart, es fehlt die S\u00fcsse, die man in der Nase zu erahnen glaubte.<\/p>\n<p><strong>&#8211; Cantenac Brown, 1976:<\/strong> die Nase ist in Ordnung mit malzigen Noten, Waldboden, am Gaumen dann nichts wirklich Sch\u00f6nes mehr, es fehlt an Tiefe.<\/p>\n<p><strong>&#8211; Prieur\u00e9-Lichine, 1986:<\/strong> Gew\u00fcrznelken, leicht animalisch, Schokonoten; am Gaumen harte Gerbstoffe, leicht unreife T\u00f6ne.<\/p>\n<p><strong>&#8211; Haut-Batailley, 1986:<\/strong> Maskuliner, toller Wein! Schwarze Schokolade, viel Lakritze, etwas Pilze, am Gaumen Kaffee, mit der typischen 86er S\u00e4ure versehen, die aber hier nicht st\u00f6rt, gute L\u00e4nge.<\/p>\n<p><strong>&#8211; Haut-Batailley, 1996:\u00a0<\/strong>Erstaunlich &#8211; zehn Jahre j\u00fcnger und wirkt schon fast blutjung! W\u00fcrzig, erdig, Kaffee, dunkle Beeren, am Gaumen recht fest, viele Tannine, der kann sogar noch gelagert werden!<\/p>\n<p><strong>&#8211; Ferri\u00e8re, 1996:<\/strong> der exotischste von allen! Eukalyptus, als ob da ein Schuss Don Melchor reingekommen w\u00e4re! S\u00fcssholz, Gew\u00fcrznelken, aber auch Zedernholz; der Gaumen gestaltet sich aufregend, ver\u00e4nderte sich im Laufe des Abends, der Wein wird pl\u00f6tzlich rund und weich, die L\u00e4nge war schon vorher recht lang.<\/p>\n<p><strong>&#8211; Batailley, 1996:<\/strong> Warme Nase mit Noten von Kaffee, heller Schokolade, Vanille, am Gaumen dann irgendwie unharmonisch, leicht prickelnd auf der Zunge, zudem gr\u00fcn. Schade, die Nase hatte soviel mehr versprochen!<\/p>\n<p><strong>&#8211; Talbot, 1996:<\/strong> leicht reduktiv in der Nase, rauchig, Curry, Schokolade; am Gaumen mittlerer K\u00f6rper, etwas gar harte Gerbstoffe, mittellang.<\/p>\n<p><strong>&#8211; d&#8217;Arche Pugneau Trie Exceptionelle Sauternes, 1996:<\/strong> Aprikosen, Sabaione, Marzipan, eine gewaltige Nase, die einen fesselt! Lindenbl\u00fcten, Kandiszucker, ein Abenteuer! Charaktervoller, eigenst\u00e4ndiger, aber untypischer Sauternes. Faszinierend!<\/p>\n<p><strong>&#8211; Rayne-Vigneau, 1996:<\/strong> hier hingegen sind wir wieder im typischen Sauternes-Hafen gelandet! Marzipan, Lebkuchen, Honig, eher feingliedrig, am Gaumen klassisch, sch\u00f6n.<\/p>\n<p><strong>&#8211; Sigalas-Rabaud 1996:<\/strong> Aprikosen, Brioche, \u00fcppig, auch am Gaumen sehr s\u00fcss, deckt vielleicht etwas die S\u00e4ure zu.<\/p>\n<p>&nbsp;<\/p>\n<p><a href=\"http:\/\/www.meinweinkeller.ch\/weinclub\/wp-content\/uploads\/2016\/02\/IMG_3777.jpg\" rel=\"attachment wp-att-2881\"><img loading=\"lazy\" decoding=\"async\" class=\"alignnone size-full wp-image-2881\" src=\"http:\/\/www.meinweinkeller.ch\/weinclub\/wp-content\/uploads\/2016\/02\/IMG_3777.jpg\" alt=\"IMG_3777\" width=\"3264\" height=\"1679\" srcset=\"https:\/\/www.meinweinkeller.ch\/weinclub\/wp-content\/uploads\/2016\/02\/IMG_3777.jpg 3264w, https:\/\/www.meinweinkeller.ch\/weinclub\/wp-content\/uploads\/2016\/02\/IMG_3777-300x154.jpg 300w, https:\/\/www.meinweinkeller.ch\/weinclub\/wp-content\/uploads\/2016\/02\/IMG_3777-768x395.jpg 768w, https:\/\/www.meinweinkeller.ch\/weinclub\/wp-content\/uploads\/2016\/02\/IMG_3777-1024x527.jpg 1024w, https:\/\/www.meinweinkeller.ch\/weinclub\/wp-content\/uploads\/2016\/02\/IMG_3777-500x257.jpg 500w\" sizes=\"auto, (max-width: 3264px) 100vw, 3264px\" \/><\/a><\/p>\n<p>&nbsp;<\/p>\n<p>&nbsp;<\/p>\n<p>&nbsp;<\/p>\n<p>&nbsp;<\/p>\n","protected":false},"excerpt":{"rendered":"<p>F\u00fcnf verschiedene Jahrg\u00e4nge, jeweils zehn Jahre Unterschied &#8211; Mann, war das spannend! Degustierte Weine: &#8211; La Garde blanc, 2006: leicht mostelig, Boskop, etwas grasig, Bienenwachs, mineralisch, eher kurz &#8211; scheint den Zenith bereits \u00fcberschritten zu haben. &#8211; Montgrand-Milon, 1966: Torf, &hellip; <a href=\"https:\/\/www.meinweinkeller.ch\/weinclub\/donnerstag-degustationen\/vorschau-donnerstag-3-maerz-2016-bordeaux-2006-1996-1986-1976-1966-1956-1945\/\">Weiterlesen <span class=\"meta-nav\">&rarr;<\/span><\/a><\/p>\n","protected":false},"author":1,"featured_media":2875,"comment_status":"closed","ping_status":"closed","sticky":false,"template":"","format":"standard","meta":{"footnotes":""},"categories":[4],"tags":[],"class_list":["post-2874","post","type-post","status-publish","format-standard","has-post-thumbnail","hentry","category-donnerstag-degustationen"],"_links":{"self":[{"href":"https:\/\/www.meinweinkeller.ch\/weinclub\/wp-json\/wp\/v2\/posts\/2874","targetHints":{"allow":["GET"]}}],"collection":[{"href":"https:\/\/www.meinweinkeller.ch\/weinclub\/wp-json\/wp\/v2\/posts"}],"about":[{"href":"https:\/\/www.meinweinkeller.ch\/weinclub\/wp-json\/wp\/v2\/types\/post"}],"author":[{"embeddable":true,"href":"https:\/\/www.meinweinkeller.ch\/weinclub\/wp-json\/wp\/v2\/users\/1"}],"replies":[{"embeddable":true,"href":"https:\/\/www.meinweinkeller.ch\/weinclub\/wp-json\/wp\/v2\/comments?post=2874"}],"version-history":[{"count":4,"href":"https:\/\/www.meinweinkeller.ch\/weinclub\/wp-json\/wp\/v2\/posts\/2874\/revisions"}],"predecessor-version":[{"id":2882,"href":"https:\/\/www.meinweinkeller.ch\/weinclub\/wp-json\/wp\/v2\/posts\/2874\/revisions\/2882"}],"wp:featuredmedia":[{"embeddable":true,"href":"https:\/\/www.meinweinkeller.ch\/weinclub\/wp-json\/wp\/v2\/media\/2875"}],"wp:attachment":[{"href":"https:\/\/www.meinweinkeller.ch\/weinclub\/wp-json\/wp\/v2\/media?parent=2874"}],"wp:term":[{"taxonomy":"category","embeddable":true,"href":"https:\/\/www.meinweinkeller.ch\/weinclub\/wp-json\/wp\/v2\/categories?post=2874"},{"taxonomy":"post_tag","embeddable":true,"href":"https:\/\/www.meinweinkeller.ch\/weinclub\/wp-json\/wp\/v2\/tags?post=2874"}],"curies":[{"name":"wp","href":"https:\/\/api.w.org\/{rel}","templated":true}]}}