{"id":287,"date":"2010-10-10T21:02:41","date_gmt":"2010-10-10T19:02:41","guid":{"rendered":"http:\/\/www.meinweinkeller.ch\/weinclub\/uncategorized\/do-degu-vom-14-oktober-2010-oktoberthema-frankreichs-suden\/"},"modified":"2010-10-10T21:02:41","modified_gmt":"2010-10-10T19:02:41","slug":"do-degu-vom-14-oktober-2010-oktoberthema-frankreichs-suden","status":"publish","type":"post","link":"https:\/\/www.meinweinkeller.ch\/weinclub\/donnerstag-degustationen\/do-degu-vom-14-oktober-2010-oktoberthema-frankreichs-suden\/","title":{"rendered":"Do-Degu vom  14. Oktober 2010: Oktoberthema: Frankreichs S\u00fcden!"},"content":{"rendered":"<p>Laufend entdecken auch unsere Weinfreunde tolle Qualit\u00e4ten in Frankreichs S\u00fcden. Mit ein Grund, den Monat Oktober diesem grossen und innovativen Weingebiet zu widmen. Gekr\u00f6nt wird diese Serie dann am Ende des Monats mit einem Besuch eines Winzers aus der Provence.<br \/>Diesen Donnerstag galt Augen-, Nasen- und Mundwerk Entdeckungen aus dem Coteaux du Languedoc, Fitou und Minervois.<\/p>\n<p>Degustierte Weine:<\/p>\n<p>&#8211; Chardonnay Saint-Roch, 2005<br \/>&#8211; Pic Saint-Loup Bergerie, Dom de l&#8217;Hortus, 2007<br \/>&#8211; Fitou Ch\u00e2teau de S\u00e9gure, Cuv\u00e9e Olivier de Termes, 2007<br \/>&#8211; Minervois L&#8217;Ostal Cazes, 2004<br \/>&#8211; Fitou L&#8217;Exception, 2006<br \/>&#8211; Mas Jullien Les Etats d&#8217;Ame, 2007<br \/>&#8211; Mas Jullien, 2006<\/p>\n<p><img decoding=\"async\" src=\"http:\/\/meinweinkeller.blogg.de\/files\/2012\/07\/594px-languedoc.png\" \/><br \/>\n<!--more--><br \/>\n\u00a0<br \/>\nChardonnay Saint-Roch, 2005: Fadengrader, einfach erkennbarer Chardonnay.<\/p>\n<p>Pic Saint-Loup Bergerie, Dom. de l&#8217;Hortus, 2007: Orientalische Gew\u00fcrze, mineralisch, Zitrus; am Gaumen charaktervoll, gewisse S\u00fcsse, mittlere L\u00e4nge.<\/p>\n<p>Fitou Ch\u00e2teau de S\u00e9gure 2007: Massiv Holz, nasse Wolle, ger\u00f6stete Milchmocken; mit der Luft verschwindet das Holz, der Wein wird immer besser, langes Finale.<\/p>\n<p>Minervois l&#8217;Ostal Cazes 2004: Anfangs konservig, Lavendel, stoffig, mollige F\u00fclle, recht druckvoll, mittellang.<\/p>\n<p>Fitou L&#8217;Exception, 2006: Schwarze Beeren, mineralisch, dunkle Schokolade; druckvoll, wieder dunkle Schokoladen, R\u00f6staromen, lang.<\/p>\n<p>Mas Jullien Les Etats d&#8217;Ame, 2007: Animalisch, Urinprobe mit Farbstoff, gut gegen Zahnstein &#8211; nach Lufteinwirkung: immer besser, animalische Noten verfliegen, sehr mineralisch, der Wein fordert heraus.<\/p>\n<p>Mas Jullien 2006: 3 Stunden zuvor dekantiert. Dunkle Beeren, erdig, ger\u00f6stete N\u00fcsse, mineralisch, w\u00fcrzig; am Gaumen nicht sehr kraftvoll, f\u00fcr die einen zu schmalbr\u00fcstig, f\u00fcr die andern gerade richtig. Ein Wein, der niemanden kalt l\u00e4sst.<\/p>\n","protected":false},"excerpt":{"rendered":"<p>Laufend entdecken auch unsere Weinfreunde tolle Qualit\u00e4ten in Frankreichs S\u00fcden. Mit ein Grund, den Monat Oktober diesem grossen und innovativen Weingebiet zu widmen. Gekr\u00f6nt wird diese Serie dann am Ende des Monats mit einem Besuch eines Winzers aus der Provence.Diesen &hellip; <a href=\"https:\/\/www.meinweinkeller.ch\/weinclub\/donnerstag-degustationen\/do-degu-vom-14-oktober-2010-oktoberthema-frankreichs-suden\/\">Weiterlesen <span class=\"meta-nav\">&rarr;<\/span><\/a><\/p>\n","protected":false},"author":1,"featured_media":0,"comment_status":"open","ping_status":"open","sticky":false,"template":"","format":"standard","meta":{"footnotes":""},"categories":[4],"tags":[],"class_list":["post-287","post","type-post","status-publish","format-standard","hentry","category-donnerstag-degustationen"],"_links":{"self":[{"href":"https:\/\/www.meinweinkeller.ch\/weinclub\/wp-json\/wp\/v2\/posts\/287","targetHints":{"allow":["GET"]}}],"collection":[{"href":"https:\/\/www.meinweinkeller.ch\/weinclub\/wp-json\/wp\/v2\/posts"}],"about":[{"href":"https:\/\/www.meinweinkeller.ch\/weinclub\/wp-json\/wp\/v2\/types\/post"}],"author":[{"embeddable":true,"href":"https:\/\/www.meinweinkeller.ch\/weinclub\/wp-json\/wp\/v2\/users\/1"}],"replies":[{"embeddable":true,"href":"https:\/\/www.meinweinkeller.ch\/weinclub\/wp-json\/wp\/v2\/comments?post=287"}],"version-history":[{"count":0,"href":"https:\/\/www.meinweinkeller.ch\/weinclub\/wp-json\/wp\/v2\/posts\/287\/revisions"}],"wp:attachment":[{"href":"https:\/\/www.meinweinkeller.ch\/weinclub\/wp-json\/wp\/v2\/media?parent=287"}],"wp:term":[{"taxonomy":"category","embeddable":true,"href":"https:\/\/www.meinweinkeller.ch\/weinclub\/wp-json\/wp\/v2\/categories?post=287"},{"taxonomy":"post_tag","embeddable":true,"href":"https:\/\/www.meinweinkeller.ch\/weinclub\/wp-json\/wp\/v2\/tags?post=287"}],"curies":[{"name":"wp","href":"https:\/\/api.w.org\/{rel}","templated":true}]}}