{"id":2853,"date":"2016-02-13T16:46:12","date_gmt":"2016-02-13T16:46:12","guid":{"rendered":"http:\/\/www.meinweinkeller.ch\/weinclub\/?p=2853"},"modified":"2016-02-20T12:52:13","modified_gmt":"2016-02-20T12:52:13","slug":"donnerstag-18-februar-2016-best-of-teneriffa","status":"publish","type":"post","link":"https:\/\/www.meinweinkeller.ch\/weinclub\/donnerstag-degustationen\/donnerstag-18-februar-2016-best-of-teneriffa\/","title":{"rendered":"Donnerstag, 18. Februar 2016: Best of Teneriffa!"},"content":{"rendered":"<p>Winterzeit bedeutet auch, dass Otti im S\u00fcden den Fr\u00fchling vorholt. Diesmal war er in Teneriffa und stellte mit Rudi, dem Sommelier des Casa del Vinos in Sauzal, eine Anzahl hervorragender Weine zusammen. Wahrscheinlich nicht nur eine beliebige Auswahl, sondern die besten Weine der Insel! Danke Otti, f\u00fcr den tollen Abend!<\/p>\n<p>Degustierte Weine:<\/p>\n<p><strong>&#8211; Crater Tenerife Blanco D 2014:<\/strong> Sehr blumige Noten, vulkanisches Terroir riechbar, am Gaumen fehlt es etwas an Pfiff, die sehr gut eingebundene S\u00e4ure macht dies aber wieder wett.<\/p>\n<p><strong>&#8211; Tajinaste Vendimia Seleccionada 2013:<\/strong> leider Kork, dahinter w\u00fcrzig, Kakao, Kirschen, am Gaumen trocken, gut integrierte S\u00e4ure.<\/p>\n<p><strong>&#8211; Pagos Rever\u00f3n Crianza 2012:<\/strong> Moderne mit Terroir gekonnt vereint: einerseits viel nobles Holz, karamelliger Schmelz, auf der andern Seite vulkanische Noten und eine nicht unterdr\u00fcckte Tanninstruktur, die dem Wein R\u00fcckgrat verleiht und ihn zu einem passenden Essensbegleiter macht. Toll!<\/p>\n<p><strong>&#8211; Hiboro Syrah 2014, Bodega La Hijuela: <\/strong>Pfeffrig, Vanille, S\u00fcssholz, frischer Windelfurz, am Gaumen momentan etwas zuviel CO2, mittellang. Muss sich erst noch finden.<\/p>\n<p><strong>&#8211; Crater Tacoronte-Acentejo 2011, Buten: <\/strong>W\u00fcrzige Nase, schwarze Beerenfrucht, Noten von vulkanischem Gestein, modern, aber dennoch breit gef\u00e4chert, harmonisch, sehr gute L\u00e4nge.<\/p>\n<p><strong>&#8211; Crater Magma 2008, Buten: <\/strong>Sehr noble Nase, Zartbitterschokolade, schwarze Fr\u00fcchte, pfeffrig, Vulkanterroir dr\u00fcckt durch; am Gaumen voller K\u00f6rper, breit und vielschichtig, sehr lang, hat noch Potential. Grosser Wein!<\/p>\n<p><strong>&#8211; Humboldt Malvasia Cl\u00e1sico 2012, Bodega Comarcal Tacoronte: <\/strong>Nussaromatik, Williamsbirnen, Mango, mittels\u00fcss, auch am Gaumen reife Birnen, gute L\u00e4nge.<\/p>\n<div id=\"attachment_2866\" style=\"width: 594px\" class=\"wp-caption alignnone\"><a href=\"http:\/\/www.meinweinkeller.ch\/weinclub\/wp-content\/uploads\/2016\/02\/tenerifa.jpg\" rel=\"attachment wp-att-2866\"><img loading=\"lazy\" decoding=\"async\" aria-describedby=\"caption-attachment-2866\" class=\"size-large wp-image-2866\" src=\"http:\/\/www.meinweinkeller.ch\/weinclub\/wp-content\/uploads\/2016\/02\/tenerifa-1024x768.jpg\" alt=\"Grosse Weine von Tenerifa\" width=\"584\" height=\"438\" srcset=\"https:\/\/www.meinweinkeller.ch\/weinclub\/wp-content\/uploads\/2016\/02\/tenerifa-1024x768.jpg 1024w, https:\/\/www.meinweinkeller.ch\/weinclub\/wp-content\/uploads\/2016\/02\/tenerifa-300x225.jpg 300w, https:\/\/www.meinweinkeller.ch\/weinclub\/wp-content\/uploads\/2016\/02\/tenerifa-768x576.jpg 768w, https:\/\/www.meinweinkeller.ch\/weinclub\/wp-content\/uploads\/2016\/02\/tenerifa-400x300.jpg 400w, https:\/\/www.meinweinkeller.ch\/weinclub\/wp-content\/uploads\/2016\/02\/tenerifa.jpg 1632w\" sizes=\"auto, (max-width: 584px) 100vw, 584px\" \/><\/a><p id=\"caption-attachment-2866\" class=\"wp-caption-text\">Grosse Weine von Tenerifa<\/p><\/div>\n<p><a href=\"http:\/\/www.meinweinkeller.ch\/weinclub\/wp-content\/uploads\/2016\/02\/IMG_3541.jpg\"><img loading=\"lazy\" decoding=\"async\" class=\"alignnone size-large wp-image-2863\" src=\"http:\/\/www.meinweinkeller.ch\/weinclub\/wp-content\/uploads\/2016\/02\/IMG_3541-1024x695.jpg\" alt=\"IMG_3541\" width=\"584\" height=\"396\" srcset=\"https:\/\/www.meinweinkeller.ch\/weinclub\/wp-content\/uploads\/2016\/02\/IMG_3541-1024x695.jpg 1024w, https:\/\/www.meinweinkeller.ch\/weinclub\/wp-content\/uploads\/2016\/02\/IMG_3541-300x204.jpg 300w, https:\/\/www.meinweinkeller.ch\/weinclub\/wp-content\/uploads\/2016\/02\/IMG_3541-442x300.jpg 442w\" sizes=\"auto, (max-width: 584px) 100vw, 584px\" \/><\/a><\/p>\n<p>Gastgeber Otti &#8211; hat alles richtig gemacht und die besten Weine aus Teneriffa mitgebracht!<\/p>\n<p><a href=\"http:\/\/www.meinweinkeller.ch\/weinclub\/wp-content\/uploads\/2016\/02\/IMG_3544.jpg\"><img loading=\"lazy\" decoding=\"async\" class=\"alignnone size-large wp-image-2864\" src=\"http:\/\/www.meinweinkeller.ch\/weinclub\/wp-content\/uploads\/2016\/02\/IMG_3544-653x1024.jpg\" alt=\"IMG_3544\" width=\"584\" height=\"916\" srcset=\"https:\/\/www.meinweinkeller.ch\/weinclub\/wp-content\/uploads\/2016\/02\/IMG_3544-653x1024.jpg 653w, https:\/\/www.meinweinkeller.ch\/weinclub\/wp-content\/uploads\/2016\/02\/IMG_3544-191x300.jpg 191w, https:\/\/www.meinweinkeller.ch\/weinclub\/wp-content\/uploads\/2016\/02\/IMG_3544.jpg 1399w\" sizes=\"auto, (max-width: 584px) 100vw, 584px\" \/><\/a><\/p>\n<p>&nbsp;<\/p>\n<p>&nbsp;<\/p>\n<p><a href=\"http:\/\/www.meinweinkeller.ch\/weinclub\/wp-content\/uploads\/2016\/02\/IMG_4876.jpg\"><img loading=\"lazy\" decoding=\"async\" class=\"alignnone size-full wp-image-2854\" src=\"http:\/\/www.meinweinkeller.ch\/weinclub\/wp-content\/uploads\/2016\/02\/IMG_4876.jpg\" alt=\"IMG_4876\" width=\"640\" height=\"480\" srcset=\"https:\/\/www.meinweinkeller.ch\/weinclub\/wp-content\/uploads\/2016\/02\/IMG_4876.jpg 640w, https:\/\/www.meinweinkeller.ch\/weinclub\/wp-content\/uploads\/2016\/02\/IMG_4876-300x225.jpg 300w, https:\/\/www.meinweinkeller.ch\/weinclub\/wp-content\/uploads\/2016\/02\/IMG_4876-400x300.jpg 400w\" sizes=\"auto, (max-width: 640px) 100vw, 640px\" \/><\/a><\/p>\n<p>Bild: Sehr alte Weinpresse im Museum des Casa del Vinos in Sauzal, Teneriffa<\/p>\n<div id=\"attachment_2855\" style=\"width: 594px\" class=\"wp-caption alignnone\"><a href=\"http:\/\/www.meinweinkeller.ch\/weinclub\/wp-content\/uploads\/2016\/02\/P1010007.jpg\"><img loading=\"lazy\" decoding=\"async\" aria-describedby=\"caption-attachment-2855\" class=\"size-large wp-image-2855\" src=\"http:\/\/www.meinweinkeller.ch\/weinclub\/wp-content\/uploads\/2016\/02\/P1010007-1024x768.jpg\" alt=\"OLYMPUS DIGITAL CAMERA\" width=\"584\" height=\"438\" srcset=\"https:\/\/www.meinweinkeller.ch\/weinclub\/wp-content\/uploads\/2016\/02\/P1010007-1024x768.jpg 1024w, https:\/\/www.meinweinkeller.ch\/weinclub\/wp-content\/uploads\/2016\/02\/P1010007-300x225.jpg 300w, https:\/\/www.meinweinkeller.ch\/weinclub\/wp-content\/uploads\/2016\/02\/P1010007-400x300.jpg 400w, https:\/\/www.meinweinkeller.ch\/weinclub\/wp-content\/uploads\/2016\/02\/P1010007.jpg 1600w\" sizes=\"auto, (max-width: 584px) 100vw, 584px\" \/><\/a><p id=\"caption-attachment-2855\" class=\"wp-caption-text\">Teide, Teneriffa,\u00a0 am Fusse des Berges wachsen die besten Weine der Insel; wie Crater und Magma, der Bodega Crater<\/p><\/div>\n","protected":false},"excerpt":{"rendered":"<p>Winterzeit bedeutet auch, dass Otti im S\u00fcden den Fr\u00fchling vorholt. Diesmal war er in Teneriffa und stellte mit Rudi, dem Sommelier des Casa del Vinos in Sauzal, eine Anzahl hervorragender Weine zusammen. Wahrscheinlich nicht nur eine beliebige Auswahl, sondern die &hellip; <a href=\"https:\/\/www.meinweinkeller.ch\/weinclub\/donnerstag-degustationen\/donnerstag-18-februar-2016-best-of-teneriffa\/\">Weiterlesen <span class=\"meta-nav\">&rarr;<\/span><\/a><\/p>\n","protected":false},"author":1,"featured_media":2855,"comment_status":"closed","ping_status":"closed","sticky":false,"template":"","format":"standard","meta":{"footnotes":""},"categories":[4],"tags":[],"class_list":["post-2853","post","type-post","status-publish","format-standard","has-post-thumbnail","hentry","category-donnerstag-degustationen"],"_links":{"self":[{"href":"https:\/\/www.meinweinkeller.ch\/weinclub\/wp-json\/wp\/v2\/posts\/2853","targetHints":{"allow":["GET"]}}],"collection":[{"href":"https:\/\/www.meinweinkeller.ch\/weinclub\/wp-json\/wp\/v2\/posts"}],"about":[{"href":"https:\/\/www.meinweinkeller.ch\/weinclub\/wp-json\/wp\/v2\/types\/post"}],"author":[{"embeddable":true,"href":"https:\/\/www.meinweinkeller.ch\/weinclub\/wp-json\/wp\/v2\/users\/1"}],"replies":[{"embeddable":true,"href":"https:\/\/www.meinweinkeller.ch\/weinclub\/wp-json\/wp\/v2\/comments?post=2853"}],"version-history":[{"count":4,"href":"https:\/\/www.meinweinkeller.ch\/weinclub\/wp-json\/wp\/v2\/posts\/2853\/revisions"}],"predecessor-version":[{"id":2867,"href":"https:\/\/www.meinweinkeller.ch\/weinclub\/wp-json\/wp\/v2\/posts\/2853\/revisions\/2867"}],"wp:featuredmedia":[{"embeddable":true,"href":"https:\/\/www.meinweinkeller.ch\/weinclub\/wp-json\/wp\/v2\/media\/2855"}],"wp:attachment":[{"href":"https:\/\/www.meinweinkeller.ch\/weinclub\/wp-json\/wp\/v2\/media?parent=2853"}],"wp:term":[{"taxonomy":"category","embeddable":true,"href":"https:\/\/www.meinweinkeller.ch\/weinclub\/wp-json\/wp\/v2\/categories?post=2853"},{"taxonomy":"post_tag","embeddable":true,"href":"https:\/\/www.meinweinkeller.ch\/weinclub\/wp-json\/wp\/v2\/tags?post=2853"}],"curies":[{"name":"wp","href":"https:\/\/api.w.org\/{rel}","templated":true}]}}