{"id":2777,"date":"2015-12-07T13:47:40","date_gmt":"2015-12-07T13:47:40","guid":{"rendered":"http:\/\/www.meinweinkeller.ch\/weinclub\/?p=2777"},"modified":"2016-01-04T18:22:50","modified_gmt":"2016-01-04T18:22:50","slug":"donnerstag-10-dezember-keine-degu-der-weinkeller-ist-am-feiern-wir-wuenschen-allen-schoene-festtage","status":"publish","type":"post","link":"https:\/\/www.meinweinkeller.ch\/weinclub\/donnerstag-degustationen\/donnerstag-10-dezember-keine-degu-der-weinkeller-ist-am-feiern-wir-wuenschen-allen-schoene-festtage\/","title":{"rendered":"Donnerstag, 10. Dezember keine Degu &#8211; der Weinkeller ist am Feiern! Wir w\u00fcnschen allen sch\u00f6ne Festtage und sehen uns wieder am 7. Januar 2016!"},"content":{"rendered":"<p>Wir feierten am Donnerstag, 10. Dezember 2015 mit unseren treuen Magnum-Mitgliedern Wein-Nachten. Wir freuen uns, am 7. Januar 2016 mit einem n\u00e4chsten Bordeaux-Abend wieder alle begr\u00fcssen zu d\u00fcrfen.<\/p>\n<p>Getrunkene Weine an unserem Wei(h)nachtsabend (besten Dank, Roman f\u00fcr das feine Essen von Ethno Catering)! Thema war Merlot alte Welt.<\/p>\n<p>&#8211; Hermitage Blanche 2010, J.L. Chave S\u00e9lection, Frankreich<\/p>\n<p>&#8211; L&#8217;Hermitage Blanc 2008, J. L. Chave, Frankreich<\/p>\n<p>&#8211; Merlot Riserva 2013, Tenimento dell&#8217;Or, Tessin, Schweiz<\/p>\n<p>&#8211; Castello Luigi 2003, Luigi Zanini, Tessin, Schweiz<\/p>\n<p>&#8211; Merlot La Ricolma 2007, San Giusto a Rentennano, Toskana, Italien<\/p>\n<p>&#8211; Galatrona 2009, Fattoria Petrolo, Toskana, Italien<\/p>\n<p>&#8211; Messorio 2000, Le Macchiole, Toskana, Italien<\/p>\n<p>&#8211; L&#8217;Apparita 1993, Castello di Ama, Toskana, Italien<\/p>\n<p>&#8211; L&#8217;Apparita 2000, Castello di Ama, Toskana, Italien<\/p>\n<p>&#8211; Scala 2003, Kopp von der Crone Visini, Tessin, Schweiz<\/p>\n<p>&#8211; Carato Riserva 2011, Angelo Delea, Tessin, Schweiz<\/p>\n<p>&#8211; Lamaione 1995, Frescobaldi, Toskana, Italien<\/p>\n<p>&#8211; Planeta Sicilia Merlot 1997, Planeta, Sizilien, Italien<\/p>\n<p>&#8211; Calle Rosso Veronese 2009, Gino Fasoli, Veneto, Italien<\/p>\n<p style=\"text-align: left;\">&#8211; Pedro Ximenez Solera 1830, Alvear, Montilla-Moriles, Spanien<\/p>\n<p style=\"text-align: left;\"><a href=\"http:\/\/www.meinweinkeller.ch\/weinclub\/wp-content\/uploads\/2015\/12\/weihnacht.jpg\"><img loading=\"lazy\" decoding=\"async\" class=\"alignnone size-large wp-image-2796\" src=\"http:\/\/www.meinweinkeller.ch\/weinclub\/wp-content\/uploads\/2015\/12\/weihnacht-1024x768.jpg\" alt=\"weihnacht\" width=\"584\" height=\"438\" srcset=\"https:\/\/www.meinweinkeller.ch\/weinclub\/wp-content\/uploads\/2015\/12\/weihnacht-1024x768.jpg 1024w, https:\/\/www.meinweinkeller.ch\/weinclub\/wp-content\/uploads\/2015\/12\/weihnacht-300x225.jpg 300w, https:\/\/www.meinweinkeller.ch\/weinclub\/wp-content\/uploads\/2015\/12\/weihnacht-400x300.jpg 400w, https:\/\/www.meinweinkeller.ch\/weinclub\/wp-content\/uploads\/2015\/12\/weihnacht.jpg 1632w\" sizes=\"auto, (max-width: 584px) 100vw, 584px\" \/><\/a><\/p>\n<p><a href=\"http:\/\/www.meinweinkeller.ch\/weinclub\/wp-content\/uploads\/2015\/12\/IMG_3047.jpg\">\u00a0\u00a0\u00a0\u00a0\u00a0\u00a0\u00a0\u00a0\u00a0 \u00a0\u00a0\u00a0\u00a0\u00a0\u00a0\u00a0\u00a0\u00a0 <\/a><a href=\"http:\/\/www.meinweinkeller.ch\/weinclub\/wp-content\/uploads\/2015\/12\/IMG_3047.jpg\"><img loading=\"lazy\" decoding=\"async\" class=\"alignleft wp-image-2787 size-medium\" src=\"http:\/\/www.meinweinkeller.ch\/weinclub\/wp-content\/uploads\/2015\/12\/IMG_3047-154x300.jpg\" alt=\"IMG_3047\" width=\"154\" height=\"300\" srcset=\"https:\/\/www.meinweinkeller.ch\/weinclub\/wp-content\/uploads\/2015\/12\/IMG_3047-154x300.jpg 154w, https:\/\/www.meinweinkeller.ch\/weinclub\/wp-content\/uploads\/2015\/12\/IMG_3047-525x1024.jpg 525w, https:\/\/www.meinweinkeller.ch\/weinclub\/wp-content\/uploads\/2015\/12\/IMG_3047.jpg 1674w\" sizes=\"auto, (max-width: 154px) 100vw, 154px\" \/><\/a><a href=\"http:\/\/www.meinweinkeller.ch\/weinclub\/wp-content\/uploads\/2015\/12\/IMG_3049.jpg\"><img loading=\"lazy\" decoding=\"async\" class=\"size-medium wp-image-2789 alignright\" src=\"http:\/\/www.meinweinkeller.ch\/weinclub\/wp-content\/uploads\/2015\/12\/IMG_3049-202x300.jpg\" alt=\"IMG_3049\" width=\"202\" height=\"300\" srcset=\"https:\/\/www.meinweinkeller.ch\/weinclub\/wp-content\/uploads\/2015\/12\/IMG_3049-202x300.jpg 202w, https:\/\/www.meinweinkeller.ch\/weinclub\/wp-content\/uploads\/2015\/12\/IMG_3049-689x1024.jpg 689w\" sizes=\"auto, (max-width: 202px) 100vw, 202px\" \/><\/a><a href=\"http:\/\/www.meinweinkeller.ch\/weinclub\/wp-content\/uploads\/2015\/12\/IMG_3048.jpg\"><img loading=\"lazy\" decoding=\"async\" class=\"size-medium wp-image-2788 alignleft\" src=\"http:\/\/www.meinweinkeller.ch\/weinclub\/wp-content\/uploads\/2015\/12\/IMG_3048-187x300.jpg\" alt=\"IMG_3048\" width=\"187\" height=\"300\" srcset=\"https:\/\/www.meinweinkeller.ch\/weinclub\/wp-content\/uploads\/2015\/12\/IMG_3048-187x300.jpg 187w, https:\/\/www.meinweinkeller.ch\/weinclub\/wp-content\/uploads\/2015\/12\/IMG_3048-638x1024.jpg 638w, https:\/\/www.meinweinkeller.ch\/weinclub\/wp-content\/uploads\/2015\/12\/IMG_3048.jpg 2034w\" sizes=\"auto, (max-width: 187px) 100vw, 187px\" \/><\/a><a href=\"http:\/\/www.meinweinkeller.ch\/weinclub\/wp-content\/uploads\/2015\/12\/IMG_3050.jpg\"><img loading=\"lazy\" decoding=\"async\" class=\"size-medium wp-image-2790 alignright\" src=\"http:\/\/www.meinweinkeller.ch\/weinclub\/wp-content\/uploads\/2015\/12\/IMG_3050-188x300.jpg\" alt=\"IMG_3050\" width=\"188\" height=\"300\" srcset=\"https:\/\/www.meinweinkeller.ch\/weinclub\/wp-content\/uploads\/2015\/12\/IMG_3050-188x300.jpg 188w, https:\/\/www.meinweinkeller.ch\/weinclub\/wp-content\/uploads\/2015\/12\/IMG_3050-643x1024.jpg 643w, https:\/\/www.meinweinkeller.ch\/weinclub\/wp-content\/uploads\/2015\/12\/IMG_3050.jpg 2048w\" sizes=\"auto, (max-width: 188px) 100vw, 188px\" \/><\/a><\/p>\n","protected":false},"excerpt":{"rendered":"<p>Wir feierten am Donnerstag, 10. Dezember 2015 mit unseren treuen Magnum-Mitgliedern Wein-Nachten. Wir freuen uns, am 7. Januar 2016 mit einem n\u00e4chsten Bordeaux-Abend wieder alle begr\u00fcssen zu d\u00fcrfen. Getrunkene Weine an unserem Wei(h)nachtsabend (besten Dank, Roman f\u00fcr das feine Essen &hellip; <a href=\"https:\/\/www.meinweinkeller.ch\/weinclub\/donnerstag-degustationen\/donnerstag-10-dezember-keine-degu-der-weinkeller-ist-am-feiern-wir-wuenschen-allen-schoene-festtage\/\">Weiterlesen <span class=\"meta-nav\">&rarr;<\/span><\/a><\/p>\n","protected":false},"author":1,"featured_media":0,"comment_status":"closed","ping_status":"closed","sticky":false,"template":"","format":"standard","meta":{"footnotes":""},"categories":[4],"tags":[],"class_list":["post-2777","post","type-post","status-publish","format-standard","hentry","category-donnerstag-degustationen"],"_links":{"self":[{"href":"https:\/\/www.meinweinkeller.ch\/weinclub\/wp-json\/wp\/v2\/posts\/2777","targetHints":{"allow":["GET"]}}],"collection":[{"href":"https:\/\/www.meinweinkeller.ch\/weinclub\/wp-json\/wp\/v2\/posts"}],"about":[{"href":"https:\/\/www.meinweinkeller.ch\/weinclub\/wp-json\/wp\/v2\/types\/post"}],"author":[{"embeddable":true,"href":"https:\/\/www.meinweinkeller.ch\/weinclub\/wp-json\/wp\/v2\/users\/1"}],"replies":[{"embeddable":true,"href":"https:\/\/www.meinweinkeller.ch\/weinclub\/wp-json\/wp\/v2\/comments?post=2777"}],"version-history":[{"count":6,"href":"https:\/\/www.meinweinkeller.ch\/weinclub\/wp-json\/wp\/v2\/posts\/2777\/revisions"}],"predecessor-version":[{"id":2797,"href":"https:\/\/www.meinweinkeller.ch\/weinclub\/wp-json\/wp\/v2\/posts\/2777\/revisions\/2797"}],"wp:attachment":[{"href":"https:\/\/www.meinweinkeller.ch\/weinclub\/wp-json\/wp\/v2\/media?parent=2777"}],"wp:term":[{"taxonomy":"category","embeddable":true,"href":"https:\/\/www.meinweinkeller.ch\/weinclub\/wp-json\/wp\/v2\/categories?post=2777"},{"taxonomy":"post_tag","embeddable":true,"href":"https:\/\/www.meinweinkeller.ch\/weinclub\/wp-json\/wp\/v2\/tags?post=2777"}],"curies":[{"name":"wp","href":"https:\/\/api.w.org\/{rel}","templated":true}]}}