{"id":270,"date":"2010-05-14T08:09:23","date_gmt":"2010-05-14T06:09:23","guid":{"rendered":"http:\/\/www.meinweinkeller.ch\/weinclub\/uncategorized\/do-degu-vom-20-mai-2010-serie-traubensorten-gruner-veltliner\/"},"modified":"2010-05-14T08:09:23","modified_gmt":"2010-05-14T06:09:23","slug":"do-degu-vom-20-mai-2010-serie-traubensorten-gruner-veltliner","status":"publish","type":"post","link":"https:\/\/www.meinweinkeller.ch\/weinclub\/donnerstag-degustationen\/do-degu-vom-20-mai-2010-serie-traubensorten-gruner-veltliner\/","title":{"rendered":"Do-Degu vom 20. Mai 2010: Serie Traubensorten: Gr\u00fcner Veltliner!"},"content":{"rendered":"<p>Es ist h\u00f6chste Zeit, die Donnerstag-Abende wieder im gem\u00fctlichen Toskanast\u00fcbli verbringen zu k\u00f6nnen&#8230; <br \/>Das war die Ank\u00fcndigung &#8211; leider war&#8217;s zu kalt, und bei solch garstigem Wetter einigte sich das kleine Gr\u00fcppchen bald einmal, nicht bei den Weissen zu bleiben.<\/p>\n<p>&#8211; Degustierte Weine:<\/p>\n<p>&#8211; Gr\u00fcner Veltliner Smaragd Pichl Point, Schmelz, 2002<br \/>&#8211; Colombis Ch\u00e2teauneuf-du-Pape, I. Ferrando, 2007 <\/p>\n<div style=\"text-align: center;\"><\/div>\n<div style=\"text-align: center;\"><img decoding=\"async\" src=\"http:\/\/meinweinkeller.blogg.de\/files\/2012\/07\/gruener_veltliner.jpg\" \/><\/div>\n<p><\/p>\n<h1 class=\"firstHeading\" id=\"firstHeading\">Gr\u00fcner Veltliner<\/h1>\n<h3 id=\"siteSub\">aus Wikipedia, der freien Enzyklop\u00e4die<\/h3>\n<p>\t\t<!-- start content --><\/p>\n<p>Der <b>Gr\u00fcne Veltliner<\/b> ist eine wei\u00dfe <a title=\"Rebsorte\" href=\"http:\/\/de.wikipedia.org\/wiki\/Rebsorte\">Rebsorte<\/a>.<\/p>\n<div class=\"thumb tright\">\n<div style=\"width: 142px;\" class=\"thumbinner\">Gr\u00fcner Veltliner\n<\/div>\n<\/div>\n<p>Die in <a title=\"\u00d6sterreich\" href=\"http:\/\/de.wikipedia.org\/wiki\/%C3%96sterreich\">\u00d6sterreich<\/a>, insbesondere in <a title=\"Nieder\u00f6sterreich\" href=\"http:\/\/de.wikipedia.org\/wiki\/Nieder%C3%B6sterreich\">Nieder\u00f6sterreich<\/a>, am weitesten verbreitete <a class=\"mw-redirect\" title=\"Weintraube\" href=\"http:\/\/de.wikipedia.org\/wiki\/Weintraube\">Traube<\/a> wird au\u00dferhalb ihrer Heimat wenig angebaut, abgesehen von einigen kleineren <a title=\"Mitteleuropa\" href=\"http:\/\/de.wikipedia.org\/wiki\/Mitteleuropa\">mitteleurop\u00e4ischen<\/a> Regionen, etwa in <a title=\"Tschechien\" href=\"http:\/\/de.wikipedia.org\/wiki\/Tschechien\">Tschechien<\/a> in der <a title=\"Slowakei\" href=\"http:\/\/de.wikipedia.org\/wiki\/Slowakei\">Slowakei<\/a> oder <a title=\"Ungarn\" href=\"http:\/\/de.wikipedia.org\/wiki\/Ungarn\">Ungarn<\/a>. Sie gedeiht besonders gut auf <a title=\"L\u00f6ss\" href=\"http:\/\/de.wikipedia.org\/wiki\/L%C3%B6ss\">L\u00f6ssb\u00f6den<\/a> wie im n\u00f6rdlichen <a title=\"Weinviertel\" href=\"http:\/\/de.wikipedia.org\/wiki\/Weinviertel\">Weinviertel<\/a>, wo die Rebe in Boden und Klima optimale Voraussetzungen findet, ebenso in der <a title=\"Wachau\" href=\"http:\/\/de.wikipedia.org\/wiki\/Wachau\">Wachau<\/a>, im <a class=\"mw-redirect\" title=\"Kamptal\" href=\"http:\/\/de.wikipedia.org\/wiki\/Kamptal\">Kamptal<\/a>, <a title=\"Kremstal (Nieder\u00f6sterreich)\" href=\"http:\/\/de.wikipedia.org\/wiki\/Kremstal_%28Nieder%C3%B6sterreich%29\">Kremstal<\/a> und am <a title=\"Wagram\" href=\"http:\/\/de.wikipedia.org\/wiki\/Wagram\">Wagram<\/a>. Im 20.\u00a0Jahrhundert wiederentdeckt, ist sie heute <i>die<\/i><br \/>\nTraube in \u00d6sterreich, wo sie im Jahr 2009 mit 32,6\u00a0% der<br \/>\nbewirtschafteten Gesamtrebenfl\u00e4che mit Abstand den ersten Platz belegt.<sup class=\"reference\" id=\"cite_ref-0\"><a href=\"http:\/\/de.wikipedia.org\/wiki\/Gr%C3%BCner_Veltliner#cite_note-0\">[1]<\/a><\/sup> So wurde dem Gr\u00fcnen Veltliner der erste \u00f6sterreichische DAC-Wein, der <a title=\"Districtus Austriae Controllatus\" href=\"http:\/\/de.wikipedia.org\/wiki\/Districtus_Austriae_Controllatus#Weinviertel_DAC\">Weinviertel DAC<\/a>, gewidmet. Seit 2006 gibt es auch noch einen weiteren DAC aus dieser Rebsorte mit dem <a title=\"Districtus Austriae Controllatus\" href=\"http:\/\/de.wikipedia.org\/wiki\/Districtus_Austriae_Controllatus#Traisental_DAC\">Traisental DAC<\/a>,<br \/>\nseit dem Jahrgang 2007 sogar einen dritten &#8211; den Kremstal DAC der am<br \/>\nWei\u00dfweinsektor als erster DAC eine Reservelinie gestattet.<\/p>\n<p>Ihre Weine bestechen durch ihr intensives <a title=\"Bouquet (Wein)\" href=\"http:\/\/de.wikipedia.org\/wiki\/Bouquet_%28Wein%29\">Bouquet<\/a> und durch ihre Frische. Typisch k\u00f6nnen angenehme Aromen nach wei\u00dfem <a title=\"Pfeffer\" href=\"http:\/\/de.wikipedia.org\/wiki\/Pfeffer\">Pfeffer<\/a> oder auch <a title=\"Tabak\" href=\"http:\/\/de.wikipedia.org\/wiki\/Tabak\">Tabak<\/a> ausgemacht werden, hervorragend ist aber meist die intensivere Nase und der Geschmack nach <a title=\"Zitrone\" href=\"http:\/\/de.wikipedia.org\/wiki\/Zitrone\">Citrus<\/a> und Frucht (<a title=\"Pfirsich\" href=\"http:\/\/de.wikipedia.org\/wiki\/Pfirsich\">Pfirsich<\/a>).<br \/>\nEin guter Veltliner besticht durch seine Frische am Gaumen und ist,<br \/>\nentgegen landl\u00e4ufiger Meinung, die auf vielen eher m\u00e4\u00dfigen Veltlinern<br \/>\nberuht, durchaus lagerf\u00e4hig. Bei Verkostungen \u00e4lterer Weine<br \/>\nbeeindrucken hochwertige Veltliner immer wieder durch ihre erstaunliche<br \/>\nFrische.<\/p>\n<p>Zur Abstammung gibt es mittlerweile neue Erkenntnisse durch den <a title=\"Klosterneuburg\" href=\"http:\/\/de.wikipedia.org\/wiki\/Klosterneuburg\">Klosterneuburger<\/a><br \/>\nGenetik-Experten Ferdinand Regner. Der (bisher unbekannte) nun<br \/>\naufgefundene zweite Elternteil wird von Regner nach dem Auffindungsort <a class=\"mw-redirect\" title=\"St. Georgen am Leithagebirge\" href=\"http:\/\/de.wikipedia.org\/wiki\/St._Georgen_am_Leithagebirge\">St. Georgen am Leithagebirge<\/a> (vorl\u00e4ufig) als \u201eSt. Georgen\u201c bezeichnet, lokal d\u00fcrfte die Traube als <i>Gr\u00fcnmuskateller<\/i> bezeichnet worden sein<sup class=\"reference\" id=\"cite_ref-1\"><a href=\"http:\/\/de.wikipedia.org\/wiki\/Gr%C3%BCner_Veltliner#cite_note-1\">[2]<\/a><\/sup>.<\/p>\n<p>Der Gr\u00fcne Veltliner ist nicht n\u00e4her verwandt mit dem <i><a title=\"Fr\u00fchroter Veltliner\" href=\"http:\/\/de.wikipedia.org\/wiki\/Fr%C3%BChroter_Veltliner\">Fr\u00fchroten Veltliner<\/a><\/i>.<\/p>\n<p><b>Abstammung:<\/b> <a title=\"Traminer\" href=\"http:\/\/de.wikipedia.org\/wiki\/Traminer\">Traminer<\/a> x noch unbekannt, <a title=\"Roter Veltliner\" href=\"http:\/\/de.wikipedia.org\/wiki\/Roter_Veltliner\">Roter Veltliner<\/a> ist neuesten Erkenntnissen zu Folge kein Gro\u00dfelternteil<\/p>\n<p><!--more--><br \/>\n\u00a0<br \/>\n<br \/>Der Gr\u00fcne Veltliner Smaragd Pichl Point 2002 von Schmelz (Wachau) gefiel mit einer sch\u00f6nen Honignote und einer feinen Mineralit\u00e4t; am Gaumen vollreife Netzmelone, etwas Patschuli, langer Abgang. Ein Klassewein!<\/p>\n<p>Dann wie gesagt der Abgang vom Thema und hin zur 97 Parker-Granate (man g\u00f6nnt sich ja sonst nichts&#8230;):<\/p>\n<p>Colombis Ch\u00e2teauneuf-du-Pape, Isabel Ferrando 2007:<\/p>\n<p>Explosion der verschiedensten D\u00fcfte wie S\u00fcssholz, rote Beeren, Lavendel, Pfeffer! Am Gaumen unheimliche Dichte, voller K\u00f6rper, samtige Tannine, schier endloses Finale. Einfach geil! <br \/>Parker schreibt, dass die Degustation auf dem Weingut 2009 zu den eindr\u00fccklisten Degustationen geh\u00f6rte&#8230; <\/p>\n","protected":false},"excerpt":{"rendered":"<p>Es ist h\u00f6chste Zeit, die Donnerstag-Abende wieder im gem\u00fctlichen Toskanast\u00fcbli verbringen zu k\u00f6nnen&#8230; Das war die Ank\u00fcndigung &#8211; leider war&#8217;s zu kalt, und bei solch garstigem Wetter einigte sich das kleine Gr\u00fcppchen bald einmal, nicht bei den Weissen zu bleiben. &hellip; <a href=\"https:\/\/www.meinweinkeller.ch\/weinclub\/donnerstag-degustationen\/do-degu-vom-20-mai-2010-serie-traubensorten-gruner-veltliner\/\">Weiterlesen <span class=\"meta-nav\">&rarr;<\/span><\/a><\/p>\n","protected":false},"author":1,"featured_media":0,"comment_status":"open","ping_status":"open","sticky":false,"template":"","format":"standard","meta":{"footnotes":""},"categories":[4],"tags":[],"class_list":["post-270","post","type-post","status-publish","format-standard","hentry","category-donnerstag-degustationen"],"_links":{"self":[{"href":"https:\/\/www.meinweinkeller.ch\/weinclub\/wp-json\/wp\/v2\/posts\/270","targetHints":{"allow":["GET"]}}],"collection":[{"href":"https:\/\/www.meinweinkeller.ch\/weinclub\/wp-json\/wp\/v2\/posts"}],"about":[{"href":"https:\/\/www.meinweinkeller.ch\/weinclub\/wp-json\/wp\/v2\/types\/post"}],"author":[{"embeddable":true,"href":"https:\/\/www.meinweinkeller.ch\/weinclub\/wp-json\/wp\/v2\/users\/1"}],"replies":[{"embeddable":true,"href":"https:\/\/www.meinweinkeller.ch\/weinclub\/wp-json\/wp\/v2\/comments?post=270"}],"version-history":[{"count":0,"href":"https:\/\/www.meinweinkeller.ch\/weinclub\/wp-json\/wp\/v2\/posts\/270\/revisions"}],"wp:attachment":[{"href":"https:\/\/www.meinweinkeller.ch\/weinclub\/wp-json\/wp\/v2\/media?parent=270"}],"wp:term":[{"taxonomy":"category","embeddable":true,"href":"https:\/\/www.meinweinkeller.ch\/weinclub\/wp-json\/wp\/v2\/categories?post=270"},{"taxonomy":"post_tag","embeddable":true,"href":"https:\/\/www.meinweinkeller.ch\/weinclub\/wp-json\/wp\/v2\/tags?post=270"}],"curies":[{"name":"wp","href":"https:\/\/api.w.org\/{rel}","templated":true}]}}