{"id":2454,"date":"2015-01-26T07:19:14","date_gmt":"2015-01-26T07:19:14","guid":{"rendered":"http:\/\/www.meinweinkeller.ch\/weinclub\/?p=2454"},"modified":"2015-02-04T08:26:48","modified_gmt":"2015-02-04T08:26:48","slug":"vorschau-donnerstag-29-januar-2015-portugal","status":"publish","type":"post","link":"https:\/\/www.meinweinkeller.ch\/weinclub\/donnerstag-degustationen\/vorschau-donnerstag-29-januar-2015-portugal\/","title":{"rendered":"Donnerstag, 29. Januar 2015: Portugal!"},"content":{"rendered":"<p>Wer h\u00e4tte das gedacht &#8211; ein leckerer Portugal Weinabend! &#8230;. und erst noch mit dem ber\u00fchmten Sandgruben Wein dem Colares 1976! Gibts das eigentlich noch?<\/p>\n<p>Degustierte Weine:<\/p>\n<p>&#8211; Colares Reserva 1976, Tavares &amp; Rodrigues: Heu, rote Beeren, wirkt viel j\u00fcnger; am Gaumen knochentrocken, m\u00e4chtig S\u00e4ure, anhaltend. H\u00e4lt nochmals locker ein Jahrzehnt oder mehr.<\/p>\n<p>&#8211; Jos\u00e9 de Sousa Mayor 1994, Jos\u00e9 Maria da Fonseca: Aromat, Leder, Tabak; am Gaumen verbl\u00fcffend, warme S\u00fcsse, recht konzentriert; \u00fcber dem Zenith, aber noch im Spassfaktorbereich.<\/p>\n<p>&#8211; Brutalis 2008, Vidigal Wines: Sonntagsbraten, Blumentopferde; am Gaumen nicht ganz harmonisch &#8211; das Label ist besser als der Inhalt.<\/p>\n<p>&#8211; Vertente Douro 2005, Niipoort: schwarze Beeren, Mokka, schmeichlerisch, weich, endet leider etwas kurz.<\/p>\n<p>&#8211; Monte do Castanheiro 2011, Quinta do Zambujeiro: dunkle Beeren, schwarze Schokolade; am Gaumen sch\u00f6ner Schmelz, reife Tannine, gute L\u00e4nge.<\/p>\n<p>&#8211; Quinta de la Rose Reserva 2009: schwarze Schokolade, dunkle Beeren, mineralische Note; am Gaumen extrem viel Kraft, lang.<\/p>\n<p>&#8211; Terra do Zambujeiro 2008, Quinta do Zambujeiro: leicht animalisch, dunkle Beeren, Teer, Mokka; am Gaumen Power, langer Abgang.<\/p>\n<p>&#8211; Vintage Port 2011, Quinta de la Rosa: noch zu verschlossen, sehr jung, wirkt im Moment etwas medizinal.<\/p>\n<p>&#8211; Vintage Port 1995 Churchill: ups &#8211; entweder durchl\u00e4ssiger Kork oder der Wein ist tats\u00e4chlich schon hin\u00fcber.<\/p>\n<p><a href=\"http:\/\/www.meinweinkeller.ch\/weinclub\/wp-content\/uploads\/2015\/01\/portugal.jpg\"><img loading=\"lazy\" decoding=\"async\" class=\"alignnone size-large wp-image-2462\" src=\"http:\/\/www.meinweinkeller.ch\/weinclub\/wp-content\/uploads\/2015\/01\/portugal-1024x768.jpg\" alt=\"portugal\" width=\"584\" height=\"438\" srcset=\"https:\/\/www.meinweinkeller.ch\/weinclub\/wp-content\/uploads\/2015\/01\/portugal-1024x768.jpg 1024w, https:\/\/www.meinweinkeller.ch\/weinclub\/wp-content\/uploads\/2015\/01\/portugal-300x225.jpg 300w, https:\/\/www.meinweinkeller.ch\/weinclub\/wp-content\/uploads\/2015\/01\/portugal-400x300.jpg 400w, https:\/\/www.meinweinkeller.ch\/weinclub\/wp-content\/uploads\/2015\/01\/portugal.jpg 1632w\" sizes=\"auto, (max-width: 584px) 100vw, 584px\" \/><\/a><\/p>\n","protected":false},"excerpt":{"rendered":"<p>Wer h\u00e4tte das gedacht &#8211; ein leckerer Portugal Weinabend! &#8230;. und erst noch mit dem ber\u00fchmten Sandgruben Wein dem Colares 1976! Gibts das eigentlich noch? Degustierte Weine: &#8211; Colares Reserva 1976, Tavares &amp; Rodrigues: Heu, rote Beeren, wirkt viel j\u00fcnger; &hellip; <a href=\"https:\/\/www.meinweinkeller.ch\/weinclub\/donnerstag-degustationen\/vorschau-donnerstag-29-januar-2015-portugal\/\">Weiterlesen <span class=\"meta-nav\">&rarr;<\/span><\/a><\/p>\n","protected":false},"author":1,"featured_media":0,"comment_status":"closed","ping_status":"closed","sticky":false,"template":"","format":"standard","meta":{"footnotes":""},"categories":[4],"tags":[],"class_list":["post-2454","post","type-post","status-publish","format-standard","hentry","category-donnerstag-degustationen"],"_links":{"self":[{"href":"https:\/\/www.meinweinkeller.ch\/weinclub\/wp-json\/wp\/v2\/posts\/2454","targetHints":{"allow":["GET"]}}],"collection":[{"href":"https:\/\/www.meinweinkeller.ch\/weinclub\/wp-json\/wp\/v2\/posts"}],"about":[{"href":"https:\/\/www.meinweinkeller.ch\/weinclub\/wp-json\/wp\/v2\/types\/post"}],"author":[{"embeddable":true,"href":"https:\/\/www.meinweinkeller.ch\/weinclub\/wp-json\/wp\/v2\/users\/1"}],"replies":[{"embeddable":true,"href":"https:\/\/www.meinweinkeller.ch\/weinclub\/wp-json\/wp\/v2\/comments?post=2454"}],"version-history":[{"count":4,"href":"https:\/\/www.meinweinkeller.ch\/weinclub\/wp-json\/wp\/v2\/posts\/2454\/revisions"}],"predecessor-version":[{"id":2469,"href":"https:\/\/www.meinweinkeller.ch\/weinclub\/wp-json\/wp\/v2\/posts\/2454\/revisions\/2469"}],"wp:attachment":[{"href":"https:\/\/www.meinweinkeller.ch\/weinclub\/wp-json\/wp\/v2\/media?parent=2454"}],"wp:term":[{"taxonomy":"category","embeddable":true,"href":"https:\/\/www.meinweinkeller.ch\/weinclub\/wp-json\/wp\/v2\/categories?post=2454"},{"taxonomy":"post_tag","embeddable":true,"href":"https:\/\/www.meinweinkeller.ch\/weinclub\/wp-json\/wp\/v2\/tags?post=2454"}],"curies":[{"name":"wp","href":"https:\/\/api.w.org\/{rel}","templated":true}]}}