{"id":238,"date":"2009-09-21T06:55:34","date_gmt":"2009-09-21T04:55:34","guid":{"rendered":"http:\/\/www.meinweinkeller.ch\/weinclub\/uncategorized\/do-degu-vom-24-september-2009-languedoc-roussillon\/"},"modified":"2009-09-21T06:55:34","modified_gmt":"2009-09-21T04:55:34","slug":"do-degu-vom-24-september-2009-languedoc-roussillon","status":"publish","type":"post","link":"https:\/\/www.meinweinkeller.ch\/weinclub\/donnerstag-degustationen\/do-degu-vom-24-september-2009-languedoc-roussillon\/","title":{"rendered":"Do-Degu vom 24. September 2009: Languedoc-Roussillon"},"content":{"rendered":"<p>Unser Mitglied Jorge war im Languedoc-Roussillon auf Wein- und Delikatessenjagd und hat von beidem \u00fcppig heimgebracht. <br \/>Ein unvergesslicher Abend &#8211; mit unvergesslichen Promillen:<br \/>Les Maurgnates, Muscat 2008<br \/>La Pr\u00e9ceptoire, \u00e9crit de Lumi\u00e8re, 2002<br \/>Mont d&#8217;Estagel, Cotes du Rousillon Villages, 2005<br \/>La Rectorie, Collioure, 2007<br \/>irouleguy, Herri Minai 2006<br \/>Domaine Gardi\u00e8s 2007 &#8211; visitors choice: wine of the evening<br \/>Mauri, S\u00fcsswein<br \/>\n<!--more--><br \/>\nDegustationsnotizen:<br \/>Les Maurgnates, Muscat 2008: sch\u00f6ne Frische mit Duft von \u00c4pfeln &#8211; Grafensteiner, Eisz\u00e4ltli, trocken auf der Zunge und Rests\u00fcsse im Gaumen, ausgewogene S\u00e4ure, voller &#8211; sauberer Wein<br \/>\nLa Pr\u00e9ceptoire, \u00e9crit de Lumi\u00e8re, 2002: Duft nach \u00fcberreifen Fr\u00fcchten, D\u00f6rrfr\u00fcchte, Brombeeren, N\u00e4geli, Confit\u00fcre, s\u00fcss-sauer, schwer, viel Sonne, Fazit: sch\u00f6n (mit anderen Worten &#8211; wir waren uns nicht einig)<br \/>\nMont d&#8217;Estagel, Cotes du Rousillon Villages, 2005: oha &#8211; konzentrierte Brobeeren, Rhumpunsch (?), Tabak, Zedern, Zitrus, elegant, schwarze Kirschen in Tabak, schwarze Schokolade &#8211; hat allen gut gefallen<br \/>\nLa Rectorie, Collioure, 2007: Brombeeren, Salz &#8211; man erahnt die Meern\u00e4he und h\u00f6rt bereits die Wellen rauschen, Birnweggen, leicht grasig &#8211; schliesslich aber kaum berauschend<br \/>\nirouleguy, Herri Minai 2006: der Pirat vom Atlantik. F\u00fcr die einen nur noch &#8218;berauschend&#8216;: b\u00e4uerlich, ungehobelt, herb &#8211; derb; f\u00fcr die anderen sch\u00f6n berauschend: Landlust, herbe Sch\u00f6nheit &#8211; Heu, trocken, Geissen &#8211; im Heu liegend, der zweite Schluck l\u00e4sst den Blick durch den sonnendurchfluteten Heuboden schweifen &#8211; oder eben &#8211; f\u00fcr den Insider: sch\u00f6ner schreiben!<br \/>\nDomaine Gardi\u00e8s 2007 &#8211; visitors choice: wine of the evening: leicht verdeckte Nase, am Gaumen ein einfach toller Wein! schwarze Schoggi, Chilli, Kaffee, sch\u00f6ne Bitterkeit, harmonisch &#8211; schmeckt steinhart &#8211; was immer das heissen mag &#8211; nach diesem Abend weiss das vermutlich keiner mehr &#8211; vermutlich: sack stark?!<br \/>\nMauri, S\u00fcsswein: &#8230; irgendwie ein W\u00e4sserchen, aber eben &#8211; jedenfalls kein Mas Amiel, deshalb ist es auch kaum Schade, dass der Autor &#8211; hicks &#8211; den Namen nicht aufgeschrieben hat.<\/p>\n","protected":false},"excerpt":{"rendered":"<p>Unser Mitglied Jorge war im Languedoc-Roussillon auf Wein- und Delikatessenjagd und hat von beidem \u00fcppig heimgebracht. Ein unvergesslicher Abend &#8211; mit unvergesslichen Promillen:Les Maurgnates, Muscat 2008La Pr\u00e9ceptoire, \u00e9crit de Lumi\u00e8re, 2002Mont d&#8217;Estagel, Cotes du Rousillon Villages, 2005La Rectorie, Collioure, 2007irouleguy, &hellip; <a href=\"https:\/\/www.meinweinkeller.ch\/weinclub\/donnerstag-degustationen\/do-degu-vom-24-september-2009-languedoc-roussillon\/\">Weiterlesen <span class=\"meta-nav\">&rarr;<\/span><\/a><\/p>\n","protected":false},"author":1,"featured_media":0,"comment_status":"open","ping_status":"open","sticky":false,"template":"","format":"standard","meta":{"footnotes":""},"categories":[4],"tags":[19,33,62,64],"class_list":["post-238","post","type-post","status-publish","format-standard","hentry","category-donnerstag-degustationen","tag-degustation","tag-meinweinkeller","tag-wein","tag-winterthur"],"_links":{"self":[{"href":"https:\/\/www.meinweinkeller.ch\/weinclub\/wp-json\/wp\/v2\/posts\/238","targetHints":{"allow":["GET"]}}],"collection":[{"href":"https:\/\/www.meinweinkeller.ch\/weinclub\/wp-json\/wp\/v2\/posts"}],"about":[{"href":"https:\/\/www.meinweinkeller.ch\/weinclub\/wp-json\/wp\/v2\/types\/post"}],"author":[{"embeddable":true,"href":"https:\/\/www.meinweinkeller.ch\/weinclub\/wp-json\/wp\/v2\/users\/1"}],"replies":[{"embeddable":true,"href":"https:\/\/www.meinweinkeller.ch\/weinclub\/wp-json\/wp\/v2\/comments?post=238"}],"version-history":[{"count":0,"href":"https:\/\/www.meinweinkeller.ch\/weinclub\/wp-json\/wp\/v2\/posts\/238\/revisions"}],"wp:attachment":[{"href":"https:\/\/www.meinweinkeller.ch\/weinclub\/wp-json\/wp\/v2\/media?parent=238"}],"wp:term":[{"taxonomy":"category","embeddable":true,"href":"https:\/\/www.meinweinkeller.ch\/weinclub\/wp-json\/wp\/v2\/categories?post=238"},{"taxonomy":"post_tag","embeddable":true,"href":"https:\/\/www.meinweinkeller.ch\/weinclub\/wp-json\/wp\/v2\/tags?post=238"}],"curies":[{"name":"wp","href":"https:\/\/api.w.org\/{rel}","templated":true}]}}