{"id":2358,"date":"2014-10-26T12:28:33","date_gmt":"2014-10-26T12:28:33","guid":{"rendered":"http:\/\/www.meinweinkeller.ch\/weinclub\/?p=2358"},"modified":"2014-11-02T16:22:11","modified_gmt":"2014-11-02T16:22:11","slug":"vorschau-donnerstag-30-oktober-2014-burgunder-abend","status":"publish","type":"post","link":"https:\/\/www.meinweinkeller.ch\/weinclub\/donnerstag-degustationen\/vorschau-donnerstag-30-oktober-2014-burgunder-abend\/","title":{"rendered":"Donnerstag, 30. Oktober 2014: Burgunder-Abend!"},"content":{"rendered":"<p>Roland war in der Region Burgund im Urlaub und brachte eine spannende Anzahl Weine mit. Auch das Essen mundete vorz\u00fcglich! Vielen Dank, Roland!<\/p>\n<p>Degustierte Weine:<\/p>\n<p>&#8211; Beaujolais Nouveau 2013, Cuv\u00e9e Novalis: Ja, auch das Beaujolais geh\u00f6rt zum Burgund! Ok, der Beaujolais Nouveau m\u00fcsste innert Monaten getrunken sein &#8211; einfach, Grapefruitnoten, am Gaumen st\u00f6rt die Bitterkeit.<\/p>\n<p>&#8211; Saint-Amour 2010, Georges Duboeuf: Reife Bananen, fast keine Fruchtnoten (mehr); am Gaumen eine st\u00f6rende Rhabarbers\u00e4ure.<\/p>\n<p>&#8211; Chablis La Pauli\u00e8re 2012, Jean Durup: Leider Kork. An und f\u00fcr sich sch\u00f6ne Mineralik aufzeigend, aber nicht bewertbar.<\/p>\n<p>&#8211; Puligny-Montrachet 2011, Jean-Marc Boillot: Zitrusnoten, Holz, traubig; am Gaumen noch jung wirkend, st\u00fctzende S\u00e4ure, wird sich noch besser entwickeln. Essenswein!<\/p>\n<p>&#8211; Savigny Les Beaune Les Lavi\u00e8res 1er cru 2010, Chandon des Briailles: Himbeeren, wirklich sch\u00f6ne Frucht; auch am Gaumen sch\u00f6ne Harmonie, mittlerer K\u00f6rper, druckvoller Abgang &#8211; ein Wein, der wirklich Spass macht!<\/p>\n<p>&#8211; Beaune les Aigrots 1er cru 2010, Albert Morot: Toastig, Teer, Rauch, viel Lakritze, Zwetschge, sehr interessante Nase; am Gaumen noch ungest\u00fcm, muss noch etwas reifen, kommt aber vielversprechend!<\/p>\n<p>&#8211; Pernand Vergelesses Ile de Vergelesses 2010, Chandon des Briailles: klassische Pinotnase mit Noten von roten Beeren, Tabak; am Gaumen im Moment etwas Co2-dominiert &#8211; auch hier: muss sich erst noch finden.<\/p>\n<p>&#8211; Aloxe-Corton Les Fourni\u00e8res 1er cru 2008, Domaine Tollot-Beaut: Leder, erdig, zur Zeit etwas wenig Frucht, am Gaumen fehlt die Harmonie, zwar mit Druck, aber der Schwefel st\u00f6rt. Wer mehrere Flaschen davon hat &#8211; immer wieder versuchen &#8211; vielleicht kriegt man ihn irgendwann auf dem H\u00f6hepunkt.<\/p>\n<p>&nbsp;<\/p>\n<p><a href=\"http:\/\/www.meinweinkeller.ch\/weinclub\/wp-content\/uploads\/2014\/10\/burgund.jpg\"><img loading=\"lazy\" decoding=\"async\" class=\"alignnone size-large wp-image-2366\" src=\"http:\/\/www.meinweinkeller.ch\/weinclub\/wp-content\/uploads\/2014\/10\/burgund-1024x768.jpg\" alt=\"burgund\" width=\"584\" height=\"438\" srcset=\"https:\/\/www.meinweinkeller.ch\/weinclub\/wp-content\/uploads\/2014\/10\/burgund-1024x768.jpg 1024w, https:\/\/www.meinweinkeller.ch\/weinclub\/wp-content\/uploads\/2014\/10\/burgund-300x225.jpg 300w, https:\/\/www.meinweinkeller.ch\/weinclub\/wp-content\/uploads\/2014\/10\/burgund-400x300.jpg 400w, https:\/\/www.meinweinkeller.ch\/weinclub\/wp-content\/uploads\/2014\/10\/burgund.jpg 1632w\" sizes=\"auto, (max-width: 584px) 100vw, 584px\" \/><\/a><\/p>\n<p>&nbsp;<\/p>\n<p>&nbsp;<\/p>\n<p>&nbsp;<\/p>\n<p>&nbsp;<\/p>\n","protected":false},"excerpt":{"rendered":"<p>Roland war in der Region Burgund im Urlaub und brachte eine spannende Anzahl Weine mit. Auch das Essen mundete vorz\u00fcglich! Vielen Dank, Roland! Degustierte Weine: &#8211; Beaujolais Nouveau 2013, Cuv\u00e9e Novalis: Ja, auch das Beaujolais geh\u00f6rt zum Burgund! Ok, der &hellip; <a href=\"https:\/\/www.meinweinkeller.ch\/weinclub\/donnerstag-degustationen\/vorschau-donnerstag-30-oktober-2014-burgunder-abend\/\">Weiterlesen <span class=\"meta-nav\">&rarr;<\/span><\/a><\/p>\n","protected":false},"author":1,"featured_media":0,"comment_status":"closed","ping_status":"closed","sticky":false,"template":"","format":"standard","meta":{"footnotes":""},"categories":[4],"tags":[],"class_list":["post-2358","post","type-post","status-publish","format-standard","hentry","category-donnerstag-degustationen"],"_links":{"self":[{"href":"https:\/\/www.meinweinkeller.ch\/weinclub\/wp-json\/wp\/v2\/posts\/2358","targetHints":{"allow":["GET"]}}],"collection":[{"href":"https:\/\/www.meinweinkeller.ch\/weinclub\/wp-json\/wp\/v2\/posts"}],"about":[{"href":"https:\/\/www.meinweinkeller.ch\/weinclub\/wp-json\/wp\/v2\/types\/post"}],"author":[{"embeddable":true,"href":"https:\/\/www.meinweinkeller.ch\/weinclub\/wp-json\/wp\/v2\/users\/1"}],"replies":[{"embeddable":true,"href":"https:\/\/www.meinweinkeller.ch\/weinclub\/wp-json\/wp\/v2\/comments?post=2358"}],"version-history":[{"count":5,"href":"https:\/\/www.meinweinkeller.ch\/weinclub\/wp-json\/wp\/v2\/posts\/2358\/revisions"}],"predecessor-version":[{"id":2368,"href":"https:\/\/www.meinweinkeller.ch\/weinclub\/wp-json\/wp\/v2\/posts\/2358\/revisions\/2368"}],"wp:attachment":[{"href":"https:\/\/www.meinweinkeller.ch\/weinclub\/wp-json\/wp\/v2\/media?parent=2358"}],"wp:term":[{"taxonomy":"category","embeddable":true,"href":"https:\/\/www.meinweinkeller.ch\/weinclub\/wp-json\/wp\/v2\/categories?post=2358"},{"taxonomy":"post_tag","embeddable":true,"href":"https:\/\/www.meinweinkeller.ch\/weinclub\/wp-json\/wp\/v2\/tags?post=2358"}],"curies":[{"name":"wp","href":"https:\/\/api.w.org\/{rel}","templated":true}]}}