{"id":2290,"date":"2014-09-07T21:30:41","date_gmt":"2014-09-07T21:30:41","guid":{"rendered":"http:\/\/www.meinweinkeller.ch\/weinclub\/?p=2290"},"modified":"2014-09-13T10:03:23","modified_gmt":"2014-09-13T10:03:23","slug":"vorschau-donnerstag-11-september-2014-cotes-de-provence","status":"publish","type":"post","link":"https:\/\/www.meinweinkeller.ch\/weinclub\/donnerstag-degustationen\/vorschau-donnerstag-11-september-2014-cotes-de-provence\/","title":{"rendered":"Donnerstag, 11. September 2014: Cotes de Provence"},"content":{"rendered":"<p>Degustierte Weine:<\/p>\n<p>&#8211; Ch\u00e2teau de Fontcreuse Cuv\u00e9e F 2013: Birnen, Pfirsich, Grapefruit, Lindenbl\u00fcten; am Gaumen gut eingebundene S\u00e4ure, viel Druck, gute L\u00e4nge. Toller Eintieg!<\/p>\n<p>&#8211; Prestige Ros\u00e9 2013, Les Vignerons de la Cave de Pierrefeu: sehr florale Nase, zart, Bl\u00fcten, Feuersteinz\u00e4ltli, am Gaumen eher schlicht, trocken, macht in der Provence bei Ferienstimmung wahrscheinlich etwas mehr Spass.<\/p>\n<p>&#8211; Prestige Rouge 2011, Les Vignerons de la Cave de Pierrefeu: Pfeffer &#8211; der Syrah schimmert durch, Frucht &#8211;\u00a0 Grenache l\u00e4sst gr\u00fcssen, W\u00fcrzigkeit &#8211; Carignan sagt Hallo, leider am Gaumen leicht gr\u00fcne Noten, hohe Adstringenz, zu den feinen Salami sp\u00e4ter perfekt.<\/p>\n<p>&#8211; Londel C\u00f4tes de Provence: fruchtig, frisch, einfach, schade, dass das Finale doch eher kurz ist.<\/p>\n<p>&#8211; Les Phyllades 2012, Sainte Eulalie: Karamell, aber auch viel Frucht; am Gaumen ausladend, gute L\u00e4nge.<\/p>\n<p>&#8211; Lune Rouge 2012, Bastide des Deux Lunes, C\u00f4tes de Provence: Sehr moderne Nase, Karamell, Vanille; am Gaumen dick, druckvoll, ein bisschen ein Prahler.<\/p>\n<p>&#8211; Bandol Rouge 2008, Ch\u00e2teau de Pibarnon: Leder, Gew\u00fcrze, Tabak, schwarze Beeren; am Gaumen finessenreich, langes Finale.<\/p>\n<p>&#8211; C\u00f4tes du Rh\u00f4ne Villages Les Echalas 2010, Clos Bellane: dunkle Beeren, dicker Stoff, moderne Bombe, die uns alle verf\u00fchrt und begeistert &#8211; Pirat hin oder her!<\/p>\n<p>Danke Jorge, f\u00fcr die feinen Weine und die wunderbaren Fleisch- und K\u00e4sespezialit\u00e4ten von der Provence!<\/p>\n<p><a href=\"http:\/\/www.meinweinkeller.ch\/weinclub\/wp-content\/uploads\/2014\/09\/provence.jpg\"><img loading=\"lazy\" decoding=\"async\" class=\"alignnone size-large wp-image-2303\" src=\"http:\/\/www.meinweinkeller.ch\/weinclub\/wp-content\/uploads\/2014\/09\/provence-1024x768.jpg\" alt=\"provence\" width=\"584\" height=\"438\" srcset=\"https:\/\/www.meinweinkeller.ch\/weinclub\/wp-content\/uploads\/2014\/09\/provence-1024x768.jpg 1024w, https:\/\/www.meinweinkeller.ch\/weinclub\/wp-content\/uploads\/2014\/09\/provence-300x225.jpg 300w, https:\/\/www.meinweinkeller.ch\/weinclub\/wp-content\/uploads\/2014\/09\/provence-400x300.jpg 400w, https:\/\/www.meinweinkeller.ch\/weinclub\/wp-content\/uploads\/2014\/09\/provence.jpg 1632w\" sizes=\"auto, (max-width: 584px) 100vw, 584px\" \/><\/a><\/p>\n<p>&nbsp;<\/p>\n","protected":false},"excerpt":{"rendered":"<p>Degustierte Weine: &#8211; Ch\u00e2teau de Fontcreuse Cuv\u00e9e F 2013: Birnen, Pfirsich, Grapefruit, Lindenbl\u00fcten; am Gaumen gut eingebundene S\u00e4ure, viel Druck, gute L\u00e4nge. Toller Eintieg! &#8211; Prestige Ros\u00e9 2013, Les Vignerons de la Cave de Pierrefeu: sehr florale Nase, zart, Bl\u00fcten, &hellip; <a href=\"https:\/\/www.meinweinkeller.ch\/weinclub\/donnerstag-degustationen\/vorschau-donnerstag-11-september-2014-cotes-de-provence\/\">Weiterlesen <span class=\"meta-nav\">&rarr;<\/span><\/a><\/p>\n","protected":false},"author":1,"featured_media":0,"comment_status":"closed","ping_status":"closed","sticky":false,"template":"","format":"standard","meta":{"footnotes":""},"categories":[4],"tags":[],"class_list":["post-2290","post","type-post","status-publish","format-standard","hentry","category-donnerstag-degustationen"],"_links":{"self":[{"href":"https:\/\/www.meinweinkeller.ch\/weinclub\/wp-json\/wp\/v2\/posts\/2290","targetHints":{"allow":["GET"]}}],"collection":[{"href":"https:\/\/www.meinweinkeller.ch\/weinclub\/wp-json\/wp\/v2\/posts"}],"about":[{"href":"https:\/\/www.meinweinkeller.ch\/weinclub\/wp-json\/wp\/v2\/types\/post"}],"author":[{"embeddable":true,"href":"https:\/\/www.meinweinkeller.ch\/weinclub\/wp-json\/wp\/v2\/users\/1"}],"replies":[{"embeddable":true,"href":"https:\/\/www.meinweinkeller.ch\/weinclub\/wp-json\/wp\/v2\/comments?post=2290"}],"version-history":[{"count":4,"href":"https:\/\/www.meinweinkeller.ch\/weinclub\/wp-json\/wp\/v2\/posts\/2290\/revisions"}],"predecessor-version":[{"id":2304,"href":"https:\/\/www.meinweinkeller.ch\/weinclub\/wp-json\/wp\/v2\/posts\/2290\/revisions\/2304"}],"wp:attachment":[{"href":"https:\/\/www.meinweinkeller.ch\/weinclub\/wp-json\/wp\/v2\/media?parent=2290"}],"wp:term":[{"taxonomy":"category","embeddable":true,"href":"https:\/\/www.meinweinkeller.ch\/weinclub\/wp-json\/wp\/v2\/categories?post=2290"},{"taxonomy":"post_tag","embeddable":true,"href":"https:\/\/www.meinweinkeller.ch\/weinclub\/wp-json\/wp\/v2\/tags?post=2290"}],"curies":[{"name":"wp","href":"https:\/\/api.w.org\/{rel}","templated":true}]}}