{"id":225,"date":"2009-05-31T13:53:42","date_gmt":"2009-05-31T11:53:42","guid":{"rendered":"http:\/\/www.meinweinkeller.ch\/weinclub\/uncategorized\/do-degu-vom-4-juni-2009-weisses-aus-oesterreich\/"},"modified":"2009-05-31T13:53:42","modified_gmt":"2009-05-31T11:53:42","slug":"do-degu-vom-4-juni-2009-weisses-aus-oesterreich","status":"publish","type":"post","link":"https:\/\/www.meinweinkeller.ch\/weinclub\/donnerstag-degustationen\/do-degu-vom-4-juni-2009-weisses-aus-oesterreich\/","title":{"rendered":"Do-Degu vom 4. Juni 2009: Weisses aus Oesterreich"},"content":{"rendered":"<p>Degustierte Weine:<\/p>\n<p>&#8211; Rheinriesling Burgenland 2003, Norbert Schmelzer<br \/>\n&#8211; Riesling Z\u00f6bing Heiligenstein 2001, Weingut Hirsch, Kamptal<br \/>\n&#8211; Gr\u00fcner Veltliner Kammern, Lamm, 2002, Hirsch, Kamptal<br \/>\n<!--more--><br \/>\nSchmelzers Riesling gefiel einmal mehr durch seine sch\u00f6ne, schn\u00f6rkellose Art, mit einem Hauch Rests\u00fcsse und einer vifen S\u00e4ure. Zum Ap\u00e9ro eine gute Variante.<\/p>\n<p>Riesling Z\u00f6bing Heiligenstein 2001, Weingut Hirsch:<br \/>\nFeine tropische Fr\u00fcchte, Passionsfrucht, Mirabellen, wundersch\u00f6n gereift, ohne alt zu wirken, im Gegenteil, am Gaumen verspr\u00fcht er noch eine geradezu jugendliche Kraft, hat eine sch\u00f6ne, f\u00fcllige L\u00e4nge. Ein Essensbegleiter, der gut und gerne noch ein paar Jahre halten wird.<\/p>\n<p>Gr\u00fcner Veltliner Kammern Lamm, 2002, Weingut Hirsch:<br \/>\nRauchiges Bukett, fleischig, ausdruckstark; am Gaumen eher schlank, die Profis vermelden den typischen Pfeffergeschmack im Abgang. Etwas w\u00e4rmer geworden, hat er sich positiv entwickelt und macht nun richtig Freude. Auch ein Essensbegleiter.<\/p>\n","protected":false},"excerpt":{"rendered":"<p>Degustierte Weine: &#8211; Rheinriesling Burgenland 2003, Norbert Schmelzer &#8211; Riesling Z\u00f6bing Heiligenstein 2001, Weingut Hirsch, Kamptal &#8211; Gr\u00fcner Veltliner Kammern, Lamm, 2002, Hirsch, Kamptal<\/p>\n","protected":false},"author":1,"featured_media":0,"comment_status":"open","ping_status":"open","sticky":false,"template":"","format":"standard","meta":{"footnotes":""},"categories":[4],"tags":[],"class_list":["post-225","post","type-post","status-publish","format-standard","hentry","category-donnerstag-degustationen"],"_links":{"self":[{"href":"https:\/\/www.meinweinkeller.ch\/weinclub\/wp-json\/wp\/v2\/posts\/225","targetHints":{"allow":["GET"]}}],"collection":[{"href":"https:\/\/www.meinweinkeller.ch\/weinclub\/wp-json\/wp\/v2\/posts"}],"about":[{"href":"https:\/\/www.meinweinkeller.ch\/weinclub\/wp-json\/wp\/v2\/types\/post"}],"author":[{"embeddable":true,"href":"https:\/\/www.meinweinkeller.ch\/weinclub\/wp-json\/wp\/v2\/users\/1"}],"replies":[{"embeddable":true,"href":"https:\/\/www.meinweinkeller.ch\/weinclub\/wp-json\/wp\/v2\/comments?post=225"}],"version-history":[{"count":0,"href":"https:\/\/www.meinweinkeller.ch\/weinclub\/wp-json\/wp\/v2\/posts\/225\/revisions"}],"wp:attachment":[{"href":"https:\/\/www.meinweinkeller.ch\/weinclub\/wp-json\/wp\/v2\/media?parent=225"}],"wp:term":[{"taxonomy":"category","embeddable":true,"href":"https:\/\/www.meinweinkeller.ch\/weinclub\/wp-json\/wp\/v2\/categories?post=225"},{"taxonomy":"post_tag","embeddable":true,"href":"https:\/\/www.meinweinkeller.ch\/weinclub\/wp-json\/wp\/v2\/tags?post=225"}],"curies":[{"name":"wp","href":"https:\/\/api.w.org\/{rel}","templated":true}]}}