{"id":2213,"date":"2014-06-02T07:09:10","date_gmt":"2014-06-02T07:09:10","guid":{"rendered":"http:\/\/www.meinweinkeller.ch\/weinclub\/?p=2213"},"modified":"2014-06-06T07:12:07","modified_gmt":"2014-06-06T07:12:07","slug":"degustation-vom-5-juni-2014-bordeaux-2010-teil-1","status":"publish","type":"post","link":"https:\/\/www.meinweinkeller.ch\/weinclub\/donnerstag-degustationen\/degustation-vom-5-juni-2014-bordeaux-2010-teil-1\/","title":{"rendered":"Donnerstag, 5. Juni 2014: Bordeaux 2010 &#8211; Teil 1!"},"content":{"rendered":"<p>Hm &#8211; ist 2010 wirklich sooo gross wie \u00fcberall geschrieben? Oder pr\u00e4sentieren sich die Weine momentan in einer Verschlussphase? In einem Monat testen wir nochmals einige 2010er &#8211; an diesem Abend blieb ein kritisches Gef\u00fchl bez\u00fcglich Alterungspotential. Erinnerungen an 1975 und 1987 werden wach&#8230;<\/p>\n<p>&#8211; Degustierte Weine:<\/p>\n<p>&#8211; Ch\u00e2teau Citran 2010: frisch, w\u00fcrzig, feine Lakritznoten; am Gaumen mittlerer K\u00f6rper, wieder sch\u00f6ne Gew\u00fcrze &#8211; mit Sicherheit besser als der 09er, wahrscheinlich der beste Citran seit dem 2000er.<\/p>\n<p>&#8211; Rol Valentin 2010: Attraktive Nase, modern, f\u00fcllig, weich &#8211; macht in diesem Stadium bereits unheimlich Freude &#8211; wenn man denn solch moderne Bordeaux mag&#8230;<\/p>\n<p>&#8211; Camensac 2010: Humidor, dunkle Beeren, Gew\u00fcrznelken; am Gaumen kraftvoll, mit Charakter &#8211; gelungen! In drei, vier Jahren mit Bestimmtheit noch besser!<\/p>\n<p>&#8211; Poujeaux 2010: Schwarze Beeren, mineralisch, kr\u00e4utrig; am Gaumen etwas charakterlos, die Begeisterung h\u00e4lt sich in Grenzen. Vielleicht war die Erwartungshaltung einfach zu hoch? Und vor allem: hat dieser Wein Alterungspotential?<\/p>\n<p>&#8211; Chasse-Spleen 2010: Ich gestehe, in diesem Jahr gef\u00e4llt mir Chasse-Spleen besser als der Poujeaux (beide Appellation Moulis). Das kam in den vergangenen 10 Jahren nie mehr vor. Attraktive Noten von schwarzen Kirschen, etwas Lakritze und Zedernholz; am Gaumen griffige Tannine, voller K\u00f6rper, sch\u00f6nes Finale. Bestimmt das gr\u00f6ssere Lagerungspotential als Poujeaux.<\/p>\n<p>&#8211; Cantemerle 2010: Unharmonisch schon in der Nase mit leicht korkigen T\u00f6nen, irritierend, sicher zugenagelt und in diesem Zustand schwierig zu beurteilen. Schlummern lassen und in 10 Jahren mal versuchen wachzuk\u00fcssen.<\/p>\n<p><a href=\"http:\/\/www.meinweinkeller.ch\/weinclub\/wp-content\/uploads\/2014\/06\/Bordeaux10.jpg\"><img loading=\"lazy\" decoding=\"async\" class=\"alignnone size-medium wp-image-2219\" src=\"http:\/\/www.meinweinkeller.ch\/weinclub\/wp-content\/uploads\/2014\/06\/Bordeaux10-300x212.jpg\" alt=\"Bordeaux10\" width=\"300\" height=\"212\" srcset=\"https:\/\/www.meinweinkeller.ch\/weinclub\/wp-content\/uploads\/2014\/06\/Bordeaux10-300x212.jpg 300w, https:\/\/www.meinweinkeller.ch\/weinclub\/wp-content\/uploads\/2014\/06\/Bordeaux10-1024x725.jpg 1024w, https:\/\/www.meinweinkeller.ch\/weinclub\/wp-content\/uploads\/2014\/06\/Bordeaux10-423x300.jpg 423w\" sizes=\"auto, (max-width: 300px) 100vw, 300px\" \/><\/a><\/p>\n<p>&nbsp;<\/p>\n<p>&nbsp;<\/p>\n","protected":false},"excerpt":{"rendered":"<p>Hm &#8211; ist 2010 wirklich sooo gross wie \u00fcberall geschrieben? Oder pr\u00e4sentieren sich die Weine momentan in einer Verschlussphase? In einem Monat testen wir nochmals einige 2010er &#8211; an diesem Abend blieb ein kritisches Gef\u00fchl bez\u00fcglich Alterungspotential. Erinnerungen an 1975 &hellip; <a href=\"https:\/\/www.meinweinkeller.ch\/weinclub\/donnerstag-degustationen\/degustation-vom-5-juni-2014-bordeaux-2010-teil-1\/\">Weiterlesen <span class=\"meta-nav\">&rarr;<\/span><\/a><\/p>\n","protected":false},"author":1,"featured_media":0,"comment_status":"closed","ping_status":"closed","sticky":false,"template":"","format":"standard","meta":{"footnotes":""},"categories":[4],"tags":[],"class_list":["post-2213","post","type-post","status-publish","format-standard","hentry","category-donnerstag-degustationen"],"_links":{"self":[{"href":"https:\/\/www.meinweinkeller.ch\/weinclub\/wp-json\/wp\/v2\/posts\/2213","targetHints":{"allow":["GET"]}}],"collection":[{"href":"https:\/\/www.meinweinkeller.ch\/weinclub\/wp-json\/wp\/v2\/posts"}],"about":[{"href":"https:\/\/www.meinweinkeller.ch\/weinclub\/wp-json\/wp\/v2\/types\/post"}],"author":[{"embeddable":true,"href":"https:\/\/www.meinweinkeller.ch\/weinclub\/wp-json\/wp\/v2\/users\/1"}],"replies":[{"embeddable":true,"href":"https:\/\/www.meinweinkeller.ch\/weinclub\/wp-json\/wp\/v2\/comments?post=2213"}],"version-history":[{"count":4,"href":"https:\/\/www.meinweinkeller.ch\/weinclub\/wp-json\/wp\/v2\/posts\/2213\/revisions"}],"predecessor-version":[{"id":2220,"href":"https:\/\/www.meinweinkeller.ch\/weinclub\/wp-json\/wp\/v2\/posts\/2213\/revisions\/2220"}],"wp:attachment":[{"href":"https:\/\/www.meinweinkeller.ch\/weinclub\/wp-json\/wp\/v2\/media?parent=2213"}],"wp:term":[{"taxonomy":"category","embeddable":true,"href":"https:\/\/www.meinweinkeller.ch\/weinclub\/wp-json\/wp\/v2\/categories?post=2213"},{"taxonomy":"post_tag","embeddable":true,"href":"https:\/\/www.meinweinkeller.ch\/weinclub\/wp-json\/wp\/v2\/tags?post=2213"}],"curies":[{"name":"wp","href":"https:\/\/api.w.org\/{rel}","templated":true}]}}