{"id":219,"date":"2009-05-02T07:41:45","date_gmt":"2009-05-02T05:41:45","guid":{"rendered":"http:\/\/www.meinweinkeller.ch\/weinclub\/uncategorized\/vorschau-auf-die-do-degu-vom-7-mai-2009-schweizer-pinots-im-glasertest\/"},"modified":"2009-05-02T07:41:45","modified_gmt":"2009-05-02T05:41:45","slug":"vorschau-auf-die-do-degu-vom-7-mai-2009-schweizer-pinots-im-glasertest","status":"publish","type":"post","link":"https:\/\/www.meinweinkeller.ch\/weinclub\/donnerstag-degustationen\/vorschau-auf-die-do-degu-vom-7-mai-2009-schweizer-pinots-im-glasertest\/","title":{"rendered":"Vorschau auf die Do-Degu vom 7. Mai 2009: Schweizer Pinots im Gl\u00e4sertest!"},"content":{"rendered":"<p>Wir vergleichen feine B\u00fcndner Herrsch\u00e4ftler mit einer Neuentdeckung aus unserer Region  und wollen beweisen, wie wichtig das richtige Glas vor allem bei Pinots ist!<\/p>\n<p>Herzlich laden ein: Otti und Marc.<\/p>\n","protected":false},"excerpt":{"rendered":"<p>Wir vergleichen feine B\u00fcndner Herrsch\u00e4ftler mit einer Neuentdeckung aus unserer Region und wollen beweisen, wie wichtig das richtige Glas vor allem bei Pinots ist! Herzlich laden ein: Otti und Marc.<\/p>\n","protected":false},"author":1,"featured_media":0,"comment_status":"open","ping_status":"open","sticky":false,"template":"","format":"standard","meta":{"footnotes":""},"categories":[4],"tags":[19,55,62,64],"class_list":["post-219","post","type-post","status-publish","format-standard","hentry","category-donnerstag-degustationen","tag-degustation","tag-trauben","tag-wein","tag-winterthur"],"_links":{"self":[{"href":"https:\/\/www.meinweinkeller.ch\/weinclub\/wp-json\/wp\/v2\/posts\/219","targetHints":{"allow":["GET"]}}],"collection":[{"href":"https:\/\/www.meinweinkeller.ch\/weinclub\/wp-json\/wp\/v2\/posts"}],"about":[{"href":"https:\/\/www.meinweinkeller.ch\/weinclub\/wp-json\/wp\/v2\/types\/post"}],"author":[{"embeddable":true,"href":"https:\/\/www.meinweinkeller.ch\/weinclub\/wp-json\/wp\/v2\/users\/1"}],"replies":[{"embeddable":true,"href":"https:\/\/www.meinweinkeller.ch\/weinclub\/wp-json\/wp\/v2\/comments?post=219"}],"version-history":[{"count":0,"href":"https:\/\/www.meinweinkeller.ch\/weinclub\/wp-json\/wp\/v2\/posts\/219\/revisions"}],"wp:attachment":[{"href":"https:\/\/www.meinweinkeller.ch\/weinclub\/wp-json\/wp\/v2\/media?parent=219"}],"wp:term":[{"taxonomy":"category","embeddable":true,"href":"https:\/\/www.meinweinkeller.ch\/weinclub\/wp-json\/wp\/v2\/categories?post=219"},{"taxonomy":"post_tag","embeddable":true,"href":"https:\/\/www.meinweinkeller.ch\/weinclub\/wp-json\/wp\/v2\/tags?post=219"}],"curies":[{"name":"wp","href":"https:\/\/api.w.org\/{rel}","templated":true}]}}