{"id":210,"date":"2009-03-14T00:22:31","date_gmt":"2009-03-13T22:22:31","guid":{"rendered":"http:\/\/www.meinweinkeller.ch\/weinclub\/uncategorized\/meinweinkeller-auf-facebook\/"},"modified":"2009-03-14T00:22:31","modified_gmt":"2009-03-13T22:22:31","slug":"meinweinkeller-auf-facebook","status":"publish","type":"post","link":"https:\/\/www.meinweinkeller.ch\/weinclub\/aus-dem-weinkeller\/meinweinkeller-auf-facebook\/","title":{"rendered":"MeinWeinkeller auf Facebook"},"content":{"rendered":"<p><a target=\"_TOP\" title=\"title\" href=\"http:\/\/de-de.facebook.com\/people\/Weinclub-MeinWeinkeller\/1586644961\"><img decoding=\"async\" style=\"border: 0px none ;\" alt=\"Weinclub MeinWeinkellers Facebook-Profil\" src=\"http:\/\/badge.facebook.com\/badge\/1586644961.52.227354614.png\" \/><\/a><!-- Facebook Badge END --><br \/>\n<!--more--><br \/>\nWas bietet Dir MeinWeinkeller auf Facebook Neues:<br \/>Du bist noch n\u00e4her dabei, was im Weinkeller l\u00e4uft: Du siehst zum Einen alle neuen Eintr\u00e4ge \u00fcber die Donnerstagsdegustation und die neuen Events &#8211; ohne das Profil MeinWeinkeller zu besuchen &#8211; das kann ich ja hier &#8211; aber nur auf Facebook erlebst Du den Weinkeller aktuell mit den degustierten Weinen direkt am Donnerstagabend &#8211; dann kannst Du noch schnell in den Weinkeller rennen um einen Schluck zu ergattern \ud83d\ude42<br \/>Zudem kannst Du eigene Degustationen und Bilder ganz einfach den Mitgliedern zeigen.<\/p>\n<p>Ich bin noch nicht bei Facebook und habe Angst ein eigenes Profil zu er\u00f6ffen:<br \/>Dann erstelle ein Profil unter einem Weinnamen &#8211; nur die Mitglieder von MeinWeinkeller und deren Freunde k\u00f6nnen Dich auf Facebook sehen. Du kannst dort alles unsichtbar machen und brauchst keine pers\u00f6nlichen Angaben einzutragen, wenn Du nicht willst. Du brauchst auch keine anderen Facebook Freunde zu akzeptieren, wenn Du anonym bleiben m\u00f6chtest. Du kannst mich Fragen wie man das macht, wenn Du selbst unsicher bist.<\/p>\n<p><\/p>\n","protected":false},"excerpt":{"rendered":"","protected":false},"author":1,"featured_media":0,"comment_status":"open","ping_status":"open","sticky":false,"template":"","format":"standard","meta":{"footnotes":""},"categories":[3],"tags":[20,23,33,62],"class_list":["post-210","post","type-post","status-publish","format-standard","hentry","category-aus-dem-weinkeller","tag-degustationen","tag-facebook","tag-meinweinkeller","tag-wein"],"_links":{"self":[{"href":"https:\/\/www.meinweinkeller.ch\/weinclub\/wp-json\/wp\/v2\/posts\/210","targetHints":{"allow":["GET"]}}],"collection":[{"href":"https:\/\/www.meinweinkeller.ch\/weinclub\/wp-json\/wp\/v2\/posts"}],"about":[{"href":"https:\/\/www.meinweinkeller.ch\/weinclub\/wp-json\/wp\/v2\/types\/post"}],"author":[{"embeddable":true,"href":"https:\/\/www.meinweinkeller.ch\/weinclub\/wp-json\/wp\/v2\/users\/1"}],"replies":[{"embeddable":true,"href":"https:\/\/www.meinweinkeller.ch\/weinclub\/wp-json\/wp\/v2\/comments?post=210"}],"version-history":[{"count":0,"href":"https:\/\/www.meinweinkeller.ch\/weinclub\/wp-json\/wp\/v2\/posts\/210\/revisions"}],"wp:attachment":[{"href":"https:\/\/www.meinweinkeller.ch\/weinclub\/wp-json\/wp\/v2\/media?parent=210"}],"wp:term":[{"taxonomy":"category","embeddable":true,"href":"https:\/\/www.meinweinkeller.ch\/weinclub\/wp-json\/wp\/v2\/categories?post=210"},{"taxonomy":"post_tag","embeddable":true,"href":"https:\/\/www.meinweinkeller.ch\/weinclub\/wp-json\/wp\/v2\/tags?post=210"}],"curies":[{"name":"wp","href":"https:\/\/api.w.org\/{rel}","templated":true}]}}